{"id":12243,"date":"2014-06-25T15:13:10","date_gmt":"2014-06-25T18:13:10","guid":{"rendered":"http:\/\/blog.cancaonova.com\/brasilia\/?p=12243"},"modified":"2014-07-15T09:45:04","modified_gmt":"2014-07-15T12:45:04","slug":"aprofundamento-com-ricardo-sa","status":"publish","type":"post","link":"https:\/\/blog.cancaonova.com\/brasilia\/aprofundamento-com-ricardo-sa\/","title":{"rendered":"Aprofundamento com Ricardo S\u00e1"},"content":{"rendered":"<h2 style=\"text-align: center\">Aprofundamento: &#8220;Ou Santos ou Nada&#8221;<\/h2>\n<p style=\"text-align: center\"><em><strong>\u201cOu santos ou nada!\u00a0<\/strong><\/em><em><strong>Parece algo imposs\u00edvel, mas, ao contr\u00e1rio, no momento em que voc\u00ea permite, a gra\u00e7a acontece.No mundo espiritual \u00e9 f\u00e1cil ser santo. T\u00e3o f\u00e1cil quanto conceber um filho. \u00c9 deixar Deus, pelo Seu Esp\u00edrito, injetar em n\u00f3s Sua santidade. Ou renovamos, sem cessar, os sentimentos da nossa alma e assumimos: \u201cQuero ser santo\u201d, como quem rema contra a correnteza deste mundo corrompido, lutando a cada dia para alcan\u00e7ar a santidade, ou somos levados pela enxurrada desse rio sujo e polu\u00eddo. Precisamos viver \u201cOu santos ou nada\u201d. (Monsenhor Jonas Abib)<\/strong><\/em><\/p>\n<p style=\"text-align: center\"><strong><em>Sem Santidade, ningu\u00e9m ver\u00e1 o Senhor!<\/em><\/strong><\/p>\n<p>Vem a\u00ed um grande encontro que tem como meta incutir no seu cora\u00e7\u00e3o o desejo pela santidade.<\/p>\n<p>&nbsp;<\/p>\n<p style=\"text-align: center\"><iframe loading=\"lazy\" width=\"420\" height=\"315\" src=\"\/\/www.youtube.com\/embed\/oneN41CGFZo\" frameborder=\"0\" allowfullscreen><\/iframe><\/p>\n<p style=\"text-align: center\">\n<p>&#8220;Ou Santos ou Nada&#8221; \u00e9 um aprofundamento para todos. Com a presen\u00e7a de Ricardo S\u00e1 e Pe. Marlon M\u00facio, queremos que voc\u00ea seja contagiado pelo desejo de santidade.<\/p>\n<p>&nbsp;<\/p>\n<div id=\"attachment_12244\" style=\"width: 322px\" class=\"wp-caption aligncenter\"><a href=\"http:\/\/blog.cancaonova.com\/brasilia\/files\/2014\/06\/aprofundamentoagostoOK-1.jpg\"><img loading=\"lazy\" decoding=\"async\" aria-describedby=\"caption-attachment-12244\" class=\"wp-image-12244\" src=\"http:\/\/blog.cancaonova.com\/brasilia\/files\/2014\/06\/aprofundamentoagostoOK-1.jpg\" alt=\"\" width=\"312\" height=\"356\" \/><\/a><p id=\"caption-attachment-12244\" class=\"wp-caption-text\">(Clique na imagem para v\u00ea-la completa)<\/p><\/div>\n<p>&nbsp;<\/p>\n<p>Participe conosco.<\/p>\n<p>Dias 02-03 de agosto no Col\u00e9gio Nossa Senhora de F\u00e1tima, SGAS 906. Bras\u00edlia-DF.<\/p>\n<p><em><strong>Inf.: (61)3252-7050 ou eventosdf@cancaonova.com<\/strong><\/em><\/p>\n<p>&nbsp;<\/p>\n<p>&nbsp;<\/p>\n<h4><strong>Can\u00e7\u00e3o Nova Bras\u00edlia<\/strong><\/h4>\n<p>&nbsp;<\/p>\n<p>&nbsp;<\/p>\n","protected":false},"excerpt":{"rendered":"<p>Aprofundamento: &#8220;Ou Santos ou Nada&#8221; \u201cOu santos ou nada!\u00a0Parece algo imposs\u00edvel, mas, ao contr\u00e1rio, no momento em que voc\u00ea permite, a gra\u00e7a acontece.No mundo espiritual \u00e9 f\u00e1cil ser santo. T\u00e3o f\u00e1cil quanto conceber um filho. \u00c9 deixar Deus, pelo Seu&#8230;<\/p>\n","protected":false},"author":1361,"featured_media":0,"comment_status":"open","ping_status":"closed","sticky":false,"template":"","format":"standard","meta":{"_mi_skip_tracking":false,"_monsterinsights_sitenote_active":false,"_monsterinsights_sitenote_note":"","_monsterinsights_sitenote_category":0,"footnotes":""},"categories":[10341,20896],"tags":[2691,17409,3251,34065,10361,7931],"_links":{"self":[{"href":"https:\/\/blog.cancaonova.com\/brasilia\/wp-json\/wp\/v2\/posts\/12243"}],"collection":[{"href":"https:\/\/blog.cancaonova.com\/brasilia\/wp-json\/wp\/v2\/posts"}],"about":[{"href":"https:\/\/blog.cancaonova.com\/brasilia\/wp-json\/wp\/v2\/types\/post"}],"author":[{"embeddable":true,"href":"https:\/\/blog.cancaonova.com\/brasilia\/wp-json\/wp\/v2\/users\/1361"}],"replies":[{"embeddable":true,"href":"https:\/\/blog.cancaonova.com\/brasilia\/wp-json\/wp\/v2\/comments?post=12243"}],"version-history":[{"count":4,"href":"https:\/\/blog.cancaonova.com\/brasilia\/wp-json\/wp\/v2\/posts\/12243\/revisions"}],"predecessor-version":[{"id":12253,"href":"https:\/\/blog.cancaonova.com\/brasilia\/wp-json\/wp\/v2\/posts\/12243\/revisions\/12253"}],"wp:attachment":[{"href":"https:\/\/blog.cancaonova.com\/brasilia\/wp-json\/wp\/v2\/media?parent=12243"}],"wp:term":[{"taxonomy":"category","embeddable":true,"href":"https:\/\/blog.cancaonova.com\/brasilia\/wp-json\/wp\/v2\/categories?post=12243"},{"taxonomy":"post_tag","embeddable":true,"href":"https:\/\/blog.cancaonova.com\/brasilia\/wp-json\/wp\/v2\/tags?post=12243"}],"curies":[{"name":"wp","href":"https:\/\/api.w.org\/{rel}","templated":true}]}}