{"id":12254,"date":"2014-07-15T10:36:01","date_gmt":"2014-07-15T13:36:01","guid":{"rendered":"http:\/\/blog.cancaonova.com\/brasilia\/?p=12254"},"modified":"2014-07-15T10:36:01","modified_gmt":"2014-07-15T13:36:01","slug":"aprofundamento-e-tarde-de-autografos","status":"publish","type":"post","link":"https:\/\/blog.cancaonova.com\/brasilia\/aprofundamento-e-tarde-de-autografos\/","title":{"rendered":"Aprofundamento e Tarde de Aut\u00f3grafos"},"content":{"rendered":"<h2 style=\"text-align: center\">Eventos Can\u00e7\u00e3o Nova<\/h2>\n<h5 style=\"color: #000000;text-align: center\"><em><strong>\u201cOu santos ou nada!\u00a0<\/strong><\/em><em><strong>Parece algo imposs\u00edvel, mas, ao contr\u00e1rio, no momento em que voc\u00ea permite, a gra\u00e7a acontece.No mundo espiritual \u00e9 f\u00e1cil ser santo. T\u00e3o f\u00e1cil quanto conceber um filho. \u00c9 deixar Deus, pelo Seu Esp\u00edrito, injetar em n\u00f3s Sua santidade. Ou renovamos, sem cessar, os sentimentos da nossa alma e assumimos: \u201cQuero ser santo\u201d, como quem rema contra a correnteza deste mundo corrompido, lutando a cada dia para alcan\u00e7ar a santidade, ou somos levados pela enxurrada desse rio sujo e polu\u00eddo. Precisamos viver \u201cOu santos ou nada\u201d. (Monsenhor Jonas Abib)<\/strong><\/em><\/h5>\n<h5 style=\"color: #000000;text-align: center\"><strong><em>Sem Santidade, ningu\u00e9m ver\u00e1 o Senhor!<\/em><\/strong><\/h5>\n<\/p>\n<p style=\"color: #000000;padding-left: 30px\">No m\u00eas de agosto, bem no comecinho do m\u00eas, dois momentos especiais para voc\u00ea estar conosco.<\/p>\n<p style=\"color: #000000;padding-left: 30px\">Aprofundamento &#8220;Ou Santos ou Nada com Pe. Marlon M\u00facio e Ricardo S\u00e1. Nos dias 02-03 de agosto. Um aprofundamento onde\u00a0queremos que voc\u00ea seja contagiado pelo desejo de santidade. Um aprofundamento aberto a todos que trazem em si a vontade de ser SANTO.<\/p>\n<div id=\"attachment_12244\" style=\"width: 323px\" class=\"wp-caption aligncenter\"><a href=\"http:\/\/blog.cancaonova.com\/brasilia\/files\/2014\/06\/aprofundamentoagostoOK-1.jpg\" target=\"_blank\"><img loading=\"lazy\" decoding=\"async\" aria-describedby=\"caption-attachment-12244\" class=\"wp-image-12244\" src=\"http:\/\/blog.cancaonova.com\/brasilia\/files\/2014\/06\/aprofundamentoagostoOK-1.jpg\" alt=\"(Clique na imagem para v\u00ea-la completa)\" width=\"313\" height=\"345\" \/><\/a><p id=\"caption-attachment-12244\" class=\"wp-caption-text\">(Clique na imagem para v\u00ea-la completa)<\/p><\/div>\n<p style=\"color: #000000;padding-left: 30px\">E no dia 04 de agosto, Ricardo S\u00e1 estar\u00e1 em nossa Loja Can\u00e7\u00e3o Nova, na W3 Sul em frente ao Santu\u00e1rio Dom Bosco, para um momento de aut\u00f3grafos e partilha da palavra de Deus. Voc\u00ea n\u00e3o vai perder este momento de gra\u00e7a n\u00e3o \u00e9?!<\/p>\n<div id=\"attachment_12255\" style=\"width: 265px\" class=\"wp-caption aligncenter\"><a href=\"http:\/\/blog.cancaonova.com\/brasilia\/files\/2014\/07\/tardeauto.png\" target=\"_blank\"><img loading=\"lazy\" decoding=\"async\" aria-describedby=\"caption-attachment-12255\" class=\"wp-image-12255\" src=\"http:\/\/blog.cancaonova.com\/brasilia\/files\/2014\/07\/tardeauto.png\" alt=\"(Clique na imagem para v\u00ea-la completa)\" width=\"255\" height=\"248\" \/><\/a><p id=\"caption-attachment-12255\" class=\"wp-caption-text\">(Clique na imagem para v\u00ea-la completa)<\/p><\/div>\n<p style=\"padding-left: 30px\">Venha, celebre conosco, e seja tamb\u00e9m agraciado por Deus.<\/p>\n<p style=\"padding-left: 30px\">\n<h5 style=\"padding-left: 30px\"><strong>Can\u00e7\u00e3o Nova Bras\u00edlia.<\/strong><\/h5>\n<h6 style=\"padding-left: 30px\">Apoio:<\/h6>\n<p><a href=\"http:\/\/blog.cancaonova.com\/brasilia\/files\/2014\/07\/Escola-Francisacana-F\u00e1tima.jpg\"><img loading=\"lazy\" decoding=\"async\" class=\"wp-image-12256\" src=\"http:\/\/blog.cancaonova.com\/brasilia\/files\/2014\/07\/Escola-Francisacana-F\u00e1tima.jpg\" alt=\"Escola Francisacana de F\u00e1tima\" width=\"196\" height=\"86\" srcset=\"https:\/\/blog.cancaonova.com\/brasilia\/files\/2014\/07\/Escola-Francisacana-F\u00e1tima.jpg 418w, https:\/\/blog.cancaonova.com\/brasilia\/files\/2014\/07\/Escola-Francisacana-F\u00e1tima-300x131.jpg 300w\" sizes=\"(max-width: 196px) 100vw, 196px\" \/><\/a><\/p>\n","protected":false},"excerpt":{"rendered":"<p>Eventos Can\u00e7\u00e3o Nova \u201cOu santos ou nada!\u00a0Parece algo imposs\u00edvel, mas, ao contr\u00e1rio, no momento em que voc\u00ea permite, a gra\u00e7a acontece.No mundo espiritual \u00e9 f\u00e1cil ser santo. T\u00e3o f\u00e1cil quanto conceber um filho. \u00c9 deixar Deus, pelo Seu Esp\u00edrito, injetar&#8230;<\/p>\n","protected":false},"author":1361,"featured_media":0,"comment_status":"open","ping_status":"closed","sticky":false,"template":"","format":"standard","meta":{"_mi_skip_tracking":false,"_monsterinsights_sitenote_active":false,"_monsterinsights_sitenote_note":"","_monsterinsights_sitenote_category":0,"footnotes":""},"categories":[10341],"tags":[16561,5011,7671,10381,36931,10361,7931,168193],"_links":{"self":[{"href":"https:\/\/blog.cancaonova.com\/brasilia\/wp-json\/wp\/v2\/posts\/12254"}],"collection":[{"href":"https:\/\/blog.cancaonova.com\/brasilia\/wp-json\/wp\/v2\/posts"}],"about":[{"href":"https:\/\/blog.cancaonova.com\/brasilia\/wp-json\/wp\/v2\/types\/post"}],"author":[{"embeddable":true,"href":"https:\/\/blog.cancaonova.com\/brasilia\/wp-json\/wp\/v2\/users\/1361"}],"replies":[{"embeddable":true,"href":"https:\/\/blog.cancaonova.com\/brasilia\/wp-json\/wp\/v2\/comments?post=12254"}],"version-history":[{"count":1,"href":"https:\/\/blog.cancaonova.com\/brasilia\/wp-json\/wp\/v2\/posts\/12254\/revisions"}],"predecessor-version":[{"id":12257,"href":"https:\/\/blog.cancaonova.com\/brasilia\/wp-json\/wp\/v2\/posts\/12254\/revisions\/12257"}],"wp:attachment":[{"href":"https:\/\/blog.cancaonova.com\/brasilia\/wp-json\/wp\/v2\/media?parent=12254"}],"wp:term":[{"taxonomy":"category","embeddable":true,"href":"https:\/\/blog.cancaonova.com\/brasilia\/wp-json\/wp\/v2\/categories?post=12254"},{"taxonomy":"post_tag","embeddable":true,"href":"https:\/\/blog.cancaonova.com\/brasilia\/wp-json\/wp\/v2\/tags?post=12254"}],"curies":[{"name":"wp","href":"https:\/\/api.w.org\/{rel}","templated":true}]}}