{"id":12271,"date":"2014-08-06T12:18:51","date_gmt":"2014-08-06T15:18:51","guid":{"rendered":"http:\/\/blog.cancaonova.com\/brasilia\/?p=12271"},"modified":"2014-08-06T14:40:32","modified_gmt":"2014-08-06T17:40:32","slug":"agenda-mes-de-agosto","status":"publish","type":"post","link":"https:\/\/blog.cancaonova.com\/brasilia\/agenda-mes-de-agosto\/","title":{"rendered":"Agenda: M\u00eas de Agosto"},"content":{"rendered":"<h2 style=\"text-align: center\">Eventos do\u00a0M\u00eas de Agosto<\/h2>\n<p>Entramos no m\u00eas de agosto e com eles v\u00e1rias atividades para voc\u00ea que \u00e9 parte desta familia.<\/p>\n<p><strong>S\u00e1bado dia 09 de Agosto<\/strong>, na <strong><em>Loja Can\u00e7\u00e3o Nova do Plano Piloto(em frente ao Santu\u00e1rio Dom Bosco)<\/em><\/strong>, teremos as <span style=\"text-decoration: underline\"><strong>1000\u00a0Ave-Marias<\/strong><\/span>, a partir das\u00a0<strong>8h30<\/strong>. Voc\u00ea \u00e9 convidado a participar conosco deste momento especial de ora\u00e7\u00e3o \u00e0 Virgem Maria.<\/p>\n<div id=\"attachment_12272\" style=\"width: 311px\" class=\"wp-caption aligncenter\"><a href=\"http:\/\/blog.cancaonova.com\/brasilia\/files\/2014\/08\/milaveagosto.png\"><img loading=\"lazy\" decoding=\"async\" aria-describedby=\"caption-attachment-12272\" class=\"wp-image-12272\" src=\"http:\/\/blog.cancaonova.com\/brasilia\/files\/2014\/08\/milaveagosto.png\" alt=\"milaveagosto\" width=\"301\" height=\"152\" srcset=\"https:\/\/blog.cancaonova.com\/brasilia\/files\/2014\/08\/milaveagosto-600x300.png 600w, https:\/\/blog.cancaonova.com\/brasilia\/files\/2014\/08\/milaveagosto-300x150.png 300w, https:\/\/blog.cancaonova.com\/brasilia\/files\/2014\/08\/milaveagosto-150x75.png 150w\" sizes=\"(max-width: 301px) 100vw, 301px\" \/><\/a><p id=\"caption-attachment-12272\" class=\"wp-caption-text\">1000 Ave-Marias<\/p><\/div>\n<p><strong>Dia 21 de Agosto a nossa Missa do Clube da Evangeliza\u00e7\u00e3o<\/strong>, no <em><strong>Santu\u00e1rio S\u00e3o Francisco de Assis, na Asa Norte <\/strong><\/em><strong>(915Norte)<\/strong>. Uma missa para voc\u00ea que \u00e9 s\u00f3cio da Can\u00e7\u00e3o Nova e que nos ap\u00f3ia nesta miss\u00e3o de Evangelizar. Este m\u00eas teremos a presen\u00e7a do <span style=\"text-decoration: underline\"><strong>Padre Vanilson<\/strong><\/span> que celebrar\u00e1 para n\u00f3s. Venha e traga a sua familia e amigos.<\/p>\n<div id=\"attachment_12273\" style=\"width: 352px\" class=\"wp-caption aligncenter\"><a href=\"http:\/\/blog.cancaonova.com\/brasilia\/files\/2014\/08\/missaclubeagosto.png\"><img loading=\"lazy\" decoding=\"async\" aria-describedby=\"caption-attachment-12273\" class=\"wp-image-12273\" src=\"http:\/\/blog.cancaonova.com\/brasilia\/files\/2014\/08\/missaclubeagosto.png\" alt=\"missaclubeagosto\" width=\"342\" height=\"187\" \/><\/a><p id=\"caption-attachment-12273\" class=\"wp-caption-text\">Missa do Clube<\/p><\/div>\n<p>E no <strong>dia 30 de Agosto<\/strong> uma <em><span style=\"text-decoration: underline\"><strong>&#8220;Tarde Sarada&#8221;, na Capela de Todos os Santos, na QNN 27 Area Especial &#8211; \u00a0Ceil\u00e2ndia.<\/strong> <\/span><\/em>Uma tarde de louvor e ora\u00e7\u00e3o com a presen\u00e7a de <span style=\"text-decoration: underline\"><strong>Padre Edmilson da Comunidade Can\u00e7\u00e3o Nova<\/strong><\/span>. Voc\u00ea Jovem em especial n\u00e3o pode ficar de fora. <strong><em>Para participar voc\u00ea precisa CONFIRMAR presen\u00e7a neste<\/em> <em><span style=\"text-decoration: underline\">LINK.<\/span><\/em><\/strong><\/p>\n<div id=\"attachment_12275\" style=\"width: 345px\" class=\"wp-caption aligncenter\"><a href=\"http:\/\/blog.cancaonova.com\/brasilia\/files\/2014\/08\/JOVENSCARTAZok2.png\"><img loading=\"lazy\" decoding=\"async\" aria-describedby=\"caption-attachment-12275\" class=\" wp-image-12275\" src=\"http:\/\/blog.cancaonova.com\/brasilia\/files\/2014\/08\/JOVENSCARTAZok2.png\" alt=\"&quot;Tarde Sarada&quot;\" width=\"335\" height=\"181\" \/><\/a><p id=\"caption-attachment-12275\" class=\"wp-caption-text\">&#8220;Tarde Sarada&#8221;<\/p><\/div>\n<p style=\"text-align: center\">N\u00e3o fique de fora destas atividades, participe, divulgue. Estamos esperando por voc\u00eas&#8230;<\/p>\n<div id=\"attachment_12274\" style=\"width: 251px\" class=\"wp-caption aligncenter\"><a href=\"http:\/\/blog.cancaonova.com\/brasilia\/files\/2014\/08\/png\"><img loading=\"lazy\" decoding=\"async\" aria-describedby=\"caption-attachment-12274\" class=\"wp-image-12274\" src=\"http:\/\/blog.cancaonova.com\/brasilia\/files\/2014\/08\/png\" alt=\"\" width=\"241\" height=\"243\" \/><\/a><p id=\"caption-attachment-12274\" class=\"wp-caption-text\">Agenda do Segundo Semestre (sujeito \u00e0 altera\u00e7\u00f5es)<\/p><\/div>\n<p style=\"text-align: center\">\n<p><em><strong>Can\u00e7\u00e3o Nova Brasilia<\/strong><\/em><\/p>\n<p>&nbsp;<\/p>\n<p>&nbsp;<\/p>\n","protected":false},"excerpt":{"rendered":"<p>Eventos do\u00a0M\u00eas de Agosto Entramos no m\u00eas de agosto e com eles v\u00e1rias atividades para voc\u00ea que \u00e9 parte desta familia. S\u00e1bado dia 09 de Agosto, na Loja Can\u00e7\u00e3o Nova do Plano Piloto(em frente ao Santu\u00e1rio Dom Bosco), teremos as&#8230;<\/p>\n","protected":false},"author":1361,"featured_media":12276,"comment_status":"open","ping_status":"closed","sticky":false,"template":"","format":"standard","meta":{"_mi_skip_tracking":false,"_monsterinsights_sitenote_active":false,"_monsterinsights_sitenote_note":"","_monsterinsights_sitenote_category":0,"footnotes":""},"categories":[10341,20896],"tags":[16835,66184,15733,10381,23694,951,21242,168181],"_links":{"self":[{"href":"https:\/\/blog.cancaonova.com\/brasilia\/wp-json\/wp\/v2\/posts\/12271"}],"collection":[{"href":"https:\/\/blog.cancaonova.com\/brasilia\/wp-json\/wp\/v2\/posts"}],"about":[{"href":"https:\/\/blog.cancaonova.com\/brasilia\/wp-json\/wp\/v2\/types\/post"}],"author":[{"embeddable":true,"href":"https:\/\/blog.cancaonova.com\/brasilia\/wp-json\/wp\/v2\/users\/1361"}],"replies":[{"embeddable":true,"href":"https:\/\/blog.cancaonova.com\/brasilia\/wp-json\/wp\/v2\/comments?post=12271"}],"version-history":[{"count":3,"href":"https:\/\/blog.cancaonova.com\/brasilia\/wp-json\/wp\/v2\/posts\/12271\/revisions"}],"predecessor-version":[{"id":12287,"href":"https:\/\/blog.cancaonova.com\/brasilia\/wp-json\/wp\/v2\/posts\/12271\/revisions\/12287"}],"wp:featuredmedia":[{"embeddable":true,"href":"https:\/\/blog.cancaonova.com\/brasilia\/wp-json\/wp\/v2\/media\/12276"}],"wp:attachment":[{"href":"https:\/\/blog.cancaonova.com\/brasilia\/wp-json\/wp\/v2\/media?parent=12271"}],"wp:term":[{"taxonomy":"category","embeddable":true,"href":"https:\/\/blog.cancaonova.com\/brasilia\/wp-json\/wp\/v2\/categories?post=12271"},{"taxonomy":"post_tag","embeddable":true,"href":"https:\/\/blog.cancaonova.com\/brasilia\/wp-json\/wp\/v2\/tags?post=12271"}],"curies":[{"name":"wp","href":"https:\/\/api.w.org\/{rel}","templated":true}]}}