{"id":12278,"date":"2014-08-06T16:00:03","date_gmt":"2014-08-06T19:00:03","guid":{"rendered":"http:\/\/blog.cancaonova.com\/brasilia\/?p=12278"},"modified":"2014-08-06T14:13:49","modified_gmt":"2014-08-06T17:13:49","slug":"mes-vocacional","status":"publish","type":"post","link":"https:\/\/blog.cancaonova.com\/brasilia\/mes-vocacional\/","title":{"rendered":"M\u00eas Vocacional"},"content":{"rendered":"<h1 style=\"text-align: center\">Voca\u00e7\u00e3o Sacerdotal<\/h1>\n<p>&nbsp;<\/p>\n<p><strong>O m\u00eas de agosto \u00e9 dedicado \u00e0 reflex\u00e3o sobre as voca\u00e7\u00f5es em geral<\/strong>. Normalmente a pr\u00f3pria liturgia da Palavra de cada dia, em especial a dos domingos, <strong>d\u00e1 o tema principal da reflex\u00e3o e medita\u00e7\u00e3o trazida para alimento do povo de Deus.<\/strong><\/p>\n<p style=\"text-align: center\">\n<p style=\"text-align: justify\">Na Primeira semana rezamos para as voca\u00e7\u00f5es Sacerdotais, iniciando no 1\u00ba Domingo de Agosto.\u00a0Atualmente tamb\u00e9m se comemora as\u00a0<a title=\"Voca\u00e7\u00f5es diaconais (p\u00e1gina inexistente)\" href=\"http:\/\/wiki.cancaonova.com\/index.php?title=Voca%C3%A7%C3%B5es_diaconais&amp;action=edit&amp;redlink=1\">voca\u00e7\u00f5es diaconais<\/a>, ou melhor dizendo: dia\/semana das\u00a0<a title=\"Voca\u00e7\u00f5es aos minist\u00e9rios ordenados (p\u00e1gina inexistente)\" href=\"http:\/\/wiki.cancaonova.com\/index.php?title=Voca%C3%A7%C3%B5es_aos_minist%C3%A9rios_ordenados&amp;action=edit&amp;redlink=1\">voca\u00e7\u00f5es aos minist\u00e9rios ordenados<\/a>. Essa comemora\u00e7\u00e3o se deve ao fato de no dia 4 de agosto celebrarmos o dia de\u00a0<a title=\"S\u00e3o Jo\u00e3o Maria Vianney\" href=\"http:\/\/wiki.cancaonova.com\/index.php\/S%C3%A3o_Jo%C3%A3o_Maria_Vianney\">S\u00e3o Jo\u00e3o Maria Vianney<\/a>, o Cura D\u2019Ars, patrono dos padres; e, no dia 10 de agosto, o dia de\u00a0<a title=\"S\u00e3o Louren\u00e7o (p\u00e1gina inexistente)\" href=\"http:\/\/wiki.cancaonova.com\/index.php?title=S%C3%A3o_Louren%C3%A7o&amp;action=edit&amp;redlink=1\">S\u00e3o Louren\u00e7o<\/a>, patrono dos di\u00e1conos.<\/p>\n<p style=\"text-align: justify\">Para uma maior explica\u00e7\u00e3o e tamb\u00e9m prepara\u00e7\u00e3o os seminaristas e sacerdotes da Can\u00e7\u00e3o Nova prepararam esta pequena explica\u00e7\u00e3o sobre Voca\u00e7\u00e3o e voca\u00e7\u00e3o Sacerdotal.<\/p>\n<p style=\"text-align: center\"><iframe loading=\"lazy\" width=\"560\" height=\"315\" src=\"\/\/www.youtube.com\/embed\/DvZiKmtnzTA?rel=0\" frameborder=\"0\" allowfullscreen><\/iframe><\/p>\n<p style=\"text-align: center\">\n<p style=\"text-align: center\">Que o Senhor aben\u00e7oe sua voca\u00e7\u00e3o particular, e que a cada dia fa\u00e7a voc\u00ea frutificar no terreno onde o pr\u00f3prio Deus te plantou.<\/p>\n<p style=\"text-align: center\">\n<h5 style=\"text-align: left\"><strong><em>Can\u00e7\u00e3o Nova Bras\u00edlia<\/em><\/strong><\/h5>\n<p style=\"text-align: justify\">\n","protected":false},"excerpt":{"rendered":"<p>Voca\u00e7\u00e3o Sacerdotal &nbsp; O m\u00eas de agosto \u00e9 dedicado \u00e0 reflex\u00e3o sobre as voca\u00e7\u00f5es em geral. Normalmente a pr\u00f3pria liturgia da Palavra de cada dia, em especial a dos domingos, d\u00e1 o tema principal da reflex\u00e3o e medita\u00e7\u00e3o trazida para&#8230;<\/p>\n","protected":false},"author":1361,"featured_media":12284,"comment_status":"open","ping_status":"closed","sticky":false,"template":"","format":"standard","meta":{"_mi_skip_tracking":false,"_monsterinsights_sitenote_active":false,"_monsterinsights_sitenote_note":"","_monsterinsights_sitenote_category":0,"footnotes":""},"categories":[10341,32],"tags":[18813,18697,19625,12161,141],"_links":{"self":[{"href":"https:\/\/blog.cancaonova.com\/brasilia\/wp-json\/wp\/v2\/posts\/12278"}],"collection":[{"href":"https:\/\/blog.cancaonova.com\/brasilia\/wp-json\/wp\/v2\/posts"}],"about":[{"href":"https:\/\/blog.cancaonova.com\/brasilia\/wp-json\/wp\/v2\/types\/post"}],"author":[{"embeddable":true,"href":"https:\/\/blog.cancaonova.com\/brasilia\/wp-json\/wp\/v2\/users\/1361"}],"replies":[{"embeddable":true,"href":"https:\/\/blog.cancaonova.com\/brasilia\/wp-json\/wp\/v2\/comments?post=12278"}],"version-history":[{"count":6,"href":"https:\/\/blog.cancaonova.com\/brasilia\/wp-json\/wp\/v2\/posts\/12278\/revisions"}],"predecessor-version":[{"id":12285,"href":"https:\/\/blog.cancaonova.com\/brasilia\/wp-json\/wp\/v2\/posts\/12278\/revisions\/12285"}],"wp:featuredmedia":[{"embeddable":true,"href":"https:\/\/blog.cancaonova.com\/brasilia\/wp-json\/wp\/v2\/media\/12284"}],"wp:attachment":[{"href":"https:\/\/blog.cancaonova.com\/brasilia\/wp-json\/wp\/v2\/media?parent=12278"}],"wp:term":[{"taxonomy":"category","embeddable":true,"href":"https:\/\/blog.cancaonova.com\/brasilia\/wp-json\/wp\/v2\/categories?post=12278"},{"taxonomy":"post_tag","embeddable":true,"href":"https:\/\/blog.cancaonova.com\/brasilia\/wp-json\/wp\/v2\/tags?post=12278"}],"curies":[{"name":"wp","href":"https:\/\/api.w.org\/{rel}","templated":true}]}}