{"id":12292,"date":"2014-08-17T08:19:41","date_gmt":"2014-08-17T11:19:41","guid":{"rendered":"http:\/\/blog.cancaonova.com\/brasilia\/?p=12292"},"modified":"2014-08-15T18:30:53","modified_gmt":"2014-08-15T21:30:53","slug":"solenidade-da-assuncao-de-nossa-senhora","status":"publish","type":"post","link":"https:\/\/blog.cancaonova.com\/brasilia\/solenidade-da-assuncao-de-nossa-senhora\/","title":{"rendered":"Solenidade da Assun\u00e7\u00e3o de Nossa Senhora"},"content":{"rendered":"<p style=\"color: #000000;text-align: justify\">Celebramos neste domingo a Solenidade da Assun\u00e7\u00e3o de Nossa Senhora, festa que ao redor do mundo se celebra no dia 15 de Agosto, mas aqui no Brasil para que o povo participe com mais afinco a Igreja a &#8220;move&#8221; para o Domingo mais pr\u00f3ximo.<\/p>\n<p style=\"color: #000000;text-align: justify\">Entenda um pouco do porque Maria \u00e9 &#8216;Assunta&#8217; ao c\u00e9u.<\/p>\n<p style=\"color: #000000;text-align: center\"><strong style=\"font-style: inherit\">Evangelho de Nosso Senhor Jesus Cristo segundo<br \/>\nLucas (Lc 1, 39-56)<\/strong><\/p>\n<p><em>(fonte: <a title=\"Padre Paulo Ricardo\" href=\"https:\/\/padrepauloricardo.org\/\" target=\"_blank\">Blog do Pe. Paulo Ricardo<\/a>)<\/em><\/p>\n<p style=\"color: #000000\">Em 1950, o Papa Pio XII, por meio da constitui\u00e7\u00e3o apost\u00f3lica Munificentissimus Deus, definiu \u201cser dogma divinamente revelado que a imaculada M\u00e3e de Deus, a sempre virgem Maria, terminado o curso da vida terrestre, foi assunta em corpo e alma \u00e0 gl\u00f3ria celestial\u201d [1]. Ou seja, Deus, em sua bondade, disp\u00f4s que o corpo de Maria, que carregou em seu ventre o pr\u00f3prio Verbo humanado, fosse poupado da corrup\u00e7\u00e3o do t\u00famulo. Por mais que se usem argumentos para explicar logicamente esse mist\u00e9rio, a Assun\u00e7\u00e3o de Maria \u00e9 um ato gratuito e livre de amor do Todo-Poderoso, que quis elevar a bem-aventurada Virgem Maria primeiro \u00e0 gl\u00f3ria do C\u00e9u.<\/p>\n<p style=\"color: #000000\">O argumento mais convincente para a eleva\u00e7\u00e3o de Nossa Senhora \u00e9 o da aus\u00eancia. N\u00e3o existe nenhum lugar onde se possa dizer que o seu corpo esteja enterrado. Como \u00e9 poss\u00edvel que os primeiros crist\u00e3os, que conservavam os sepulcros dos grandes santos e padres da Igreja primitiva, n\u00e3o tenham guardado o t\u00famulo da m\u00e3e de Cristo? De fato, existe um t\u00famulo no Gets\u00eamani, mas ele frequentemente \u00e9 referido como um \u201ct\u00famulo vazio\u201d, pois os fi\u00e9is cat\u00f3licos, desde o come\u00e7o, creem que Maria est\u00e1 ressuscitada na gl\u00f3ria dos c\u00e9us.<\/p>\n<p style=\"color: #000000\"><a href=\"http:\/\/blog.cancaonova.com\/brasilia\/files\/2014\/08\/garib5.jpg\"><img loading=\"lazy\" decoding=\"async\" class=\"aligncenter  wp-image-12293\" src=\"http:\/\/blog.cancaonova.com\/brasilia\/files\/2014\/08\/garib5.jpg\" alt=\"garib5\" width=\"275\" height=\"278\" srcset=\"https:\/\/blog.cancaonova.com\/brasilia\/files\/2014\/08\/garib5.jpg 396w, https:\/\/blog.cancaonova.com\/brasilia\/files\/2014\/08\/garib5-297x300.jpg 297w\" sizes=\"(max-width: 275px) 100vw, 275px\" \/><\/a><\/p>\n<p style=\"color: #000000\">\u00c9 interessante que, no mosaico da abside da Bas\u00edlica de Santa Maria em Trastevere, em Roma, Nossa Senhora n\u00e3o s\u00f3 est\u00e1 \u00e0 direita de Nosso Senhor \u2013 como indicam as palavras do salmista: \u201c\u00c0 vossa direita se encontra a rainha com veste esplendente de ouro de Ofir\u201d [2] \u2013, mas os dois se encontram sentados no mesmo trono. Jesus tem seu bra\u00e7o direito envolvendo Sua m\u00e3e e ela, que tem em uma m\u00e3o um manuscrito do C\u00e2ntico dos C\u00e2nticos, mant\u00e9m os seus dedos apontados para Jesus \u2013 a Rainha que aponta para o Rei. \u00c9 uma imagem do que acontece nas bodas de Can\u00e1, quando ela diz: \u201cFazei tudo o que ele vos disser\u201d [3], e do que rezamos na Salve Rainha:<em style=\"font-weight: inherit\">\u00a0Et Iesum, benedictum fructum ventris tui, nobis post hoc exsilium ostende<\/em>. Depois deste desterro, ela realmente nos mostra Jesus.<\/p>\n<p style=\"color: #000000\">Essa figura de Jesus e Maria sentados no mesmo trono est\u00e1 profundamente enraizada na teologia b\u00edblica. No livro\u00a0<em style=\"font-weight: inherit\">Queen Mother: A Biblical Theology of Mary\u2019s Queenship<\/em>\u00a0[\u201cRainha M\u00e3e: Uma Teologia B\u00edblica da Realeza de Maria\u201d][4], Edward Sri explica como, no reino de Jud\u00e1, o rei sempre reinava juntamente com sua m\u00e3e. Assim, por exemplo, Salom\u00e3o, ao ser entronizado como rei, colocou sua m\u00e3e, Betsab\u00e9ia, \u00e0 sua direita: \u201cBetsab\u00e9ia foi at\u00e9 o rei Salom\u00e3o para falar a respeito de Adonias. O rei levantou-se e veio a seu encontro, prostrou-se diante dela e, depois, sentou-se no trono. Puseram tamb\u00e9m um trono para a m\u00e3e do rei, a qual sentou-se \u00e0 sua direita\u201d [5]. Essa cerim\u00f4nia do Antigo Testamento nada mais \u00e9 que prefigura\u00e7\u00e3o do reinado de Cristo e de Sua m\u00e3e, Maria Sant\u00edssima, para quem tamb\u00e9m foi colocado um trono no C\u00e9u. Apenas S\u00e3o Gabriel Arcanjo diz a Maria que \u201co Senhor Deus lhe dar\u00e1 [a Jesus] o trono de Davi, seu pai\u201d [6], ela tomou consci\u00eancia de que seria rainha.<\/p>\n<p style=\"color: #000000\">Santo Afonso Maria de Lig\u00f3rio ensina, citando S\u00e3o Pedro Dami\u00e3o, que o mist\u00e9rio da subida de Maria aos c\u00e9us foi mais solene do que a ascens\u00e3o de Jesus, \u201cporque s\u00f3 os anjos sa\u00edram ao encontro de Jesus Cristo, mas Nossa Senhora foi assunta ao c\u00e9u na presen\u00e7a do Senhor da gl\u00f3ria e de toda a sociedade bem-aventurada dos anjos e dos santos\u201d [7]. A Igreja recorda a realeza de Maria na Liturgia, quando l\u00ea a passagem do Apocalipse de S\u00e3o Jo\u00e3o que fala de \u201cuma Mulher vestida de sol, tendo a lua debaixo dos p\u00e9s e sobre a cabe\u00e7a uma coroa de doze estrelas (&#8230;). E ela deu \u00e0 luz um filho homem, que veio para governar todas as na\u00e7\u00f5es com cetro de ferro\u201d [8].<\/p>\n<p style=\"color: #000000\">Quando celebramos o mist\u00e9rio da Assun\u00e7\u00e3o, n\u00e3o estamos simplesmente lembrando a eleva\u00e7\u00e3o de Nossa Senhora, como tamb\u00e9m o mist\u00e9rio de Sua presen\u00e7a. Em uma introdu\u00e7\u00e3o \u00e0 enc\u00edclica Redemptoris Mater, de S\u00e3o Jo\u00e3o Paulo II, o cardeal Joseph Ratzinger, comentando o m\u00e9todo usado pelo Papa para escrever esse documento, diz que ele nos apresenta uma \u201cmariologia hist\u00f3rico-din\u00e2mica\u201d. Ou seja, ao inv\u00e9s de seguir a esteira da mariologia do s\u00e9culo XIX e in\u00edcio do XX, a enc\u00edclica prefere apresentar os mist\u00e9rios, n\u00e3o como realidades est\u00e1ticas, mas como um dom que nos alcan\u00e7a:<\/p>\n<blockquote style=\"color: #000000\"><p>\u201cMaria n\u00e3o habita apenas no passado ou em altas esferas do c\u00e9u sob a imediata a\u00e7\u00e3o divina; ela permanece presente neste momento hist\u00f3rico real; ela \u00e9 uma pessoa agindo aqui e agora. Sua vida n\u00e3o \u00e9 apenas uma realidade que est\u00e1 atr\u00e1s de n\u00f3s, ou acima de n\u00f3s; mas ela vai \u00e0 nossa frente, como o Papa faz quest\u00e3o de enfatizar\u201d [9].<\/p><\/blockquote>\n<p style=\"color: #000000\">De fato, fazendo men\u00e7\u00e3o do ensinamento do Conc\u00edlio Vaticano II [10], o Papa recorda que:<\/p>\n<blockquote style=\"color: #000000\"><p>\u201cMaria contribui de maneira especial para a uni\u00e3o da Igreja peregrina na terra com a realidade escatol\u00f3gica e celeste da comunh\u00e3o dos santos, tendo j\u00e1 sido \u2018elevada ao C\u00e9u\u2019. (&#8230;) No mist\u00e9rio da Assun\u00e7\u00e3o exprime-se a f\u00e9 da Igreja, segundo a qual Maria est\u00e1 \u2018unida por um v\u00ednculo estreito e indissol\u00favel a Cristo\u2019, pois, se j\u00e1 como m\u00e3e-virgem estava a Ele unida singularmente na sua primeira vinda, pela sua cont\u00ednua coopera\u00e7\u00e3o com Ele o estar\u00e1 tamb\u00e9m na expectativa da segunda: \u2018Remida dum modo mais sublime, em aten\u00e7\u00e3o aos m\u00e9ritos de seu Filho\u2019, ela tem tamb\u00e9m aquele papel, pr\u00f3prio da M\u00e3e, de medianeira de clem\u00eancia, na vinda definitiva, quando todos os que s\u00e3o de Cristo forem vivificados e quando \u2018o \u00faltimo inimigo a ser destru\u00eddo ser\u00e1 a morte\u2019 (1 Cor 15, 26).\u201d [11]<\/p><\/blockquote>\n<p style=\"color: #000000\">\u00c9 como \u201cmedianeira de clem\u00eancia\u201d que os crist\u00e3os invocam a Virgem Sant\u00edssima na ora\u00e7\u00e3o da Salve Rainha: depois de manifestar a nossa condi\u00e7\u00e3o de pecadores e \u201cdegredados filhos de Eva\u201d \u201cneste vale de l\u00e1grimas\u201d, o texto pede \u00e0 toda santa M\u00e3e de Deus \u2013 eis a \u00fanica gra\u00e7a que nos importa pedir \u2013 que nos mostre Jesus.<\/p>\n<p style=\"color: #000000\">Essa bela prece, escrita pelo bem-aventurado Hermano Contractus, monge na abadia de Reichenau, no s\u00e9culo XI, foi popularizada quando Pedro, o Vener\u00e1vel, abade de Cluny, ordenou que ela fosse cantada nas festas da Assun\u00e7\u00e3o. Rezemo-la com fervor, proclamando a realeza de Maria no C\u00e9u e a sua presen\u00e7a como m\u00e3e e medianeira em nossas vidas.<\/p>\n<hr \/>\n<h3 class=\"referencia\" style=\"font-weight: 600\"><\/h3>\n<h3 class=\"referencia\" style=\"font-weight: 600\">Refer\u00eancias<\/h3>\n<ol style=\"color: #000000\">\n<li style=\"font-weight: inherit;font-style: inherit\"><a style=\"font-weight: inherit;font-style: inherit\" href=\"http:\/\/www.vatican.va\/holy_father\/pius_xii\/apost_constitutions\/documents\/hf_p-xii_apc_19501101_munificentissimus-deus_po.html\" target=\"_blank\">Munificentissimus Deus<\/a>, 44<\/li>\n<li style=\"font-weight: inherit;font-style: inherit\">Sl 44, 10<\/li>\n<li style=\"font-weight: inherit;font-style: inherit\">Jo 2, 5<\/li>\n<li style=\"font-weight: inherit;font-style: inherit\"><a style=\"font-weight: inherit;font-style: inherit\" href=\"http:\/\/www.amazon.com\/Queen-Mother-Biblical-Theology-Queenship\/dp\/1931018243\" target=\"_blank\">Queen Mother: A Biblical Theology of Mary\u2019s Queenship (Letter &amp; Spirit Project): Edward Sri, Scott Hahn: Amazon.com<\/a><\/li>\n<li style=\"font-weight: inherit;font-style: inherit\">1 Rs 2, 19. Cf. tamb\u00e9m, sobre esse assunto,\u00a0<a style=\"font-weight: inherit;font-style: inherit\" href=\"https:\/\/padrepauloricardo.org\/episodios\/por-que-nos-chamamos-a-virgem-maria-de-rainha-e-de-senhora\" target=\"_blank\">RC 187: Por que n\u00f3s chamamos a Virgem Maria de Rainha e de Senhora?<\/a><\/li>\n<li style=\"font-weight: inherit;font-style: inherit\">Lc 1, 32<\/li>\n<li style=\"font-weight: inherit;font-style: inherit\">Gl\u00f3rias de Maria, p. II, I, 8, 1<\/li>\n<li style=\"font-weight: inherit;font-style: inherit\">Ap 12, 1.5<\/li>\n<li style=\"font-weight: inherit;font-style: inherit\">Joseph Ratzinger, The Sign of the Woman, 21<\/li>\n<li style=\"font-weight: inherit;font-style: inherit\">Cf.\u00a0<a style=\"font-weight: inherit;font-style: inherit\" href=\"http:\/\/www.vatican.va\/archive\/hist_councils\/ii_vatican_council\/documents\/vat-ii_const_19641121_lumen-gentium_po.html\" target=\"_blank\">Lumen Gentium<\/a>, 53<\/li>\n<li style=\"font-weight: inherit;font-style: inherit\"><a style=\"font-weight: inherit;font-style: inherit\" href=\"http:\/\/www.vatican.va\/holy_father\/john_paul_ii\/encyclicals\/documents\/hf_jp-ii_enc_25031987_redemptoris-mater_po.html\" target=\"_blank\">Redemptoris Mater<\/a>, 41<\/li>\n<\/ol>\n","protected":false},"excerpt":{"rendered":"<p>Celebramos neste domingo a Solenidade da Assun\u00e7\u00e3o de Nossa Senhora, festa que ao redor do mundo se celebra no dia 15 de Agosto, mas aqui no Brasil para que o povo participe com mais afinco a Igreja a &#8220;move&#8221; para&#8230;<\/p>\n","protected":false},"author":1361,"featured_media":12293,"comment_status":"open","ping_status":"closed","sticky":false,"template":"","format":"standard","meta":{"_mi_skip_tracking":false,"_monsterinsights_sitenote_active":false,"_monsterinsights_sitenote_note":"","_monsterinsights_sitenote_category":0,"footnotes":""},"categories":[10341,23,32],"tags":[16611,16541,177816,231,16621],"_links":{"self":[{"href":"https:\/\/blog.cancaonova.com\/brasilia\/wp-json\/wp\/v2\/posts\/12292"}],"collection":[{"href":"https:\/\/blog.cancaonova.com\/brasilia\/wp-json\/wp\/v2\/posts"}],"about":[{"href":"https:\/\/blog.cancaonova.com\/brasilia\/wp-json\/wp\/v2\/types\/post"}],"author":[{"embeddable":true,"href":"https:\/\/blog.cancaonova.com\/brasilia\/wp-json\/wp\/v2\/users\/1361"}],"replies":[{"embeddable":true,"href":"https:\/\/blog.cancaonova.com\/brasilia\/wp-json\/wp\/v2\/comments?post=12292"}],"version-history":[{"count":1,"href":"https:\/\/blog.cancaonova.com\/brasilia\/wp-json\/wp\/v2\/posts\/12292\/revisions"}],"predecessor-version":[{"id":12294,"href":"https:\/\/blog.cancaonova.com\/brasilia\/wp-json\/wp\/v2\/posts\/12292\/revisions\/12294"}],"wp:featuredmedia":[{"embeddable":true,"href":"https:\/\/blog.cancaonova.com\/brasilia\/wp-json\/wp\/v2\/media\/12293"}],"wp:attachment":[{"href":"https:\/\/blog.cancaonova.com\/brasilia\/wp-json\/wp\/v2\/media?parent=12292"}],"wp:term":[{"taxonomy":"category","embeddable":true,"href":"https:\/\/blog.cancaonova.com\/brasilia\/wp-json\/wp\/v2\/categories?post=12292"},{"taxonomy":"post_tag","embeddable":true,"href":"https:\/\/blog.cancaonova.com\/brasilia\/wp-json\/wp\/v2\/tags?post=12292"}],"curies":[{"name":"wp","href":"https:\/\/api.w.org\/{rel}","templated":true}]}}