{"id":12301,"date":"2014-09-03T17:00:43","date_gmt":"2014-09-03T20:00:43","guid":{"rendered":"http:\/\/blog.cancaonova.com\/brasilia\/?p=12301"},"modified":"2014-09-04T17:02:05","modified_gmt":"2014-09-04T20:02:05","slug":"agenda-proximos-eventos","status":"publish","type":"post","link":"https:\/\/blog.cancaonova.com\/brasilia\/agenda-proximos-eventos\/","title":{"rendered":"AGENDA: Proximos Eventos"},"content":{"rendered":"<h2 style=\"text-align: center\">Pr\u00f3ximos Eventos<\/h2>\n<div id=\"attachment_12302\" style=\"width: 300px\" class=\"wp-caption aligncenter\"><a href=\"http:\/\/blog.cancaonova.com\/brasilia\/files\/2014\/09\/eventosDF.png\"><img loading=\"lazy\" decoding=\"async\" aria-describedby=\"caption-attachment-12302\" class=\"wp-image-12302 size-thumbnail\" src=\"http:\/\/blog.cancaonova.com\/brasilia\/files\/2014\/09\/eventosDF-290x290.png\" alt=\"eventosDF\" width=\"290\" height=\"290\" srcset=\"https:\/\/blog.cancaonova.com\/brasilia\/files\/2014\/09\/eventosDF-290x290.png 290w, https:\/\/blog.cancaonova.com\/brasilia\/files\/2014\/09\/eventosDF-144x144.png 144w\" sizes=\"(max-width: 290px) 100vw, 290px\" \/><\/a><p id=\"caption-attachment-12302\" class=\"wp-caption-text\">Informa\u00e7\u00e3o de Eventos da Can\u00e7\u00e3o Nova<\/p><\/div>\n<p>Muitos eventos est\u00e3o por vir. Muitos momentos, onde podemos nos encontrar e juntos buscar a Deus.<\/p>\n<p>Come\u00e7ando pelo pr\u00f3ximo S\u00e1bado.<\/p>\n<p><strong>Temos as \u00a01000 Ave-Marias<\/strong>, um momento de estar diante da Virgem Maria e interceder pelas necessidades pessoais, da Can\u00e7\u00e3o Nova e de todos os que tanto nos pedem ora\u00e7\u00e3o.<\/p>\n<div id=\"attachment_12305\" style=\"width: 277px\" class=\"wp-caption aligncenter\"><a href=\"http:\/\/blog.cancaonova.com\/brasilia\/files\/2014\/09\/milaveout.png\"><img loading=\"lazy\" decoding=\"async\" aria-describedby=\"caption-attachment-12305\" class=\"wp-image-12305 \" src=\"http:\/\/blog.cancaonova.com\/brasilia\/files\/2014\/09\/milaveout.png\" alt=\"1000 Ave Marias\" width=\"267\" height=\"172\" \/><\/a><p id=\"caption-attachment-12305\" class=\"wp-caption-text\">1000 Ave Marias<\/p><\/div>\n<p>Venha participar conosco, s\u00e1bado \u00e0s 8h30 na <a title=\"Loja CN-BSB\" href=\"https:\/\/goo.gl\/maps\/LbDRn\" target=\"_blank\">Loja Can\u00e7\u00e3o Nova do Plano Piloto<\/a>.<\/p>\n<p>Tamb\u00e9m <strong>neste s\u00e1bado\u00a0dia 06 de setembro<\/strong>, temos um bazar repleto de coisas boas para voc\u00ea. Roupas, Eletrodom\u00e9sticos entre outras utilidades.<\/p>\n<p><a href=\"http:\/\/blog.cancaonova.com\/brasilia\/files\/2014\/09\/bazarcn-1.png\"><img loading=\"lazy\" decoding=\"async\" class=\"aligncenter wp-image-12303\" src=\"http:\/\/blog.cancaonova.com\/brasilia\/files\/2014\/09\/bazarcn-1.png\" alt=\"bazarcn-1\" width=\"221\" height=\"216\" \/><\/a><\/p>\n<p>Passe no <a title=\"Bazar Can\u00e7\u00e3o Nova\" href=\"https:\/\/goo.gl\/maps\/PKsZU\">Sal\u00e3o do Santu\u00e1rio Dom Bosco<\/a>\u00a0e fa\u00e7a as suas compras.<\/p>\n<p><em><strong>Missa do Clube da Evangeliza\u00e7\u00e3o<\/strong><\/em><strong>\u00a0<\/strong>acontece no dia\u00a0<em><strong>07 de outubro,<\/strong><\/em><strong>\u00a0<\/strong>na <strong><a title=\"Nossa Senhora da Consolata\" href=\"https:\/\/goo.gl\/maps\/8QPsG\" target=\"_blank\">Par\u00f3quia Nossa Senhora da Consolata<\/a>.\u00a0<\/strong>Com presen\u00e7a de <em><strong>Pe. Roger<\/strong><\/em><strong> Ara\u00fajo<\/strong>. Que celebrar\u00e1 para n\u00f3s.<\/p>\n<div id=\"attachment_12306\" style=\"width: 244px\" class=\"wp-caption aligncenter\"><a href=\"http:\/\/blog.cancaonova.com\/brasilia\/files\/2014\/09\/missadoclubeout.jpg\"><img loading=\"lazy\" decoding=\"async\" aria-describedby=\"caption-attachment-12306\" class=\" wp-image-12306\" src=\"http:\/\/blog.cancaonova.com\/brasilia\/files\/2014\/09\/missadoclubeout.jpg\" alt=\"Venha e traga a sua fam\u00edlia. \" width=\"234\" height=\"274\" \/><\/a><p id=\"caption-attachment-12306\" class=\"wp-caption-text\">Venha e traga a sua fam\u00edlia.<\/p><\/div>\n<p>Venha e traga a sua fam\u00edlia. N\u00e3o deixe de participar.<\/p>\n<p>E nos dias 18 e 19 de outubro um grande encontro para os HOMENS.\u00a0<strong>Aprofundamento para HOMENS<\/strong>, com o tema: &#8220;Quando os Homens Oram Milagres Acontecem&#8221;.<\/p>\n<p>&nbsp;<\/p>\n<p>Convide os homens que voc\u00ea conhece, amigos, companheiros, esposos e vizinhos, e venha fazer uma experiencia de milagres. Deus quer levantar um exercito de homens orantes. N\u00e3o fique de fora deste grande momento.<\/p>\n<p>Venha participe e reze conosco. \u00a0Ser\u00e1 uma alegria estar como voc\u00ea.<\/p>\n<address><strong>Comunidade Can\u00e7\u00e3o Nova Bras\u00edlia.<\/strong><\/address>\n","protected":false},"excerpt":{"rendered":"<p>Pr\u00f3ximos Eventos Muitos eventos est\u00e3o por vir. Muitos momentos, onde podemos nos encontrar e juntos buscar a Deus. Come\u00e7ando pelo pr\u00f3ximo S\u00e1bado. Temos as \u00a01000 Ave-Marias, um momento de estar diante da Virgem Maria e interceder pelas necessidades pessoais, da&#8230;<\/p>\n","protected":false},"author":1361,"featured_media":12302,"comment_status":"open","ping_status":"closed","sticky":false,"template":"","format":"standard","meta":{"_mi_skip_tracking":false,"_monsterinsights_sitenote_active":false,"_monsterinsights_sitenote_note":"","_monsterinsights_sitenote_category":0,"footnotes":""},"categories":[10341,20896],"tags":[2691,18028,19296,10381,10501,951,152157],"_links":{"self":[{"href":"https:\/\/blog.cancaonova.com\/brasilia\/wp-json\/wp\/v2\/posts\/12301"}],"collection":[{"href":"https:\/\/blog.cancaonova.com\/brasilia\/wp-json\/wp\/v2\/posts"}],"about":[{"href":"https:\/\/blog.cancaonova.com\/brasilia\/wp-json\/wp\/v2\/types\/post"}],"author":[{"embeddable":true,"href":"https:\/\/blog.cancaonova.com\/brasilia\/wp-json\/wp\/v2\/users\/1361"}],"replies":[{"embeddable":true,"href":"https:\/\/blog.cancaonova.com\/brasilia\/wp-json\/wp\/v2\/comments?post=12301"}],"version-history":[{"count":4,"href":"https:\/\/blog.cancaonova.com\/brasilia\/wp-json\/wp\/v2\/posts\/12301\/revisions"}],"predecessor-version":[{"id":12312,"href":"https:\/\/blog.cancaonova.com\/brasilia\/wp-json\/wp\/v2\/posts\/12301\/revisions\/12312"}],"wp:featuredmedia":[{"embeddable":true,"href":"https:\/\/blog.cancaonova.com\/brasilia\/wp-json\/wp\/v2\/media\/12302"}],"wp:attachment":[{"href":"https:\/\/blog.cancaonova.com\/brasilia\/wp-json\/wp\/v2\/media?parent=12301"}],"wp:term":[{"taxonomy":"category","embeddable":true,"href":"https:\/\/blog.cancaonova.com\/brasilia\/wp-json\/wp\/v2\/categories?post=12301"},{"taxonomy":"post_tag","embeddable":true,"href":"https:\/\/blog.cancaonova.com\/brasilia\/wp-json\/wp\/v2\/tags?post=12301"}],"curies":[{"name":"wp","href":"https:\/\/api.w.org\/{rel}","templated":true}]}}