{"id":12320,"date":"2014-09-29T10:45:40","date_gmt":"2014-09-29T13:45:40","guid":{"rendered":"http:\/\/blog.cancaonova.com\/brasilia\/?p=12320"},"modified":"2014-09-29T10:45:40","modified_gmt":"2014-09-29T13:45:40","slug":"festa-dos-arcanjos","status":"publish","type":"post","link":"https:\/\/blog.cancaonova.com\/brasilia\/festa-dos-arcanjos\/","title":{"rendered":"Festa dos Arcanjos"},"content":{"rendered":"<div id=\"attachment_12321\" style=\"width: 197px\" class=\"wp-caption aligncenter\"><a href=\"http:\/\/blog.cancaonova.com\/brasilia\/files\/2014\/09\/Holy-Archangels.jpg\"><img loading=\"lazy\" decoding=\"async\" aria-describedby=\"caption-attachment-12321\" class=\"wp-image-12321\" src=\"http:\/\/blog.cancaonova.com\/brasilia\/files\/2014\/09\/Holy-Archangels.jpg\" alt=\"Santos Arcanjos\" width=\"187\" height=\"263\" srcset=\"https:\/\/blog.cancaonova.com\/brasilia\/files\/2014\/09\/Holy-Archangels.jpg 1140w, https:\/\/blog.cancaonova.com\/brasilia\/files\/2014\/09\/Holy-Archangels-213x300.jpg 213w, https:\/\/blog.cancaonova.com\/brasilia\/files\/2014\/09\/Holy-Archangels-900x1263.jpg 900w\" sizes=\"(max-width: 187px) 100vw, 187px\" \/><\/a><p id=\"caption-attachment-12321\" class=\"wp-caption-text\">S\u00e3o Miguel, Rafael e Gabriel<\/p><\/div>\n<p style=\"text-align: justify\">Hoje celebramos de modo especial os 3 Arcanjos que conhecemos: S\u00e3o Miguel, S\u00e3o Gabriel e S\u00e3o Rafael.<\/p>\n<p style=\"text-align: justify\">Trago-vos portanto uma homilia de S\u00e3o Greg\u00f3rio Magno preparada para\u00a0esta festa.<\/p>\n<p style=\"text-align: center\"><strong><em>A palavra anjo indica o of\u00edcio, n\u00e3o a natureza<\/em><\/strong><\/p>\n<p style=\"text-align: justify\">\u00c9 preciso saber que a palavra anjo indica o of\u00edcio, n\u00e3o a natureza. Pois estes santos esp\u00edritos da p\u00e1tria celeste s\u00e3o sempre esp\u00edritos, mas nem sempre podem ser chamados anjos, porque somente s\u00e3o anjos quando por eles \u00e9 feito algum an\u00fancio. Aqueles que anunciam fatos menores s\u00e3o ditos anjos; os que levam as maiores not\u00edcias, arcanjos.<\/p>\n<p style=\"text-align: justify\">Foi por isto que <strong>\u00e0 Virgem Maria<\/strong> n\u00e3o foi enviado um anjo qualquer, mas o <strong>arcanjo Gabriel;<\/strong> para esta miss\u00e3o, era justo que viesse o m\u00e1ximo anjo para anunciar a m\u00e1xima not\u00edcia.<\/p>\n<div id=\"attachment_12324\" style=\"width: 144px\" class=\"wp-caption aligncenter\"><a href=\"http:\/\/blog.cancaonova.com\/brasilia\/files\/2014\/09\/S-Miguel.jpg\"><img loading=\"lazy\" decoding=\"async\" aria-describedby=\"caption-attachment-12324\" class=\"wp-image-12324\" src=\"http:\/\/blog.cancaonova.com\/brasilia\/files\/2014\/09\/S-Miguel.jpg\" alt=\"S Miguel\" width=\"134\" height=\"200\" srcset=\"https:\/\/blog.cancaonova.com\/brasilia\/files\/2014\/09\/S-Miguel.jpg 1576w, https:\/\/blog.cancaonova.com\/brasilia\/files\/2014\/09\/S-Miguel-200x300.jpg 200w, https:\/\/blog.cancaonova.com\/brasilia\/files\/2014\/09\/S-Miguel-900x1346.jpg 900w\" sizes=\"(max-width: 134px) 100vw, 134px\" \/><\/a><p id=\"caption-attachment-12324\" class=\"wp-caption-text\">S\u00e3o Miguel<\/p><\/div>\n<p style=\"text-align: justify\">Por este motivo tamb\u00e9m a eles s\u00e3o dados nomes especiais para designar, pelo voc\u00e1bulo, seu poder na a\u00e7\u00e3o. Naquela santa cidade, onde h\u00e1 plenitude da ci\u00eancia pela vis\u00e3o do Deus onipotente, n\u00e3o precisam de nomes pr\u00f3prios para se distinguirem uns dos outros. Mas quando v\u00eam at\u00e9 n\u00f3s para cumprir uma miss\u00e3o, trazem tamb\u00e9m entre n\u00f3s um nome derivado desta miss\u00e3o.<em><strong> Assim Miguel significa: \u201cQuem como Deus?\u201d; Gabriel, \u201cFor\u00e7a de Deus\u201d; e Rafael, \u201cDeus cura\u201d.<\/strong><\/em><\/p>\n<div id=\"attachment_12322\" style=\"width: 172px\" class=\"wp-caption alignright\"><img loading=\"lazy\" decoding=\"async\" aria-describedby=\"caption-attachment-12322\" class=\"wp-image-12322\" src=\"http:\/\/blog.cancaonova.com\/brasilia\/files\/2014\/09\/St.-Gabriel.jpg\" alt=\"St. Gabriel\" width=\"162\" height=\"206\" srcset=\"https:\/\/blog.cancaonova.com\/brasilia\/files\/2014\/09\/St.-Gabriel.jpg 1000w, https:\/\/blog.cancaonova.com\/brasilia\/files\/2014\/09\/St.-Gabriel-235x300.jpg 235w, https:\/\/blog.cancaonova.com\/brasilia\/files\/2014\/09\/St.-Gabriel-900x1146.jpg 900w\" sizes=\"(max-width: 162px) 100vw, 162px\" \/><p id=\"caption-attachment-12322\" class=\"wp-caption-text\">S\u00e3o Gabriel<\/p><\/div>\n<p style=\"text-align: justify\">Todas as vezes que se trata de grandes feitos,<strong> diz-se que Miguel \u00e9 enviado<\/strong>, <span style=\"text-decoration: underline\"><strong><em>porque pelo pr\u00f3prio nome e a\u00e7\u00e3o d\u00e1-se a entender que ningu\u00e9m pode por si mesmo fazer o que Deus quer destacar.<\/em><\/strong><\/span> Por isto, o antigo inimigo, que por soberba cobi\u00e7ou ser igual a Deus, dizendo: Subirei ao c\u00e9u, acima dos astros do c\u00e9u erguerei meu trono, serei semelhante ao Alt\u00edssimo ( cf. Is 14,13-14), no fim do mundo, quando ser\u00e1 abandonado \u00e0s pr\u00f3prias for\u00e7as para ser destru\u00eddo no extremo supl\u00edcio, pelejar\u00e1 com o arcanjo Miguel, como diz Jo\u00e3o:Houve uma luta com Miguel arcanjo (Ap 12,7).<\/p>\n<p>&nbsp;<\/p>\n<p style=\"text-align: justify\"><strong>A Maria \u00e9 enviado Gabriel<\/strong>, que significa \u201cFor\u00e7a de Deus\u201d. <em><span style=\"text-decoration: underline\"><strong>Vinha anunciar aquele que se dignou aparecer humilde para combater as potestades do ar.Portanto devia ser anunciado pela for\u00e7a de Deus o Senhor dos ex\u00e9rcitos que vinha poderoso no combate.\u00a0<\/strong><\/span><\/em><\/p>\n<div id=\"attachment_12323\" style=\"width: 137px\" class=\"wp-caption alignleft\"><a href=\"http:\/\/blog.cancaonova.com\/brasilia\/files\/2014\/09\/St.-Raphael.jpg\"><img loading=\"lazy\" decoding=\"async\" aria-describedby=\"caption-attachment-12323\" class=\"wp-image-12323\" src=\"http:\/\/blog.cancaonova.com\/brasilia\/files\/2014\/09\/St.-Raphael.jpg\" alt=\"St. Raphael\" width=\"127\" height=\"163\" srcset=\"https:\/\/blog.cancaonova.com\/brasilia\/files\/2014\/09\/St.-Raphael.jpg 936w, https:\/\/blog.cancaonova.com\/brasilia\/files\/2014\/09\/St.-Raphael-234x300.jpg 234w, https:\/\/blog.cancaonova.com\/brasilia\/files\/2014\/09\/St.-Raphael-900x1153.jpg 900w\" sizes=\"(max-width: 127px) 100vw, 127px\" \/><\/a><p id=\"caption-attachment-12323\" class=\"wp-caption-text\">S\u00e3o Raphael e Tobias<\/p><\/div>\n<p style=\"text-align: justify\"><strong>Rafael, como dissemos, significa \u201cDeus cura\u201d,<\/strong> porque <em><span style=\"text-decoration: underline\"><strong>ao tocar nos olhos de Tobias como que num ato de cura, lavou as trevas de sua cegueira. Quem foi enviado a curar, com justi\u00e7a se chamou \u201cDeus cura\u201d.<\/strong><\/span><\/em><\/p>\n<h6><span style=\"color: #993300\"><strong><em>Das Homilias sobre os Evangelhos, de S\u00e3o Greg\u00f3rio Magno, papa(Hom. 34,8-9:PL76,1250-1251) (S\u00e9c.VI)<\/em><\/strong><\/span><\/h6>\n<p>Que estes grandes Arcanjos intercedam por n\u00f3s. Rezemos com Eles portanto.<\/p>\n<blockquote><p>&#8220;S\u00e3o Rafael, com Tobias. S\u00e3o Gabriel com a Virgem Maria. S\u00e3o Miguel com todas as hierarquias. Abr\u00ed para n\u00f3s esta via.&#8221;<\/p><\/blockquote>\n<p>Can\u00e7\u00e3o Nova Bras\u00edlia<\/p>\n","protected":false},"excerpt":{"rendered":"<p>Hoje celebramos de modo especial os 3 Arcanjos que conhecemos: S\u00e3o Miguel, S\u00e3o Gabriel e S\u00e3o Rafael. Trago-vos portanto uma homilia de S\u00e3o Greg\u00f3rio Magno preparada para\u00a0esta festa. A palavra anjo indica o of\u00edcio, n\u00e3o a natureza \u00c9 preciso saber&#8230;<\/p>\n","protected":false},"author":1361,"featured_media":12325,"comment_status":"open","ping_status":"closed","sticky":false,"template":"","format":"standard","meta":{"_mi_skip_tracking":false,"_monsterinsights_sitenote_active":false,"_monsterinsights_sitenote_note":"","_monsterinsights_sitenote_category":0,"footnotes":""},"categories":[23],"tags":[15774,21002,9291,2231,271,17771,31422,18385,22750],"_links":{"self":[{"href":"https:\/\/blog.cancaonova.com\/brasilia\/wp-json\/wp\/v2\/posts\/12320"}],"collection":[{"href":"https:\/\/blog.cancaonova.com\/brasilia\/wp-json\/wp\/v2\/posts"}],"about":[{"href":"https:\/\/blog.cancaonova.com\/brasilia\/wp-json\/wp\/v2\/types\/post"}],"author":[{"embeddable":true,"href":"https:\/\/blog.cancaonova.com\/brasilia\/wp-json\/wp\/v2\/users\/1361"}],"replies":[{"embeddable":true,"href":"https:\/\/blog.cancaonova.com\/brasilia\/wp-json\/wp\/v2\/comments?post=12320"}],"version-history":[{"count":2,"href":"https:\/\/blog.cancaonova.com\/brasilia\/wp-json\/wp\/v2\/posts\/12320\/revisions"}],"predecessor-version":[{"id":12327,"href":"https:\/\/blog.cancaonova.com\/brasilia\/wp-json\/wp\/v2\/posts\/12320\/revisions\/12327"}],"wp:featuredmedia":[{"embeddable":true,"href":"https:\/\/blog.cancaonova.com\/brasilia\/wp-json\/wp\/v2\/media\/12325"}],"wp:attachment":[{"href":"https:\/\/blog.cancaonova.com\/brasilia\/wp-json\/wp\/v2\/media?parent=12320"}],"wp:term":[{"taxonomy":"category","embeddable":true,"href":"https:\/\/blog.cancaonova.com\/brasilia\/wp-json\/wp\/v2\/categories?post=12320"},{"taxonomy":"post_tag","embeddable":true,"href":"https:\/\/blog.cancaonova.com\/brasilia\/wp-json\/wp\/v2\/tags?post=12320"}],"curies":[{"name":"wp","href":"https:\/\/api.w.org\/{rel}","templated":true}]}}