{"id":12328,"date":"2014-10-03T18:04:47","date_gmt":"2014-10-03T21:04:47","guid":{"rendered":"http:\/\/blog.cancaonova.com\/brasilia\/?p=12328"},"modified":"2014-10-03T18:04:47","modified_gmt":"2014-10-03T21:04:47","slug":"discernimento-eleitoral","status":"publish","type":"post","link":"https:\/\/blog.cancaonova.com\/brasilia\/discernimento-eleitoral\/","title":{"rendered":"Discernimento Eleitoral"},"content":{"rendered":"<h2 class=\" entry-title \" style=\"text-align: center\"><strong>Discernimento Eleitoral<\/strong><\/h2>\n<p><strong>Vale ressaltar que mediocridades s\u00e3o um veneno terr\u00edvel que enterra definitivamente as aspira\u00e7\u00f5es do povo<\/strong><\/p>\n<p>A cidadania brasileira est\u00e1 desafiada, mais uma vez, a viver o necess\u00e1rio discernimento eleitoral, para fazer escolhas qualificadas no pr\u00f3ximo domingo. Esse exerc\u00edcio \u00e9 de fundamental import\u00e2ncia, pois ser\u00e3o definidos nomes a ocuparem os cargos eletivos, todos estrat\u00e9gicos para a condu\u00e7\u00e3o do pa\u00eds. N\u00e3o \u00e9 f\u00e1cil esse processo de discernimento. A primeira e importante considera\u00e7\u00e3o, necessariamente, \u00e9 sobre o perfil e a vida de cada candidato. \u00c9 dif\u00edcil encontrar um nome que re\u00fana todos os itens apontados como indispens\u00e1veis para governar e representar bem o poder que pertence ao povo; e que a ele deve ser devolvido na forma de servi\u00e7os. Os eleitos precisam ser pessoas capazes de reconhecer e atender aos anseios da popula\u00e7\u00e3o, particularmente dos mais pobres. <strong>Diante dos crit\u00e9rios a serem observados, constata-se que processo de qualificada escolha de candidatos \u00e9 laborioso, mas isso n\u00e3o pode produzir des\u00e2nimo.<\/strong><\/p>\n<p><a href=\"http:\/\/img.cancaonova.com\/cnimages\/canais\/uploads\/sites\/6\/2014\/10\/formacao_discernimento-eleitoral-940x500.jpg\"><img loading=\"lazy\" decoding=\"async\" class=\"aligncenter  wp-image-31091\" src=\"http:\/\/img.cancaonova.com\/cnimages\/canais\/uploads\/sites\/6\/2014\/10\/formacao_discernimento-eleitoral-940x500.jpg\" alt=\"Discernimento eleitoral -  940x500\" width=\"348\" height=\"272\" \/><\/a><\/p>\n<p>Nas elei\u00e7\u00f5es, o povo tem a chance de compor um time que, embora possa n\u00e3o alcan\u00e7ar o patamar da sele\u00e7\u00e3o sonhada, seja capaz de produzir avan\u00e7os na supera\u00e7\u00e3o urgente de graves problemas, como as desigualdades sociais. Para isso, \u00e9 preciso contrabalan\u00e7ar elementos \u2013 trajet\u00f3ria, consist\u00eancias pessoais, for\u00e7a de lideran\u00e7a, lastro de representatividade. Essas qualidades, e muitas outras, precisam ser observadas e identificadas nas pessoas que se submetem ao sufr\u00e1gio das urnas. Eleger pol\u00edticos com perfil marcado pela articula\u00e7\u00e3o dessas caracter\u00edsticas \u00e9 contribuir para a composi\u00e7\u00e3o de um quadro, nos governos e parlamentos, com mais lucidez no trato, defesa e promo\u00e7\u00e3o de tudo que \u00e9 p\u00fablico.<\/p>\n<p>Vale ressaltar que mediocridades s\u00e3o um veneno terr\u00edvel que enterra definitivamente as aspira\u00e7\u00f5es do povo. Elas corroem inst\u00e2ncias de grande import\u00e2ncia pol\u00edtica e social, transformando-as em palcos de interesses partid\u00e1rios e de grupos. A partir da presen\u00e7a de pessoas desqualificadas, governos e parlamentos tornam-se marcados por uma vis\u00e3o m\u00edope das urg\u00eancias da sociedade, agravada pela incapacidade de analisar, escolher e agir com rapidez. N\u00e3o se pode permitir que um mandato de quatro anos torne-se tempo para o eleito \u201cciscar de c\u00e1 pr\u00e1 l\u00e1 e de l\u00e1 pr\u00e1 c\u00e1\u201d, obrigando o gigante que \u00e9 esta na\u00e7\u00e3o a permanecer adormecido. Bom seria contar com uma s\u00e9rie de nomes cuja dificuldade de escolha residisse na excel\u00eancia dos muitos perfis, todos sem sen\u00f5es, com os elementos adequados da vida pessoal, social e pol\u00edtica. Infelizmente n\u00e3o \u00e9 assim.<\/p>\n<p>N\u00e3o se cr\u00ea que o ambiente pol\u00edtico partid\u00e1rio vigente consiga produzir essas excel\u00eancias cidad\u00e3s. Ao contr\u00e1rio, talvez muitas vezes seduza em dire\u00e7\u00e3o inadequada aqueles que poderiam construir uma trajet\u00f3ria brilhante no mundo da pol\u00edtica. Mas a sabedoria popular ensina que \u201cn\u00e3o adianta chorar o leite derramado\u201d. Provid\u00eancias significativas e transformadoras s\u00e3o sonhadas e buscadas, entre elas a urg\u00eancia da reforma pol\u00edtica, que deve contracenar com um processo educativo e de configura\u00e7\u00e3o social capaz de revitalizar a cidadania brasileira. Agora, na lista dos nomes a serem escolhidos, com uma isen\u00e7\u00e3o que localiza o discernimento no territ\u00f3rio da lucidez, \u00e9 preciso escolher quem pode representar melhor o povo, sem se sucumbir ao \u201cpeso pesado\u201d, e at\u00e9 perverso, do mundo da pol\u00edtica.<\/p>\n<p>H\u00e1 quem preferiria que se apontassem os nomes, \u00e0 moda do chamado \u201cvoto de cabresto\u201d, algo totalmente obsoleto e prejudicial que n\u00e3o pode mais ser o vetor das elei\u00e7\u00f5es. Seu contraponto \u00e9 o qualificado processo de discernimento. Ainda \u00e9 tempo para viv\u00ea-lo, confrontando perfis, nomes, hist\u00f3rias e, n\u00e3o menos importante, o f\u00f4lego de candidatos para dar conta de sua miss\u00e3o. <strong>A meta dos eleitos n\u00e3o pode se resumir ao sucesso nas urnas.<\/strong> Definidos como representantes da popula\u00e7\u00e3o nos governos e parlamentos, eles precisam permanentemente buscar o di\u00e1logo, a proximidade com o povo, disposi\u00e7\u00e3o para trabalhar com transpar\u00eancia e almejar sempre as conquistas sociais.<\/p>\n<p>N\u00e3o \u00e9 poss\u00edvel, a modo de cartilha, listar todos os crit\u00e9rios que sirvam de par\u00e2metro para a defini\u00e7\u00e3o dos perfis ideais de candidatos. Neste per\u00edodo de prepara\u00e7\u00e3o que precede a ida \u00e0s urnas, \u00e9 cidadania bem vivida guiar-se tamb\u00e9m por um razo\u00e1vel tempo de sil\u00eancio e confrontos pessoais para chegar ao nome. Discernimento eleitoral n\u00e3o \u00e9 simples emo\u00e7\u00e3o, simpatia ou antipatia, cor partid\u00e1ria, mero conhecimento ou amizade pessoal. O atual momento exige muito mais esfor\u00e7o de cada pessoa. Todos precisam partilhar a certeza de que a situa\u00e7\u00e3o social, o desenvolvimento integral e o tratamento l\u00facido da sociedade civil est\u00e3o no que \u00e9 poder de cada cidad\u00e3o: o seu discernimento eleitoral.<\/p>\n<footer id=\"entry-author-info\">\n<div class=\"entry_author_image\"><\/div>\n<h2><img loading=\"lazy\" decoding=\"async\" class=\"alignleft\" src=\"http:\/\/formacao.cancaonova.com\/wp-content\/authors\/97_thumb.jpg\" alt=\"\" width=\"150\" height=\"150\" \/><\/h2>\n<h2><em>Dom Walmor Oliveira de Azevedo<\/em><\/h2>\n<p><em>O Arcebispo Metropolitano de Belo Horizonte, dom Walmor Oliveira de Azevedo, \u00e9 doutor em Teologia B\u00edblica pela Pontif\u00edcia Universidade Gregoriana (Roma, It\u00e1lia) e mestre em Ci\u00eancias B\u00edblicas pelo Pontif\u00edcio Instituto B\u00edblico (Roma, It\u00e1lia). http:\/\/www.arquidiocesebh.org.br<\/em><\/p>\n<\/footer>\n","protected":false},"excerpt":{"rendered":"<p>Discernimento Eleitoral Vale ressaltar que mediocridades s\u00e3o um veneno terr\u00edvel que enterra definitivamente as aspira\u00e7\u00f5es do povo A cidadania brasileira est\u00e1 desafiada, mais uma vez, a viver o necess\u00e1rio discernimento eleitoral, para fazer escolhas qualificadas no pr\u00f3ximo domingo. Esse exerc\u00edcio&#8230;<\/p>\n","protected":false},"author":1361,"featured_media":12116,"comment_status":"open","ping_status":"closed","sticky":false,"template":"","format":"standard","meta":{"_mi_skip_tracking":false,"_monsterinsights_sitenote_active":false,"_monsterinsights_sitenote_note":"","_monsterinsights_sitenote_category":0,"footnotes":""},"categories":[1331,23],"tags":[34322,19467,12671,177816,58],"_links":{"self":[{"href":"https:\/\/blog.cancaonova.com\/brasilia\/wp-json\/wp\/v2\/posts\/12328"}],"collection":[{"href":"https:\/\/blog.cancaonova.com\/brasilia\/wp-json\/wp\/v2\/posts"}],"about":[{"href":"https:\/\/blog.cancaonova.com\/brasilia\/wp-json\/wp\/v2\/types\/post"}],"author":[{"embeddable":true,"href":"https:\/\/blog.cancaonova.com\/brasilia\/wp-json\/wp\/v2\/users\/1361"}],"replies":[{"embeddable":true,"href":"https:\/\/blog.cancaonova.com\/brasilia\/wp-json\/wp\/v2\/comments?post=12328"}],"version-history":[{"count":1,"href":"https:\/\/blog.cancaonova.com\/brasilia\/wp-json\/wp\/v2\/posts\/12328\/revisions"}],"predecessor-version":[{"id":12329,"href":"https:\/\/blog.cancaonova.com\/brasilia\/wp-json\/wp\/v2\/posts\/12328\/revisions\/12329"}],"wp:featuredmedia":[{"embeddable":true,"href":"https:\/\/blog.cancaonova.com\/brasilia\/wp-json\/wp\/v2\/media\/12116"}],"wp:attachment":[{"href":"https:\/\/blog.cancaonova.com\/brasilia\/wp-json\/wp\/v2\/media?parent=12328"}],"wp:term":[{"taxonomy":"category","embeddable":true,"href":"https:\/\/blog.cancaonova.com\/brasilia\/wp-json\/wp\/v2\/categories?post=12328"},{"taxonomy":"post_tag","embeddable":true,"href":"https:\/\/blog.cancaonova.com\/brasilia\/wp-json\/wp\/v2\/tags?post=12328"}],"curies":[{"name":"wp","href":"https:\/\/api.w.org\/{rel}","templated":true}]}}