{"id":12331,"date":"2014-10-17T15:35:22","date_gmt":"2014-10-17T18:35:22","guid":{"rendered":"http:\/\/blog.cancaonova.com\/brasilia\/?p=12331"},"modified":"2014-10-17T15:35:22","modified_gmt":"2014-10-17T18:35:22","slug":"aniversario-natalicio-de-dom-sergio-da-rocha","status":"publish","type":"post","link":"https:\/\/blog.cancaonova.com\/brasilia\/aniversario-natalicio-de-dom-sergio-da-rocha\/","title":{"rendered":"Anivers\u00e1rio natal\u00edcio de Dom S\u00e9rgio da Rocha"},"content":{"rendered":"<div id=\"attachment_12334\" style=\"width: 151px\" class=\"wp-caption aligncenter\"><a href=\"http:\/\/blog.cancaonova.com\/brasilia\/files\/2014\/10\/Dom-Sergio-da-Rocha.jpg\"><img loading=\"lazy\" decoding=\"async\" aria-describedby=\"caption-attachment-12334\" class=\"wp-image-12334\" src=\"http:\/\/blog.cancaonova.com\/brasilia\/files\/2014\/10\/Dom-Sergio-da-Rocha.jpg\" alt=\"Dom Sergio da Rocha\" width=\"141\" height=\"185\" srcset=\"https:\/\/blog.cancaonova.com\/brasilia\/files\/2014\/10\/Dom-Sergio-da-Rocha.jpg 732w, https:\/\/blog.cancaonova.com\/brasilia\/files\/2014\/10\/Dom-Sergio-da-Rocha-228x300.jpg 228w\" sizes=\"(max-width: 141px) 100vw, 141px\" \/><\/a><p id=\"caption-attachment-12334\" class=\"wp-caption-text\">Arcebispo de Bras\u00edlia Dom S\u00e9rgio da Rocha<\/p><\/div>\n<p>Parabenizamos nesta sexta-feira, 17 de outubro, dom Sergio da Rocha, arcebispo de Bras\u00edlia, por mais um anivers\u00e1rio natal\u00edcio.<\/p>\n<p>Que o Senhor lhe acompanhe sempre em sua miss\u00e3o de conduzir &#8220;o rebanho que lhe foi confiado&#8221;. N\u00f3s da Comunidade Can\u00e7\u00e3o Nova de Bras\u00edlia, agradecemos o seu olhar e cuidado de Pai, que sempre nos conduz e direciona para &#8220;\u00e1guas mais profundas.\u00a0Que o Bom Deus lhe recompense com gra\u00e7as e com a providencia em todas as suas necessidades.<\/p>\n<div id=\"attachment_12332\" style=\"width: 189px\" class=\"wp-caption aligncenter\"><a href=\"http:\/\/blog.cancaonova.com\/brasilia\/files\/2014\/10\/18dez2012-o-arcebispo-dom-sergio-da-rocha-celebrou-a-missa-de-reinauguracao-da-catedral-de-brasilia-nesta-terca-feira-18-apos-a-conclusao-da-segunda-fase-das-obras-de-restauracao-foram-restaurados-1355850252711_1024x768.jpg\"><img loading=\"lazy\" decoding=\"async\" aria-describedby=\"caption-attachment-12332\" class=\"wp-image-12332\" src=\"http:\/\/blog.cancaonova.com\/brasilia\/files\/2014\/10\/18dez2012-o-arcebispo-dom-sergio-da-rocha-celebrou-a-missa-de-reinauguracao-da-catedral-de-brasilia-nesta-terca-feira-18-apos-a-conclusao-da-segunda-fase-das-obras-de-restauracao-foram-restaurados-1355850252711_1024x768.jpg\" alt=\"Arcebispo de Bras\u00edlia Dom S\u00e9rgio da Rocha\" width=\"179\" height=\"134\" srcset=\"https:\/\/blog.cancaonova.com\/brasilia\/files\/2014\/10\/18dez2012-o-arcebispo-dom-sergio-da-rocha-celebrou-a-missa-de-reinauguracao-da-catedral-de-brasilia-nesta-terca-feira-18-apos-a-conclusao-da-segunda-fase-das-obras-de-restauracao-foram-restaurados-1355850252711_1024x768.jpg 1024w, https:\/\/blog.cancaonova.com\/brasilia\/files\/2014\/10\/18dez2012-o-arcebispo-dom-sergio-da-rocha-celebrou-a-missa-de-reinauguracao-da-catedral-de-brasilia-nesta-terca-feira-18-apos-a-conclusao-da-segunda-fase-das-obras-de-restauracao-foram-restaurados-1355850252711_1024x768-300x225.jpg 300w, https:\/\/blog.cancaonova.com\/brasilia\/files\/2014\/10\/18dez2012-o-arcebispo-dom-sergio-da-rocha-celebrou-a-missa-de-reinauguracao-da-catedral-de-brasilia-nesta-terca-feira-18-apos-a-conclusao-da-segunda-fase-das-obras-de-restauracao-foram-restaurados-1355850252711_1024x768-80x60.jpg 80w, https:\/\/blog.cancaonova.com\/brasilia\/files\/2014\/10\/18dez2012-o-arcebispo-dom-sergio-da-rocha-celebrou-a-missa-de-reinauguracao-da-catedral-de-brasilia-nesta-terca-feira-18-apos-a-conclusao-da-segunda-fase-das-obras-de-restauracao-foram-restaurados-1355850252711_1024x768-900x675.jpg 900w\" sizes=\"(max-width: 179px) 100vw, 179px\" \/><\/a><p id=\"caption-attachment-12332\" class=\"wp-caption-text\">Arcebispo de Bras\u00edlia<br \/> Dom S\u00e9rgio da Rocha<\/p><\/div>\n<p>Parab\u00e9ns!<\/p>\n<p>&nbsp;<\/p>\n<h6><em><strong>Comunidade Can\u00e7\u00e3o Nova Bras\u00edlia<\/strong><\/em><\/h6>\n","protected":false},"excerpt":{"rendered":"<p>Parabenizamos nesta sexta-feira, 17 de outubro, dom Sergio da Rocha, arcebispo de Bras\u00edlia, por mais um anivers\u00e1rio natal\u00edcio. Que o Senhor lhe acompanhe sempre em sua miss\u00e3o de conduzir &#8220;o rebanho que lhe foi confiado&#8221;. N\u00f3s da Comunidade Can\u00e7\u00e3o Nova&#8230;<\/p>\n","protected":false},"author":1361,"featured_media":12334,"comment_status":"open","ping_status":"closed","sticky":false,"template":"","format":"standard","meta":{"_mi_skip_tracking":false,"_monsterinsights_sitenote_active":false,"_monsterinsights_sitenote_note":"","_monsterinsights_sitenote_category":0,"footnotes":""},"categories":[32],"tags":[16504,17377,20382,168216,92085,16541],"_links":{"self":[{"href":"https:\/\/blog.cancaonova.com\/brasilia\/wp-json\/wp\/v2\/posts\/12331"}],"collection":[{"href":"https:\/\/blog.cancaonova.com\/brasilia\/wp-json\/wp\/v2\/posts"}],"about":[{"href":"https:\/\/blog.cancaonova.com\/brasilia\/wp-json\/wp\/v2\/types\/post"}],"author":[{"embeddable":true,"href":"https:\/\/blog.cancaonova.com\/brasilia\/wp-json\/wp\/v2\/users\/1361"}],"replies":[{"embeddable":true,"href":"https:\/\/blog.cancaonova.com\/brasilia\/wp-json\/wp\/v2\/comments?post=12331"}],"version-history":[{"count":1,"href":"https:\/\/blog.cancaonova.com\/brasilia\/wp-json\/wp\/v2\/posts\/12331\/revisions"}],"predecessor-version":[{"id":12335,"href":"https:\/\/blog.cancaonova.com\/brasilia\/wp-json\/wp\/v2\/posts\/12331\/revisions\/12335"}],"wp:featuredmedia":[{"embeddable":true,"href":"https:\/\/blog.cancaonova.com\/brasilia\/wp-json\/wp\/v2\/media\/12334"}],"wp:attachment":[{"href":"https:\/\/blog.cancaonova.com\/brasilia\/wp-json\/wp\/v2\/media?parent=12331"}],"wp:term":[{"taxonomy":"category","embeddable":true,"href":"https:\/\/blog.cancaonova.com\/brasilia\/wp-json\/wp\/v2\/categories?post=12331"},{"taxonomy":"post_tag","embeddable":true,"href":"https:\/\/blog.cancaonova.com\/brasilia\/wp-json\/wp\/v2\/tags?post=12331"}],"curies":[{"name":"wp","href":"https:\/\/api.w.org\/{rel}","templated":true}]}}