{"id":12337,"date":"2014-10-23T18:00:55","date_gmt":"2014-10-23T21:00:55","guid":{"rendered":"http:\/\/blog.cancaonova.com\/brasilia\/?p=12337"},"modified":"2014-10-23T15:32:03","modified_gmt":"2014-10-23T18:32:03","slug":"aprofundamento-vencendo-aflicoes-alcancando-milagres","status":"publish","type":"post","link":"https:\/\/blog.cancaonova.com\/brasilia\/aprofundamento-vencendo-aflicoes-alcancando-milagres\/","title":{"rendered":"Aprofundamento: \u201cVencendo Afli\u00e7\u00f5es, alcan\u00e7ando Milagres\u201d"},"content":{"rendered":"<p>&nbsp;<\/p>\n<div id=\"attachment_12338\" style=\"width: 239px\" class=\"wp-caption aligncenter\"><a href=\"http:\/\/blog.cancaonova.com\/brasilia\/files\/2014\/10\/cartaz-marcio1.jpg\" target=\"_blank\"><img loading=\"lazy\" decoding=\"async\" aria-describedby=\"caption-attachment-12338\" class=\"wp-image-12338\" src=\"http:\/\/blog.cancaonova.com\/brasilia\/files\/2014\/10\/cartaz-marcio1.jpg\" alt=\"Aprofundamento com M\u00e1rcio Mendes\" width=\"229\" height=\"324\" srcset=\"https:\/\/blog.cancaonova.com\/brasilia\/files\/2014\/10\/cartaz-marcio1.jpg 2800w, https:\/\/blog.cancaonova.com\/brasilia\/files\/2014\/10\/cartaz-marcio1-212x300.jpg 212w, https:\/\/blog.cancaonova.com\/brasilia\/files\/2014\/10\/cartaz-marcio1-900x1272.jpg 900w\" sizes=\"(max-width: 229px) 100vw, 229px\" \/><\/a><p id=\"caption-attachment-12338\" class=\"wp-caption-text\">Clique para ver em tamanho maior<\/p><\/div>\n<p>Algumas pessoas vivem esmagadas pela tristeza e pelo sofrimento porque n\u00e3o sabem como mudar isso. E, quando sabem, muitas vezes n\u00e3o t\u00eam for\u00e7as. Outras pessoas vivem sem alcan\u00e7ar aquilo que para elas \u00e9 importante, que faz parte de seus sonhos e que as tornaria mais felizes.<\/p>\n<p>Mas h\u00e1 algo capaz de transformar toda uma vida: a EXPERI\u00caNCIA PESSOAL COM DEUS.<br \/>\nSe voc\u00ea tomar a decis\u00e3o para compreender e viver de verdade essa experi\u00eancia, asseguramos com tranquilidade de que o sofrimento n\u00e3o ter\u00e1 mais poder de destrui\u00e7\u00e3o sobre voc\u00ea.<\/p>\n<p>\u00c9 para te ajudar a ter essa experi\u00eancia, e a partir dela uma VIDA NOVA, que a comunidade Can\u00e7\u00e3o Nova, nos dias 29 e 30 de novembro realiza o Aprofundamento \u201cVencendo Afli\u00e7\u00f5es, alcan\u00e7ando Milagres\u201d com a presen\u00e7a do mission\u00e1rio M\u00e1rcio Mendes!<\/p>\n<p style=\"text-align: center\"><iframe loading=\"lazy\" width=\"427\" height=\"240\" src=\"\/\/www.youtube.com\/embed\/Yn-CD4OFPWY\" frameborder=\"0\" allowfullscreen><\/iframe><\/p>\n<p>Ser\u00e1 um final de semana de gra\u00e7as! Participe conosco!<\/p>\n<p>O evento ser\u00e1 no sal\u00e3o social do Minas Bras\u00edlia T\u00eanis Clube, no Setor de Clubes Norte.<\/p>\n<p>Fa\u00e7a sua inscri\u00e7\u00e3o nas Lojas Can\u00e7\u00e3o Nova! Corra que as vagas s\u00e3o limitadas!<\/p>\n<p>Informa\u00e7\u00f5es: (61) 3252-7050<\/p>\n<p>&#8212;<\/p>\n<h5><strong><em>Apoio: Montreal Turismo &#8211; planos de hospedagem com mais de 4.500 hot\u00e9is credenciados no Brasil e no mundo. Fundada em 1994, hoje a Montreal \u00e9 uma das maiores e mais conceituadas empresas no mercado de turismo brasileiro. Conta atualmente com mais de 4500 hot\u00e9is conveniados. Conhe\u00e7a e adquira seu plano de hospedagem Montreal. <a href=\"http:\/\/www.montrealonline.com.br\/site\/\">www.montrealonline.com.br<\/a><\/em><\/strong><\/h5>\n","protected":false},"excerpt":{"rendered":"<p>&nbsp; Algumas pessoas vivem esmagadas pela tristeza e pelo sofrimento porque n\u00e3o sabem como mudar isso. E, quando sabem, muitas vezes n\u00e3o t\u00eam for\u00e7as. Outras pessoas vivem sem alcan\u00e7ar aquilo que para elas \u00e9 importante, que faz parte de seus&#8230;<\/p>\n","protected":false},"author":1361,"featured_media":12340,"comment_status":"open","ping_status":"closed","sticky":false,"template":"","format":"standard","meta":{"_mi_skip_tracking":false,"_monsterinsights_sitenote_active":false,"_monsterinsights_sitenote_note":"","_monsterinsights_sitenote_category":0,"footnotes":""},"categories":[20896],"tags":[23186,2691,33100,3511,20210],"_links":{"self":[{"href":"https:\/\/blog.cancaonova.com\/brasilia\/wp-json\/wp\/v2\/posts\/12337"}],"collection":[{"href":"https:\/\/blog.cancaonova.com\/brasilia\/wp-json\/wp\/v2\/posts"}],"about":[{"href":"https:\/\/blog.cancaonova.com\/brasilia\/wp-json\/wp\/v2\/types\/post"}],"author":[{"embeddable":true,"href":"https:\/\/blog.cancaonova.com\/brasilia\/wp-json\/wp\/v2\/users\/1361"}],"replies":[{"embeddable":true,"href":"https:\/\/blog.cancaonova.com\/brasilia\/wp-json\/wp\/v2\/comments?post=12337"}],"version-history":[{"count":3,"href":"https:\/\/blog.cancaonova.com\/brasilia\/wp-json\/wp\/v2\/posts\/12337\/revisions"}],"predecessor-version":[{"id":12342,"href":"https:\/\/blog.cancaonova.com\/brasilia\/wp-json\/wp\/v2\/posts\/12337\/revisions\/12342"}],"wp:featuredmedia":[{"embeddable":true,"href":"https:\/\/blog.cancaonova.com\/brasilia\/wp-json\/wp\/v2\/media\/12340"}],"wp:attachment":[{"href":"https:\/\/blog.cancaonova.com\/brasilia\/wp-json\/wp\/v2\/media?parent=12337"}],"wp:term":[{"taxonomy":"category","embeddable":true,"href":"https:\/\/blog.cancaonova.com\/brasilia\/wp-json\/wp\/v2\/categories?post=12337"},{"taxonomy":"post_tag","embeddable":true,"href":"https:\/\/blog.cancaonova.com\/brasilia\/wp-json\/wp\/v2\/tags?post=12337"}],"curies":[{"name":"wp","href":"https:\/\/api.w.org\/{rel}","templated":true}]}}