{"id":12344,"date":"2014-10-30T16:14:16","date_gmt":"2014-10-30T19:14:16","guid":{"rendered":"http:\/\/blog.cancaonova.com\/brasilia\/?p=12344"},"modified":"2014-11-18T12:29:51","modified_gmt":"2014-11-18T15:29:51","slug":"agenda-cancao-nova-brasilia","status":"publish","type":"post","link":"https:\/\/blog.cancaonova.com\/brasilia\/agenda-cancao-nova-brasilia\/","title":{"rendered":"Agenda Can\u00e7\u00e3o Nova Bras\u00edlia"},"content":{"rendered":"<h2 style=\"text-align: center\">Agenda Can\u00e7\u00e3o Nova Bras\u00edlia<\/h2>\n<p style=\"text-align: center\">Fim de ano e a miss\u00e3o de evangelizar n\u00e3o p\u00e1ra.<\/p>\n<p>No <strong>dia 27 de novembro<\/strong> acontece a nossa<strong> &#8220;Missa do Clube da Evangeliza\u00e7\u00e3o&#8221;<\/strong>. Neste m\u00eas de Novembro ser\u00e1 celebrada pelo Frei Josu\u00e9. Acontecer\u00e1 no Santu\u00e1rio S\u00e3o Francisco de Assis, na 915 Norte \u00e0s 20h. Venha e traga toda a sua familia.<\/p>\n<p><a href=\"http:\/\/blog.cancaonova.com\/brasilia\/files\/2014\/10\/clubedez-1.png\"><img loading=\"lazy\" decoding=\"async\" class=\"aligncenter wp-image-12345\" src=\"http:\/\/blog.cancaonova.com\/brasilia\/files\/2014\/10\/clubedez-1.png\" alt=\"clubedez-1\" width=\"375\" height=\"253\" srcset=\"https:\/\/blog.cancaonova.com\/brasilia\/files\/2014\/10\/clubedez-1.png 825w, https:\/\/blog.cancaonova.com\/brasilia\/files\/2014\/10\/clubedez-1-300x202.png 300w\" sizes=\"(max-width: 375px) 100vw, 375px\" \/><\/a><\/p>\n<p>&nbsp;<\/p>\n<p>&nbsp;<\/p>\n<p>Participe conosco, <strong>dia 27 de novembro de 2014, no Santu\u00e1rio S\u00e3o Francisco de Assis, na 915 norte.<\/strong><\/p>\n<p>E no dia <em><strong>10 de Dezembro, excepcionalmente numa quarta feira, acontecer\u00e1 o Bazar Can\u00e7\u00e3o Nova.<\/strong><\/em> Um momento para voc\u00ea ajudar \u00a0a Can\u00e7\u00e3o Nova e tamb\u00e9m fazer umas comprinhas. \u00a0No sal\u00e3o do Santu\u00e1rio Dom Bosco na 702 Sul.<\/p>\n<p><a href=\"http:\/\/blog.cancaonova.com\/brasilia\/files\/2014\/10\/bazardez-1.png\"><img loading=\"lazy\" decoding=\"async\" class=\"aligncenter wp-image-12346\" src=\"http:\/\/blog.cancaonova.com\/brasilia\/files\/2014\/10\/bazardez-1.png\" alt=\"bazardez-1\" width=\"371\" height=\"235\" srcset=\"https:\/\/blog.cancaonova.com\/brasilia\/files\/2014\/10\/bazardez-1.png 990w, https:\/\/blog.cancaonova.com\/brasilia\/files\/2014\/10\/bazardez-1-300x189.png 300w, https:\/\/blog.cancaonova.com\/brasilia\/files\/2014\/10\/bazardez-1-900x569.png 900w\" sizes=\"(max-width: 371px) 100vw, 371px\" \/><\/a><\/p>\n<p>&nbsp;<\/p>\n<p><strong>Bazar Can\u00e7\u00e3o Nova, dia 10 de dezembro de 9h \u00e0s 15h, no Sal\u00e3o do Santu\u00e1rio Dom Bosco. Voc\u00ea \u00e9 o nosso convidado.<\/strong><\/p>\n<p>Participe destes e de outros momentos. Voc\u00ea \u00e9 o nosso convidado especial.<\/p>\n<p>&nbsp;<\/p>\n<h5><strong><em>Can\u00e7\u00e3o Nova Bras\u00edlia.<\/em><\/strong><\/h5>\n<p>&nbsp;<\/p>\n<p>&nbsp;<\/p>\n","protected":false},"excerpt":{"rendered":"<p>Agenda Can\u00e7\u00e3o Nova Bras\u00edlia Fim de ano e a miss\u00e3o de evangelizar n\u00e3o p\u00e1ra. No dia 27 de novembro acontece a nossa &#8220;Missa do Clube da Evangeliza\u00e7\u00e3o&#8221;. Neste m\u00eas de Novembro ser\u00e1 celebrada pelo Frei Josu\u00e9. Acontecer\u00e1 no Santu\u00e1rio S\u00e3o&#8230;<\/p>\n","protected":false},"author":1361,"featured_media":12276,"comment_status":"open","ping_status":"closed","sticky":false,"template":"","format":"standard","meta":{"_mi_skip_tracking":false,"_monsterinsights_sitenote_active":false,"_monsterinsights_sitenote_note":"","_monsterinsights_sitenote_category":0,"footnotes":""},"categories":[10341,20896],"tags":[18028,5011,10381,21826,10501,951],"_links":{"self":[{"href":"https:\/\/blog.cancaonova.com\/brasilia\/wp-json\/wp\/v2\/posts\/12344"}],"collection":[{"href":"https:\/\/blog.cancaonova.com\/brasilia\/wp-json\/wp\/v2\/posts"}],"about":[{"href":"https:\/\/blog.cancaonova.com\/brasilia\/wp-json\/wp\/v2\/types\/post"}],"author":[{"embeddable":true,"href":"https:\/\/blog.cancaonova.com\/brasilia\/wp-json\/wp\/v2\/users\/1361"}],"replies":[{"embeddable":true,"href":"https:\/\/blog.cancaonova.com\/brasilia\/wp-json\/wp\/v2\/comments?post=12344"}],"version-history":[{"count":2,"href":"https:\/\/blog.cancaonova.com\/brasilia\/wp-json\/wp\/v2\/posts\/12344\/revisions"}],"predecessor-version":[{"id":12350,"href":"https:\/\/blog.cancaonova.com\/brasilia\/wp-json\/wp\/v2\/posts\/12344\/revisions\/12350"}],"wp:featuredmedia":[{"embeddable":true,"href":"https:\/\/blog.cancaonova.com\/brasilia\/wp-json\/wp\/v2\/media\/12276"}],"wp:attachment":[{"href":"https:\/\/blog.cancaonova.com\/brasilia\/wp-json\/wp\/v2\/media?parent=12344"}],"wp:term":[{"taxonomy":"category","embeddable":true,"href":"https:\/\/blog.cancaonova.com\/brasilia\/wp-json\/wp\/v2\/categories?post=12344"},{"taxonomy":"post_tag","embeddable":true,"href":"https:\/\/blog.cancaonova.com\/brasilia\/wp-json\/wp\/v2\/tags?post=12344"}],"curies":[{"name":"wp","href":"https:\/\/api.w.org\/{rel}","templated":true}]}}