{"id":12355,"date":"2014-12-01T11:03:12","date_gmt":"2014-12-01T14:03:12","guid":{"rendered":"http:\/\/blog.cancaonova.com\/brasilia\/?p=12355"},"modified":"2014-12-01T11:03:12","modified_gmt":"2014-12-01T14:03:12","slug":"advento-o-primeiro-olhar-e-para-a-vinda-definitiva-do-senhor","status":"publish","type":"post","link":"https:\/\/blog.cancaonova.com\/brasilia\/advento-o-primeiro-olhar-e-para-a-vinda-definitiva-do-senhor\/","title":{"rendered":"Advento: O primeiro olhar \u00e9 para a vinda definitiva do Senhor"},"content":{"rendered":"<p><strong>O primeiro olhar \u00e9 para a vinda definitiva do Senhor<\/strong><\/p>\n<p>A Igreja realiza sua miss\u00e3o evangelizadora no tempo e no espa\u00e7o que a Provid\u00eancia de Deus lhe concede. Compete a ela a busca cont\u00ednua da fidelidade ao seu Senhor, pois a visibilidade dos sinais da gra\u00e7a de Deus lhe foi entregue, enquanto esperamos a vinda gloriosa de Jesus Cristo. Seu Mist\u00e9rio Pascal de Morte e Ressurrei\u00e7\u00e3o e o final dos tempos, quando vir\u00e1 para julgar os vivos e os mortos, s\u00e3o dois polos de tens\u00e3o, com os quais buscamos a fidelidade ao Evangelho, praticando o amor a Deus e ao pr\u00f3ximo, <strong>somos fermento de vida e esperan\u00e7a para o mundo e continuamos a anunciar o nome de Jesus Cristo<\/strong>, \u00fanico e suficiente Salvador de todos os homens e mulheres que vierem a esta terra.<\/p>\n<p><a href=\"http:\/\/img.cancaonova.com\/cnimages\/canais\/uploads\/sites\/6\/2014\/11\/formacao_o-primeiro-olhar-e-para-a-vinda-definitiva-do-senhor-940x500.jpg\"><img loading=\"lazy\" decoding=\"async\" class=\"alignleft size-full wp-image-32402\" src=\"http:\/\/img.cancaonova.com\/cnimages\/canais\/uploads\/sites\/6\/2014\/11\/formacao_o-primeiro-olhar-e-para-a-vinda-definitiva-do-senhor-940x500.jpg\" alt=\"O primeiro olhar \u00e9 para a vinda definitiva do Senhor - 940x500\" width=\"940\" height=\"500\" \/><\/a><\/p>\n<p>A sabedoria de Deus concedida \u00e0 sua Igreja suscitou um caminho formativo amadurecido no correr dos s\u00e9culos, o Ano Lit\u00fargico, para manter viva esta tens\u00e3o positiva, que gera testemunho de vida crist\u00e3 e realiza\u00e7\u00e3o profunda para as pessoas. Tudo come\u00e7ou com o dia da Ressurrei\u00e7\u00e3o, o Domingo, P\u00e1scoa semanal. A cada semana, tornar presente a Morte e a Ressurrei\u00e7\u00e3o de Cristo, quando a Comunidade Crist\u00e3, reunida em torno da Palavra de Deus e da Mesa Eucar\u00edstica, se edifica como Corpo de Cristo. \u00c0 Eucaristia de Domingo os crist\u00e3os levam suas lutas e seus trabalhos, louvam ao Senhor e encontram o sustento para a f\u00e9, na vida quotidiana. As gera\u00e7\u00f5es que se sucederam come\u00e7aram a celebrar anualmente a P\u00e1scoa do Senhor, hoje realizada de modo solene no que chamamos Tr\u00edduo Pascal, de quinta-feira santa ao cair da tarde at\u00e9 o Domingo de P\u00e1scoa, com seu ponto mais alto na grande Vig\u00edlia Pascal. \u00c9 P\u00e1scoa anual! <strong>Quando celebramos a Missa em qualquer tempo do ano, acontece a P\u00e1scoa di\u00e1ria.<\/strong> \u00c9 o mesmo e \u00fanico mist\u00e9rio de Cristo. N\u00e3o fazemos teatro, mas realizamos a presen\u00e7a do Senhor, que entregou \u00e0 Igreja a grande tarefa: \u201cFazei isto em mem\u00f3ria de mim\u201d (1 Cor 11, 24-25).<\/p>\n<p>Como \u00e9 grande o Mist\u00e9rio, o Ano Lit\u00fargico veio a se compor pouco a pouco, contemplando anualmente todos os grandes eventos de nossa Salva\u00e7\u00e3o, enriquecendo com abund\u00e2ncia de textos b\u00edblicos as grandes celebra\u00e7\u00f5es, valorizando as ora\u00e7\u00f5es que foram compostas e expressam a viv\u00eancia da f\u00e9, recolhendo nos diversos ritos a grandeza da vida que o Senhor oferece. O Ano da Igreja, que come\u00e7a no Primeiro domingo do Advento, em 2014 celebrado no dia 30 de novembro, tem dois grandes ciclos, o do Natal e o da P\u00e1scoa, com os quais somos pedagogicamente conduzidos a aperfei\u00e7oar a vida crist\u00e3, de forma que o Senhor nos encontre, a cada ano, n\u00e3o girando em torno de um mesmo eixo, mas crescidos, como uma espiral que aponta para a eternidade, enquanto clamamos \u201cVem, Senhor Jesus\u201d!<\/p>\n<p>E o Tempo do Advento, que agora iniciamos, \u00e9 justamente marcado pela virtude da esperan\u00e7a, que somos chamados a testemunhar e oferecer ao nosso mundo cansado, pois s\u00f3 em Jesus Cristo, \u00fanica esperan\u00e7a, encontrar\u00e1 seu sentido e realiza\u00e7\u00e3o a vida humana. A Igreja nos prop\u00f5e quatro semanas de intensa vida de ora\u00e7\u00e3o e de exerc\u00edcio das virtudes. <strong>O primeiro olhar \u00e9 para a vinda definitiva do Senhor, que um dia vir\u00e1 ao nosso encontro, cercado de gl\u00f3ria e esplendor.<\/strong> \u00c9 hora de refletir sobre a relatividade das coisas e preparar-nos para o encontro pessoal com o Senhor, quando nos chamar \u00e0 sua presen\u00e7a. Em seguida, durante duas semanas a Igreja nos faz olhar para o tempo presente de nossa f\u00e9. Ouvimos o convite \u00e0 convers\u00e3o, somos levados a arrumar a casa de nossa vida para a grande presen\u00e7a do Senhor. Aquele que um dia vir\u00e1, vem a n\u00f3s nos dias de hoje. Para ajudar-nos, a Igreja apresenta duas figuras, que podem ser chamadas de \u201cpadrinhos\u201d de Advento, o Profeta Isa\u00edas e S\u00e3o Jo\u00e3o Batista. Na \u00faltima semana antes do Natal, a\u00ed, sim, nosso olhar se volta para Bel\u00e9m de Jud\u00e1, Pres\u00e9pio, Pastores, Reis Magos. \u00c9 a oportunidade para preparar a celebra\u00e7\u00e3o do Natal. Quem nos toma pela m\u00e3o na etapa final do Advento, para acompanhar os acontecimentos vividos em primeira pessoa, \u00e9 a Virgem Santa Maria, M\u00e3e de Deus e nossa. Da\u00ed a necessidade de corrigir com delicadeza nosso modo de viver este per\u00edodo. Maior do que o dia de Festa no Natal \u00e9 a realidade do Senhor Jesus que vir\u00e1, vem a n\u00f3s e um dia veio! Torna-se vazia uma festa sem a presen\u00e7a daquele que \u00e9 o cora\u00e7\u00e3o da hist\u00f3ria humana, nosso Senhor Jesus Cristo.<\/p>\n<p>Uma Igreja em estado de Advento \u00e9 o que queremos oferecer-nos mutuamente e dar de presente ao nosso mundo. Estimulemos uns aos outros na viv\u00eancia da esperan\u00e7a, certos da necessidade da reden\u00e7\u00e3o de Cristo, que nos diz \u201csem mim, nada podeis fazer\u201d (Jo 15, 5). Cres\u00e7a nossa abertura, cheia de esperan\u00e7a, a Cristo e \u00e0 sua Palavra Salvadora. Caiam todos os obst\u00e1culos e defesas, venha a gra\u00e7a da fidelidade ao Senhor. E a vida crist\u00e3 n\u00e3o tenha receio de olhar para a eternidade, onde Cristo est\u00e1 sentado, \u00e0 direita do Pai (Cf. Ef 1, 20-23). Temos uma eternidade inteira para viver na Comunh\u00e3o com a Sant\u00edssima Trindade, os Anjos e os Santos. \u00c9 nossa voca\u00e7\u00e3o e nosso ponto de chegada. Com esta luz, os crist\u00e3os s\u00e3o chamados a serem homens e mulheres capazes de iluminar com a esperan\u00e7a todos os recantos da humanidade. A gra\u00e7a da voca\u00e7\u00e3o crist\u00e3 nos fa\u00e7a respons\u00e1veis pelo an\u00fancio do Evangelho e pela salva\u00e7\u00e3o dos outros (Cf. Rm 8, 29). Ningu\u00e9m fique desanimado, desde que encontre um crist\u00e3o aut\u00eantico, mesmo que este saiba ser limitado, tantas vezes fr\u00e1gil e marcado pelo pecado, mas nunca derrotado.<\/p>\n<p>As pessoas que tiverem contato com os crist\u00e3os neste per\u00edodo, descubram-nos rezando mais e rezando melhor. As Novenas de Natal, celebradas em grupos de fam\u00edlias, s\u00e3o um excelente testemunho de vida de ora\u00e7\u00e3o. Seja uma ora\u00e7\u00e3o cheia de humildade, sinceridade, abertura maior para Deus e obedi\u00eancia \u00e0s suas promessas.<\/p>\n<p>E como falamos de esperan\u00e7a, temos o direito e o dever de sonhar com um mundo mais justo e fraterno. Queremos antecip\u00e1-lo, em estado de Advento, na experi\u00eancia da caridade e da partilha dos bens. Em nossa Arquidiocese de Bel\u00e9m, realizamos durante o Advento o projeto \u201cBel\u00e9m, Casa do P\u00e3o\u201d. Cresce a cada ano, ao lado do compromisso de nossas Par\u00f3quias, a ades\u00e3o da sociedade ao nosso modo de comprometer as pessoas com a partilha dos bens, realizando a voca\u00e7\u00e3o que se encontra em nosso nome, Bel\u00e9m!<\/p>\n<p>&nbsp;<\/p>\n<hr \/>\n<p>&nbsp;<\/p>\n<div class=\"entry_author_image\"><\/div>\n<h3><img loading=\"lazy\" decoding=\"async\" class=\"alignleft\" src=\"http:\/\/formacao.cancaonova.com\/wp-content\/authors\/70_thumb.jpg\" alt=\"\" width=\"132\" height=\"128\" \/>Dom Alberto Taveira Corr\u00eaa<\/h3>\n<p style=\"text-align: left\">Dom Alberto Taveira foi Reitor do Semin\u00e1rio Provincial Cora\u00e7\u00e3o Eucar\u00edstico de Jesus em Belo Horizonte. Na Arquidiocese de Belo Horizonte foi ainda vig\u00e1rio Episcopal para a Pastoral e Professor de Liturgia na PUC-MG. Em Bras\u00edlia, assumiu a coordena\u00e7\u00e3o do Vicariato Sul da Arquidiocese, al\u00e9m das diversas atividades de Bispo Auxiliar, entre outras. No dia 30 de dezembro de 2009, foi nomeado Arcebispo da Arquidiocese de Bel\u00e9m &#8211; PA.<\/p>\n<hr \/>\n<p>fonte: <a title=\"Forma\u00e7\u00e3o Can\u00e7\u00e3o Nova\" href=\"http:\/\/formacao.cancaonova.com\/\" target=\"_blank\">formacao.cancaonova.com<\/a><\/p>\n","protected":false},"excerpt":{"rendered":"<p>O primeiro olhar \u00e9 para a vinda definitiva do Senhor A Igreja realiza sua miss\u00e3o evangelizadora no tempo e no espa\u00e7o que a Provid\u00eancia de Deus lhe concede. Compete a ela a busca cont\u00ednua da fidelidade ao seu Senhor, pois&#8230;<\/p>\n","protected":false},"author":1361,"featured_media":0,"comment_status":"open","ping_status":"closed","sticky":false,"template":"","format":"standard","meta":{"_mi_skip_tracking":false,"_monsterinsights_sitenote_active":false,"_monsterinsights_sitenote_note":"","_monsterinsights_sitenote_category":0,"footnotes":""},"categories":[23],"tags":[9931,17377,177815,16967],"_links":{"self":[{"href":"https:\/\/blog.cancaonova.com\/brasilia\/wp-json\/wp\/v2\/posts\/12355"}],"collection":[{"href":"https:\/\/blog.cancaonova.com\/brasilia\/wp-json\/wp\/v2\/posts"}],"about":[{"href":"https:\/\/blog.cancaonova.com\/brasilia\/wp-json\/wp\/v2\/types\/post"}],"author":[{"embeddable":true,"href":"https:\/\/blog.cancaonova.com\/brasilia\/wp-json\/wp\/v2\/users\/1361"}],"replies":[{"embeddable":true,"href":"https:\/\/blog.cancaonova.com\/brasilia\/wp-json\/wp\/v2\/comments?post=12355"}],"version-history":[{"count":7,"href":"https:\/\/blog.cancaonova.com\/brasilia\/wp-json\/wp\/v2\/posts\/12355\/revisions"}],"predecessor-version":[{"id":12362,"href":"https:\/\/blog.cancaonova.com\/brasilia\/wp-json\/wp\/v2\/posts\/12355\/revisions\/12362"}],"wp:attachment":[{"href":"https:\/\/blog.cancaonova.com\/brasilia\/wp-json\/wp\/v2\/media?parent=12355"}],"wp:term":[{"taxonomy":"category","embeddable":true,"href":"https:\/\/blog.cancaonova.com\/brasilia\/wp-json\/wp\/v2\/categories?post=12355"},{"taxonomy":"post_tag","embeddable":true,"href":"https:\/\/blog.cancaonova.com\/brasilia\/wp-json\/wp\/v2\/tags?post=12355"}],"curies":[{"name":"wp","href":"https:\/\/api.w.org\/{rel}","templated":true}]}}