{"id":12364,"date":"2014-12-08T09:41:51","date_gmt":"2014-12-08T12:41:51","guid":{"rendered":"http:\/\/blog.cancaonova.com\/brasilia\/?p=12364"},"modified":"2014-12-08T10:13:31","modified_gmt":"2014-12-08T13:13:31","slug":"padre-jonas-abib-feito-tudo-para-todos","status":"publish","type":"post","link":"https:\/\/blog.cancaonova.com\/brasilia\/padre-jonas-abib-feito-tudo-para-todos\/","title":{"rendered":"Padre Jonas Abib: Feito tudo para todos"},"content":{"rendered":"<hgroup>\n<h2 style=\"text-align: center\">Padre Jonas Abib: Feito tudo para todos<\/h2>\n<\/hgroup>\n<div id=\"content-post\">\n<article id=\"post-1645\">\n<div>\n<h5><strong>Jakeline Megda D\u2019Onofrio<\/strong><br \/>\n<strong> Da Reda\u00e7\u00e3o<\/strong><\/h5>\n<div style=\"width: 156px\" class=\"wp-caption aligncenter\"><a href=\"http:\/\/blog.cancaonova.com\/brasilia\/files\/2014\/12\/pjonasjaneiro2007.jpg\"><img loading=\"lazy\" decoding=\"async\" class=\"\" src=\"http:\/\/blog.cancaonova.com\/brasilia\/files\/2014\/12\/pjonasjaneiro2007.jpg\" alt=\"pjonasjaneiro2007\" width=\"146\" height=\"255\" \/><\/a><p class=\"wp-caption-text\">Monsenhor Jonas Abib<\/p><\/div>\n<h5 style=\"text-align: center\">\u201cAnunciar o Evangelho n\u00e3o e gl\u00f3ria para mim; \u00e9 uma obriga\u00e7\u00e3o que se me imp\u00f5e. Ai de mim, se eu n\u00e3o anunciar o Evangelho! [\u2026] Fiz-me fraco com os fracos, a fim de ganhar os fracos. Fiz-me tudo para todos, a fim de salvar a todos\u201d (I Cor\u00edntios 9,16 e 22).<\/h5>\n<p style=\"text-align: justify\">O lema sacerdotal \u201cFeito tudo para todos\u201d reflete a vida desse profeta da modernidade, cuja miss\u00e3o e obra s\u00e3o dedicadas inteiramente \u00e0 propaga\u00e7\u00e3o do Evangelho e do amor salv\u00edfico de Deus, sendo por isso chamado carinhosamente de \u201cpadre Jonas da B\u00edblia\u201d. Um sacerdote da Palavra, escolhido por Deus para evangelizar por interm\u00e9dio da m\u00fasica, dos livros, das prega\u00e7\u00f5es e dos meios de comunica\u00e7\u00e3o, cujos frutos para a Igreja e para o mundo s\u00e3o incont\u00e1veis. Ele narra, com muita emo\u00e7\u00e3o, a sua entrega ao chamado de Deus por meio do sacerd\u00f3cio:<\/p>\n<p style=\"text-align: justify\">\u201cChegou, enfim, o grande momento da minha vida. Tudo havia sido preparado e ensaiado. Agora era o momento de entrar em cena e mostrar que todo o aprendizado tivera sentido. Tanto o aprendizado que veio das aulas, dos livros, como aquele que veio dos sinais. Sinais que me davam provas concretas da real exist\u00eancia de milagres. Estava ali para entregar-me. Uma entrega total, consciente. Uma entrega alimentada por tantas refei\u00e7\u00f5es de dores e de certezas, de pobreza e de bonan\u00e7a, de solid\u00e3o e de acolhimento. Momentos que hoje s\u00e3o leves, mas que, na \u00e9poca, meu Deus, s\u00f3 o Senhor sabe pelo que passei\u201d, testemunha.<\/p>\n<p style=\"text-align: justify\">Saiba um pouco da hist\u00f3ria do chamado ao sacerd\u00f3cio do monsenhor Jonas<\/p>\n<p style=\"text-align: justify\">Aos 12 anos, ele passou a estudar no Liceu Cora\u00e7\u00e3o de Jesus, pertencente \u00e0 Congrega\u00e7\u00e3o dos Salesianos, na capital paulista, e a trabalhar nas oficinas de artes gr\u00e1ficas, no setor de encaderna\u00e7\u00e3o. E um senhor chamado Jos\u00e9 Pinto disse-lhe que havia vagas abertas para o semin\u00e1rio S\u00e3o Manoel de Lavrinhas (SP) e lhe passou a lista dos materiais necess\u00e1rios para o ingresso, na qual estava escrito que ele deveria levar dois sacos de roupas. Contudo, por um mal-entendido, os pais, ao lerem a lista, pensaram que ele precisaria de dois sacos cheios de roupas. Por isso ele diz ter chorado \u00e0 noite inteira, sem esperan\u00e7a de ingressar no semin\u00e1rio, porque os pais eram pobres e n\u00e3o teriam condi\u00e7\u00f5es financeiras de comprar tantas roupas, nem de mant\u00ea-lo l\u00e1. Segundo monsenhor essa foi a maior dor que ele sentira quando crian\u00e7a.<\/p>\n<p style=\"text-align: justify\">No outro dia o senhor Jos\u00e9 Pinto perguntou a ele: \u201cFalou com seus pais?\u201d. Jonas respondeu: \u201cMeus pais s\u00e3o pobres e n\u00e3o t\u00eam dinheiro para encher um saco de roupas; imagine dois!\u201d. Monsenhor conta que esse homem caiu na gargalhada, porque os dois sacos eram para ele colocar as roupas sujas. E assim se iniciava um tempo novo na vida daquele jovem garoto de apenas 12 anos de idade.<\/p>\n<p style=\"text-align: justify\">Prepara\u00e7\u00e3o para a ordena\u00e7\u00e3o sacerdotal<\/p>\n<p style=\"text-align: justify\">Jonas Abib se programou para fazer dois dias de retiro para a ordena\u00e7\u00e3o. E no primeiro dia de retiro, no final do dia, seus pais, S\u00e9rgio Abib e Josepha Pacheco Abib, foram levar os seus paramentos e lhe dar a b\u00ean\u00e7\u00e3o. Ficaram ali com o futuro sacerdote conversando um pouco, recordando-se dos momentos marcantes e at\u00e9 mesmo do mal-entendido acerca dos dois sacos de roupa suja. Riram, choraram e se despediram. Monsenhor partilhou que n\u00e3o sabe dizer se o que o marcou foi aquele momento de lembran\u00e7a ou a sua ordena\u00e7\u00e3o.<\/p>\n<p><a title=\"Padre Jonas Abib: Feito tudo para todos\" href=\"http:\/\/img.cancaonova.com\/cnimages\/especiais\/uploads\/sites\/9\/2014\/09\/Padre-Jonas-Feito-tudo-para-todos.jpg\" rel=\"lightbox[1645]\"><img loading=\"lazy\" decoding=\"async\" class=\"aligncenter\" src=\"http:\/\/img.cancaonova.com\/cnimages\/especiais\/uploads\/sites\/9\/2014\/09\/Padre-Jonas-Feito-tudo-para-todos.jpg\" alt=\"Padre Jonas: Feito tudo para todos\" width=\"471\" height=\"368\" \/><\/a><\/p>\n<p style=\"text-align: justify\">No total foram ordenados dezessete sacerdotes no dia 8 de dezembro de 1964, contando com ele, na Igreja de Nossa Senhora Auxiliadora, no <a href=\"http:\/\/play.cancaonova.com\/play\/9\/da6e63a72e1f91a9d19e1280462bcee1\/\">Semin\u00e1rio S\u00e3o Manoel<\/a>, da Congrega\u00e7\u00e3o dos Salesianos de Lavrinhas (SP). Na hora dos ensaios para a cerim\u00f4nia de ordena\u00e7\u00e3o, ele disse que estava na quarta fileira, no meio da turma, n\u00e3o seria o primeiro. Mas, quando se iniciou a chamada para a ordena\u00e7\u00e3o, o oficiante disse: \u201cJonas Abib\u201d. Ele narra que n\u00e3o sabe o que acontecera para que o seu nome fosse o primeiro da lista e que ouvira essas palavras no seu cora\u00e7\u00e3o: \u201cN\u00e3o viste tua doen\u00e7a? Foste o \u00fanico com a certeza da ordena\u00e7\u00e3o. \u00c9s o primeiro a ser ordenado entre os teus colegas\u201d. Pois toda a sua vida havia sido marcada por milagres: do nascimento, quando sua m\u00e3e tivera complica\u00e7\u00f5es na hora do parto e recorreu \u00e0 intercess\u00e3o de S\u00e3o Jo\u00e3o Bosco, at\u00e9 a gra\u00e7a do tratamento correto e da cura do tracoma dos olhos, contra\u00edda aos dois anos de idade. E tamb\u00e9m ao ficar curado de um mal-estar que o deixava com fortes dores de cabe\u00e7a e a vis\u00e3o turva, sem que os m\u00e9dicos descobrissem a causa, um pouco antes de ser ordenado.<\/p>\n<p style=\"text-align: justify\">Seus padrinhos de ordena\u00e7\u00e3o foram seu tio Santos e a tia Irene.<\/p>\n<p style=\"text-align: justify\">J\u00e1 no primeiro dia de padre, ele foi o escolhido para fazer o discurso da ordena\u00e7\u00e3o. Deus j\u00e1 havia lhe dado o dom da efic\u00e1cia da Palavra, conforme ele havia pedido ao Senhor, espelhando-se em Dom Bosco. E disse ter escolhido na \u00faltima hora o lema sacerdotal: \u201cFiz-me tudo para todos\u201d (I Cor 9, 22). Escreveu no seu convite de ordena\u00e7\u00e3o sacerdotal: \u201cJonas, sacerdote do Senhor, feito tudo para todos\u201d.<\/p>\n<p style=\"text-align: justify\">Como esse grande homem de Deus mesmo diz: \u201cComo tinha escolhido aquele lema, precisei coloc\u00e1-lo em pr\u00e1tica j\u00e1 no dia seguinte, atendendo ao pedido do meu colega. N\u00e3o sou eu que mando, j\u00e1 que fui feito tudo para todos. A\u00ed j\u00e1 estava delineada a minha miss\u00e3o. Meu modo de vida. Feito tudo para todos\u201d.<\/p>\n<p style=\"text-align: justify\">Como dizemos na Can\u00e7\u00e3o Nova: \u201cDeus fala nos fatos!\u201d. A vida desse sacerdote do Alt\u00edssimo sempre foi uma entrega total para os seus filhos da Comunidade Can\u00e7\u00e3o Nova e para a Igreja. Sempre em busca da santidade para ser um bom pai espiritual a todos e, principalmente, para ser aquilo que Deus sonha: um sacerdote santo para um mundo novo. Um sacerdote cuja miss\u00e3o \u00e9 preparar o povo de Deus para a segunda vinda de Cristo.<\/p>\n<hr \/>\n<p style=\"text-align: justify\">Celebremos como alegria a vida deste grande homem de Deus que nos indica dia ap\u00f3s dia o caminho para o c\u00e9u.<\/p>\n<p style=\"text-align: justify\">**texto copiado do portal: cancaonova.com<\/p>\n<\/div>\n<\/article>\n<\/div>\n","protected":false},"excerpt":{"rendered":"<p>Padre Jonas Abib: Feito tudo para todos Jakeline Megda D\u2019Onofrio Da Reda\u00e7\u00e3o \u201cAnunciar o Evangelho n\u00e3o e gl\u00f3ria para mim; \u00e9 uma obriga\u00e7\u00e3o que se me imp\u00f5e. Ai de mim, se eu n\u00e3o anunciar o Evangelho! [\u2026] Fiz-me fraco com&#8230;<\/p>\n","protected":false},"author":1361,"featured_media":0,"comment_status":"open","ping_status":"closed","sticky":false,"template":"","format":"standard","meta":{"_mi_skip_tracking":false,"_monsterinsights_sitenote_active":false,"_monsterinsights_sitenote_note":"","_monsterinsights_sitenote_category":0,"footnotes":""},"categories":[10341,159277],"tags":[16504,26712,16297,8181],"_links":{"self":[{"href":"https:\/\/blog.cancaonova.com\/brasilia\/wp-json\/wp\/v2\/posts\/12364"}],"collection":[{"href":"https:\/\/blog.cancaonova.com\/brasilia\/wp-json\/wp\/v2\/posts"}],"about":[{"href":"https:\/\/blog.cancaonova.com\/brasilia\/wp-json\/wp\/v2\/types\/post"}],"author":[{"embeddable":true,"href":"https:\/\/blog.cancaonova.com\/brasilia\/wp-json\/wp\/v2\/users\/1361"}],"replies":[{"embeddable":true,"href":"https:\/\/blog.cancaonova.com\/brasilia\/wp-json\/wp\/v2\/comments?post=12364"}],"version-history":[{"count":7,"href":"https:\/\/blog.cancaonova.com\/brasilia\/wp-json\/wp\/v2\/posts\/12364\/revisions"}],"predecessor-version":[{"id":12369,"href":"https:\/\/blog.cancaonova.com\/brasilia\/wp-json\/wp\/v2\/posts\/12364\/revisions\/12369"}],"wp:attachment":[{"href":"https:\/\/blog.cancaonova.com\/brasilia\/wp-json\/wp\/v2\/media?parent=12364"}],"wp:term":[{"taxonomy":"category","embeddable":true,"href":"https:\/\/blog.cancaonova.com\/brasilia\/wp-json\/wp\/v2\/categories?post=12364"},{"taxonomy":"post_tag","embeddable":true,"href":"https:\/\/blog.cancaonova.com\/brasilia\/wp-json\/wp\/v2\/tags?post=12364"}],"curies":[{"name":"wp","href":"https:\/\/api.w.org\/{rel}","templated":true}]}}