{"id":12381,"date":"2015-01-02T09:08:23","date_gmt":"2015-01-02T12:08:23","guid":{"rendered":"http:\/\/blog.cancaonova.com\/brasilia\/?p=12381"},"modified":"2015-01-02T09:08:23","modified_gmt":"2015-01-02T12:08:23","slug":"previsoes-para-o-seu-2015","status":"publish","type":"post","link":"https:\/\/blog.cancaonova.com\/brasilia\/previsoes-para-o-seu-2015\/","title":{"rendered":"Previs\u00f5es para o seu 2015"},"content":{"rendered":"<p><strong>Quero dar a voc\u00ea algumas previs\u00f5es para o pr\u00f3ximo ano.<\/strong><\/p>\n<p style=\"text-align: justify\">&#8211; \u201cBuscai o Reino de Deus e a sua justi\u00e7a e tudo o mais vos ser\u00e1 acrescentado\u201d. (Mt 6, 33. )<\/p>\n<p style=\"text-align: justify\">&#8211; \u201cOs que confiam no Senhor s\u00e3o como os montes de Si\u00e3o que n\u00e3o se abalam\u201d. (Sl 125,1)<\/p>\n<p style=\"text-align: justify\">&#8211; \u201cTudo concorre para o bem daqueles que amam a Deus\u201d. (Rm 8,28)<\/p>\n<p style=\"text-align: justify\">&#8211; \u201cEu vos disse essas coisas para que em mim tenhais paz. No mundo tereis afli\u00e7\u00f5es, mas coragem, eu venci o mundo.\u201d (Jo, 16,33 )<\/p>\n<p style=\"text-align: justify\">&#8211; \u201cEstou convosco todos os dias at\u00e9 os fins dos tempos\u201d. (Mt 28,20 ) Jesus est\u00e1 e estar\u00e1 conosco todos os dias do ano de 2015<\/p>\n<p style=\"text-align: justify\">Agora quero convidar voc\u00ea agora a fazer uma viagem at\u00e9 Bel\u00e9m. A partir do evangelho Lc 2, 16 \u2013 21, em que conta a visita dos pastores ao menino Jesus, l\u00e1 afirma que os que ouviram os pastores ficavam maravilhados.<\/p>\n<p style=\"text-align: justify\">Nesta passagem diz que os pastores foram as pressas comprovar o que os enviados de Deus anunciaram a eles. Eles sentiram o desejo de encontrar o que lhes foi anunciado, o sinal que veio do c\u00e9u os provocou. <strong>Que neste ano sejamos apressados para estar com o Senhor, para ir onde Ele est\u00e1.<\/strong> Seja atrav\u00e9s de um momento de ora\u00e7\u00e3o, adora\u00e7\u00e3o, mas que tenhamos pressa para estar com o Senhor. Se voc\u00ea se arrastou espiritualmente no ano passado o Senhor quer que nos adiantemos, recuperemos o tempo perdido neste novo ano.<\/p>\n<div id=\"attachment_12382\" style=\"width: 330px\" class=\"wp-caption aligncenter\"><a href=\"http:\/\/blog.cancaonova.com\/brasilia\/files\/2015\/01\/Natal3.jpg\"><img loading=\"lazy\" decoding=\"async\" aria-describedby=\"caption-attachment-12382\" class=\"wp-image-12382\" src=\"http:\/\/blog.cancaonova.com\/brasilia\/files\/2015\/01\/Natal3.jpg\" alt=\"Bethlehem\" width=\"320\" height=\"334\" srcset=\"https:\/\/blog.cancaonova.com\/brasilia\/files\/2015\/01\/Natal3.jpg 1971w, https:\/\/blog.cancaonova.com\/brasilia\/files\/2015\/01\/Natal3-287x300.jpg 287w, https:\/\/blog.cancaonova.com\/brasilia\/files\/2015\/01\/Natal3-900x938.jpg 900w\" sizes=\"(max-width: 320px) 100vw, 320px\" \/><\/a><p id=\"caption-attachment-12382\" class=\"wp-caption-text\">\u00cdcone da Natividade de Jesus &#8211; Bel\u00e9m<\/p><\/div>\n<p style=\"text-align: justify\">Continuando nossa viagem, chegamos \u00e0 estribaria. Os pastores chegaram l\u00e1 porque acreditaram nas promessas do Senhor. Ainda que tivesse demorado se realizar a vinda do Salvador. Eles acreditaram na mensagem do c\u00e9u, na Palavra do anjo. Precisamos crescer no contato com a Palavra neste ano que se inicia.<\/p>\n<p style=\"text-align: justify\">Eles encontraram o rec\u00e9m-nascido deitado na manjedoura. A manjedoura \u00e9 um cocho, local onde o boi come, ali era o bercinho de Jesus. Segundo santo Agostinho Jesus estava dentro do cocho para dizer a mim e a voc\u00ea que Ele \u00e9 o nosso alimento para nos conduzir ao c\u00e9u. Bel\u00e9m \u00e9 a cidade do p\u00e3o, mais tarde Jesus mesmo afirma ser o p\u00e3o do c\u00e9u. Neste novo ano devemos nos comprometer ao menos com a Missa dominical. Ele \u00e9 o alimento que gera a vida eterna.<\/p>\n<p style=\"text-align: justify\">\u201cTendo o visto, contaram o que fora dito sobre o menino\u201d. Os pastores deram testemunho daquilo que eles tinham escutado, n\u00f3s tamb\u00e9m devemos testemunhar as gra\u00e7as do Senhor. \u201cTodo aquele que se declarar por mim diante dos homens, eu me declararei por ele diante do meu Pai que est\u00e1 no c\u00e9u\u201d (Mateus 10, 32). Precisamos aprender com os pastores a testemunhar\u00a0o que Deus realiza em n\u00f3s. E isto com a vida, comportamento, palavras, que as pessoas vejam que voc\u00ea \u00e9 diferente, que voc\u00ea foi alcan\u00e7ado pela gra\u00e7a de Deus. \u201cTalvez a sua vida seja o \u00fanico Evangelho que algu\u00e9m consiga ler\u201d. (Francisco de Assis)<\/p>\n<p style=\"text-align: justify\">Outro passo que quero te convidar \u00e9 a voltar a se maravilhar. Muitas coisas, tem perdido o sentido para muitas pessoas, por causa dos grandes espet\u00e1culos midi\u00e1ticos, pelas tecnologias perdemos a capacidade de nos maravilharmos com o menino que nasceu na manjedoura. Precisamos voltar a compreender, dar sentido a nossa f\u00e9, o que proporciona sentido a nossa vida, o secularismo tem roubado de n\u00f3s a raz\u00e3o das coisas. Pe\u00e7amos ao Esp\u00edrito Santo que nos encha de sentido novamente.<\/p>\n<div style=\"width: 129px\" class=\"wp-caption alignright\"><img loading=\"lazy\" decoding=\"async\" src=\"http:\/\/img.cancaonova.com\/cnimages\/canais\/uploads\/sites\/14\/2015\/01\/Missa-Padre-Roger-269x329.jpg\" alt=\"\" width=\"119\" height=\"146\" \/><p class=\"wp-caption-text\">Padre Roger Lu\u00eds<\/p><\/div>\n<p style=\"text-align: right\">\n<p style=\"text-align: right\">\n<h5 style=\"text-align: right\"><strong>Trecho da Homilia de Padre Roger Lu\u00eds do dia 01\/01\/2015<\/strong><\/h5>\n<p>&nbsp;<\/p>\n<p>&nbsp;<\/p>\n<p>via: <a title=\"Roger Luis\" href=\"http:\/\/eventos.cancaonova.com\/pregacoes\/previsoes-para-sua-vida-em-2015\/\">cancaonova.com<\/a><\/p>\n","protected":false},"excerpt":{"rendered":"<p>Quero dar a voc\u00ea algumas previs\u00f5es para o pr\u00f3ximo ano. &#8211; \u201cBuscai o Reino de Deus e a sua justi\u00e7a e tudo o mais vos ser\u00e1 acrescentado\u201d. (Mt 6, 33. ) &#8211; \u201cOs que confiam no Senhor s\u00e3o como os&#8230;<\/p>\n","protected":false},"author":1361,"featured_media":11938,"comment_status":"open","ping_status":"closed","sticky":false,"template":"","format":"standard","meta":{"_mi_skip_tracking":false,"_monsterinsights_sitenote_active":false,"_monsterinsights_sitenote_note":"","_monsterinsights_sitenote_category":0,"footnotes":""},"categories":[23],"tags":[174403,9291,16559,29115,168228],"_links":{"self":[{"href":"https:\/\/blog.cancaonova.com\/brasilia\/wp-json\/wp\/v2\/posts\/12381"}],"collection":[{"href":"https:\/\/blog.cancaonova.com\/brasilia\/wp-json\/wp\/v2\/posts"}],"about":[{"href":"https:\/\/blog.cancaonova.com\/brasilia\/wp-json\/wp\/v2\/types\/post"}],"author":[{"embeddable":true,"href":"https:\/\/blog.cancaonova.com\/brasilia\/wp-json\/wp\/v2\/users\/1361"}],"replies":[{"embeddable":true,"href":"https:\/\/blog.cancaonova.com\/brasilia\/wp-json\/wp\/v2\/comments?post=12381"}],"version-history":[{"count":1,"href":"https:\/\/blog.cancaonova.com\/brasilia\/wp-json\/wp\/v2\/posts\/12381\/revisions"}],"predecessor-version":[{"id":12383,"href":"https:\/\/blog.cancaonova.com\/brasilia\/wp-json\/wp\/v2\/posts\/12381\/revisions\/12383"}],"wp:featuredmedia":[{"embeddable":true,"href":"https:\/\/blog.cancaonova.com\/brasilia\/wp-json\/wp\/v2\/media\/11938"}],"wp:attachment":[{"href":"https:\/\/blog.cancaonova.com\/brasilia\/wp-json\/wp\/v2\/media?parent=12381"}],"wp:term":[{"taxonomy":"category","embeddable":true,"href":"https:\/\/blog.cancaonova.com\/brasilia\/wp-json\/wp\/v2\/categories?post=12381"},{"taxonomy":"post_tag","embeddable":true,"href":"https:\/\/blog.cancaonova.com\/brasilia\/wp-json\/wp\/v2\/tags?post=12381"}],"curies":[{"name":"wp","href":"https:\/\/api.w.org\/{rel}","templated":true}]}}