{"id":12385,"date":"2015-01-07T13:09:42","date_gmt":"2015-01-07T16:09:42","guid":{"rendered":"http:\/\/blog.cancaonova.com\/brasilia\/?p=12385"},"modified":"2015-01-07T13:09:42","modified_gmt":"2015-01-07T16:09:42","slug":"agenda-cancao-nova","status":"publish","type":"post","link":"https:\/\/blog.cancaonova.com\/brasilia\/agenda-cancao-nova\/","title":{"rendered":"Agenda Can\u00e7\u00e3o Nova"},"content":{"rendered":"<h2>Fevereiro na Can\u00e7\u00e3o Nova Bras\u00edlia<\/h2>\n<p>Fevereiro inicia com novos momentos de ora\u00e7\u00e3o para voc\u00ea. Um momento para estarmos juntos e rezarmos uns pelos outros.<\/p>\n<div id=\"attachment_12388\" style=\"width: 403px\" class=\"wp-caption aligncenter\"><a href=\"http:\/\/blog.cancaonova.com\/brasilia\/files\/2015\/01\/1000-Ave-Marias1.jpeg\" target=\"_blank\"><img loading=\"lazy\" decoding=\"async\" aria-describedby=\"caption-attachment-12388\" class=\"wp-image-12388\" src=\"http:\/\/blog.cancaonova.com\/brasilia\/files\/2015\/01\/1000-Ave-Marias1.jpeg\" alt=\"1000 Ave-Marias\" width=\"393\" height=\"295\" srcset=\"https:\/\/blog.cancaonova.com\/brasilia\/files\/2015\/01\/1000-Ave-Marias1.jpeg 800w, https:\/\/blog.cancaonova.com\/brasilia\/files\/2015\/01\/1000-Ave-Marias1-300x225.jpeg 300w, https:\/\/blog.cancaonova.com\/brasilia\/files\/2015\/01\/1000-Ave-Marias1-80x60.jpeg 80w\" sizes=\"(max-width: 393px) 100vw, 393px\" \/><\/a><p id=\"caption-attachment-12388\" class=\"wp-caption-text\">1000 Ave-Marias na Loja Can\u00e7\u00e3o Nova<\/p><\/div>\n<p><strong>Dia 07 de Fevereiro, s\u00e1bado<\/strong>. A tradicional 1000 Ave-Marias.\u00a0<em><strong>Um momento especial com a Virgem Maria, onde rezamos pelas suas inten\u00e7\u00f5es e as inten\u00e7\u00f5es da Can\u00e7\u00e3o Nova.\u00a0<\/strong><\/em>Dia 07 de fevereiro \u00a0a partir das 8h, na capela da loja Can\u00e7\u00e3o Nova do Plano Piloto, <a title=\"Loja Can\u00e7\u00e3o Nova Brasilia (Asa Sul)\" href=\"https:\/\/goo.gl\/maps\/030r8\" target=\"_blank\">W3 Sul 502 loja 39. Em frente ao Santu\u00e1rio Dom Bosco<\/a><\/p>\n<div id=\"attachment_12389\" style=\"width: 510px\" class=\"wp-caption aligncenter\"><a href=\"http:\/\/blog.cancaonova.com\/brasilia\/files\/2015\/01\/MIssa-do-Clube1.jpeg\"><img loading=\"lazy\" decoding=\"async\" aria-describedby=\"caption-attachment-12389\" class=\"wp-image-12389\" src=\"http:\/\/blog.cancaonova.com\/brasilia\/files\/2015\/01\/MIssa-do-Clube1.jpeg\" alt=\"1\u00aa Missa do Clube da Evangeliza\u00e7\u00e3o\" width=\"500\" height=\"355\" srcset=\"https:\/\/blog.cancaonova.com\/brasilia\/files\/2015\/01\/MIssa-do-Clube1.jpeg 800w, https:\/\/blog.cancaonova.com\/brasilia\/files\/2015\/01\/MIssa-do-Clube1-300x213.jpeg 300w\" sizes=\"(max-width: 500px) 100vw, 500px\" \/><\/a><p id=\"caption-attachment-12389\" class=\"wp-caption-text\">1\u00aa Missa do Clube da Evangeliza\u00e7\u00e3o<\/p><\/div>\n<p>Dia 12 de Fevereiro, quinta &#8211; Feira, a 1\u00aa missa do Clube da Evangeliza\u00e7\u00e3o do ano de 2015. Um momento para rezarmos juntos e entregarmos o ano de 2015 nas m\u00e3os de Deus.\u00a0<strong>Clamando por milagres e curas<\/strong> e entregando a Deus todas as nossas necessidades. Venha participar e traga a sua familia, amigos e vizinhos. Dia 12 de fevereiro 20h, no <a title=\"Santu\u00e1rio S\u00e3o Francisco de Assis\" href=\"https:\/\/goo.gl\/maps\/lV9Fp\" target=\"_blank\"><em><strong>Santu\u00e1rio S\u00e3o Francisco de Assis na 915 Norte.<\/strong><\/em><\/a><\/p>\n<p>N\u00e3o deixe de participar dos nosso encontros e momentos de ora\u00e7\u00e3o. Esperamos por voc\u00ea.<\/p>\n<p>Can\u00e7\u00e3o Nova Bras\u00edlia<\/p>\n","protected":false},"excerpt":{"rendered":"<p>Fevereiro na Can\u00e7\u00e3o Nova Bras\u00edlia Fevereiro inicia com novos momentos de ora\u00e7\u00e3o para voc\u00ea. Um momento para estarmos juntos e rezarmos uns pelos outros. Dia 07 de Fevereiro, s\u00e1bado. A tradicional 1000 Ave-Marias.\u00a0Um momento especial com a Virgem Maria, onde&#8230;<\/p>\n","protected":false},"author":1361,"featured_media":12276,"comment_status":"open","ping_status":"closed","sticky":false,"template":"","format":"standard","meta":{"_mi_skip_tracking":false,"_monsterinsights_sitenote_active":false,"_monsterinsights_sitenote_note":"","_monsterinsights_sitenote_category":0,"footnotes":""},"categories":[10341,20896],"tags":[16835,46,19296,15733,46877,621],"_links":{"self":[{"href":"https:\/\/blog.cancaonova.com\/brasilia\/wp-json\/wp\/v2\/posts\/12385"}],"collection":[{"href":"https:\/\/blog.cancaonova.com\/brasilia\/wp-json\/wp\/v2\/posts"}],"about":[{"href":"https:\/\/blog.cancaonova.com\/brasilia\/wp-json\/wp\/v2\/types\/post"}],"author":[{"embeddable":true,"href":"https:\/\/blog.cancaonova.com\/brasilia\/wp-json\/wp\/v2\/users\/1361"}],"replies":[{"embeddable":true,"href":"https:\/\/blog.cancaonova.com\/brasilia\/wp-json\/wp\/v2\/comments?post=12385"}],"version-history":[{"count":1,"href":"https:\/\/blog.cancaonova.com\/brasilia\/wp-json\/wp\/v2\/posts\/12385\/revisions"}],"predecessor-version":[{"id":12390,"href":"https:\/\/blog.cancaonova.com\/brasilia\/wp-json\/wp\/v2\/posts\/12385\/revisions\/12390"}],"wp:featuredmedia":[{"embeddable":true,"href":"https:\/\/blog.cancaonova.com\/brasilia\/wp-json\/wp\/v2\/media\/12276"}],"wp:attachment":[{"href":"https:\/\/blog.cancaonova.com\/brasilia\/wp-json\/wp\/v2\/media?parent=12385"}],"wp:term":[{"taxonomy":"category","embeddable":true,"href":"https:\/\/blog.cancaonova.com\/brasilia\/wp-json\/wp\/v2\/categories?post=12385"},{"taxonomy":"post_tag","embeddable":true,"href":"https:\/\/blog.cancaonova.com\/brasilia\/wp-json\/wp\/v2\/tags?post=12385"}],"curies":[{"name":"wp","href":"https:\/\/api.w.org\/{rel}","templated":true}]}}