{"id":12392,"date":"2015-01-16T13:09:37","date_gmt":"2015-01-16T16:09:37","guid":{"rendered":"http:\/\/blog.cancaonova.com\/brasilia\/?p=12392"},"modified":"2015-01-16T13:09:37","modified_gmt":"2015-01-16T16:09:37","slug":"1o-aprofundamento-de-2015","status":"publish","type":"post","link":"https:\/\/blog.cancaonova.com\/brasilia\/1o-aprofundamento-de-2015\/","title":{"rendered":"1\u00ba Aprofundamento de 2015"},"content":{"rendered":"<h2 style=\"text-align: center\">Aprofundamento da Divina Miseric\u00f3rdia<\/h2>\n<div id=\"attachment_12393\" style=\"width: 210px\" class=\"wp-caption aligncenter\"><a href=\"http:\/\/blog.cancaonova.com\/brasilia\/files\/2015\/01\/misericordia.jpg\"><img loading=\"lazy\" decoding=\"async\" aria-describedby=\"caption-attachment-12393\" class=\"wp-image-12393\" src=\"http:\/\/blog.cancaonova.com\/brasilia\/files\/2015\/01\/misericordia.jpg\" alt=\"Dias 07 e 08 de Mar\u00e7o\" width=\"200\" height=\"280\" srcset=\"https:\/\/blog.cancaonova.com\/brasilia\/files\/2015\/01\/misericordia.jpg 1689w, https:\/\/blog.cancaonova.com\/brasilia\/files\/2015\/01\/misericordia-214x300.jpg 214w, https:\/\/blog.cancaonova.com\/brasilia\/files\/2015\/01\/misericordia-900x1261.jpg 900w\" sizes=\"(max-width: 200px) 100vw, 200px\" \/><\/a><p id=\"caption-attachment-12393\" class=\"wp-caption-text\">Dias 07 e 08 de Mar\u00e7o<\/p><\/div>\n<p style=\"text-align: center\"><em><strong>&#8220;A miseric\u00f3rdia divina \u00e9 fonte de milagres&#8221;<\/strong><\/em><\/p>\n<p style=\"text-align: justify\">Um grande aprofundamento para voc\u00ea. Aprofundamento da Divida Miseric\u00f3rdia, com presen\u00e7as de Ricardo e Eliana S\u00e1. <strong>Dias 07 e 08 de Mar\u00e7o<\/strong>.<\/p>\n<p style=\"text-align: justify\"><em><strong>Fa\u00e7a a sua inscri\u00e7\u00e3o nas lojas Can\u00e7\u00e3o Nova Bras\u00edlia.<\/strong><\/em><\/p>\n<p style=\"text-align: justify\">Local: <span style=\"color: #800000\"><strong><a style=\"color: #800000\" title=\"Sal\u00e3o Verbo Divino\" href=\"https:\/\/goo.gl\/maps\/EqH6V\" target=\"_blank\">Sal\u00e3o da Par\u00f3quia &#8216;Verbo Divino&#8217; SQN 609<\/a><\/strong><\/span><\/p>\n<p style=\"text-align: center\"><iframe loading=\"lazy\" width=\"420\" height=\"315\" src=\"\/\/www.youtube.com\/embed\/acF8m-9QXJw\" frameborder=\"0\" allowfullscreen><\/iframe><\/p>\n<p style=\"text-align: justify\">Participe conosco.<\/p>\n<p>Informa\u00e7\u00f5es: (61) 3252-7050<\/p>\n<h6><strong>Can\u00e7\u00e3o Nova Bras\u00edlia<\/strong><\/h6>\n","protected":false},"excerpt":{"rendered":"<p>Aprofundamento da Divina Miseric\u00f3rdia &#8220;A miseric\u00f3rdia divina \u00e9 fonte de milagres&#8221; Um grande aprofundamento para voc\u00ea. Aprofundamento da Divida Miseric\u00f3rdia, com presen\u00e7as de Ricardo e Eliana S\u00e1. Dias 07 e 08 de Mar\u00e7o. Fa\u00e7a a sua inscri\u00e7\u00e3o nas lojas Can\u00e7\u00e3o&#8230;<\/p>\n","protected":false},"author":1361,"featured_media":12276,"comment_status":"open","ping_status":"closed","sticky":false,"template":"","format":"standard","meta":{"_mi_skip_tracking":false,"_monsterinsights_sitenote_active":false,"_monsterinsights_sitenote_note":"","_monsterinsights_sitenote_category":0,"footnotes":""},"categories":[20896],"tags":[2691,19296,5011,3151,17409,15899,10361],"_links":{"self":[{"href":"https:\/\/blog.cancaonova.com\/brasilia\/wp-json\/wp\/v2\/posts\/12392"}],"collection":[{"href":"https:\/\/blog.cancaonova.com\/brasilia\/wp-json\/wp\/v2\/posts"}],"about":[{"href":"https:\/\/blog.cancaonova.com\/brasilia\/wp-json\/wp\/v2\/types\/post"}],"author":[{"embeddable":true,"href":"https:\/\/blog.cancaonova.com\/brasilia\/wp-json\/wp\/v2\/users\/1361"}],"replies":[{"embeddable":true,"href":"https:\/\/blog.cancaonova.com\/brasilia\/wp-json\/wp\/v2\/comments?post=12392"}],"version-history":[{"count":2,"href":"https:\/\/blog.cancaonova.com\/brasilia\/wp-json\/wp\/v2\/posts\/12392\/revisions"}],"predecessor-version":[{"id":12395,"href":"https:\/\/blog.cancaonova.com\/brasilia\/wp-json\/wp\/v2\/posts\/12392\/revisions\/12395"}],"wp:featuredmedia":[{"embeddable":true,"href":"https:\/\/blog.cancaonova.com\/brasilia\/wp-json\/wp\/v2\/media\/12276"}],"wp:attachment":[{"href":"https:\/\/blog.cancaonova.com\/brasilia\/wp-json\/wp\/v2\/media?parent=12392"}],"wp:term":[{"taxonomy":"category","embeddable":true,"href":"https:\/\/blog.cancaonova.com\/brasilia\/wp-json\/wp\/v2\/categories?post=12392"},{"taxonomy":"post_tag","embeddable":true,"href":"https:\/\/blog.cancaonova.com\/brasilia\/wp-json\/wp\/v2\/tags?post=12392"}],"curies":[{"name":"wp","href":"https:\/\/api.w.org\/{rel}","templated":true}]}}