{"id":12396,"date":"2015-01-19T10:19:39","date_gmt":"2015-01-19T13:19:39","guid":{"rendered":"http:\/\/blog.cancaonova.com\/brasilia\/?p=12396"},"modified":"2015-01-19T10:19:39","modified_gmt":"2015-01-19T13:19:39","slug":"grupo-jovens-sarados","status":"publish","type":"post","link":"https:\/\/blog.cancaonova.com\/brasilia\/grupo-jovens-sarados\/","title":{"rendered":"Grupo Jovens Sarados"},"content":{"rendered":"<p style=\"text-align: justify\">Voc\u00ea <a class=\"_58cn\" href=\"https:\/\/www.facebook.com\/hashtag\/jovem\">#jovem<\/a> que procura um lugar para estar com os amigos, venha participar do Grupo &#8220;Jovens Sarados&#8221;.<\/p>\n<p style=\"text-align: center\"><iframe loading=\"lazy\" width=\"560\" height=\"315\" src=\"\/\/www.youtube.com\/embed\/ZtbMWPd1hD0\" frameborder=\"0\" allowfullscreen><\/iframe><\/p>\n<p style=\"text-align: justify\">Todos os s\u00e1bados, 16h30 na P\u00e1roquia Imaculado Cora\u00e7\u00e3o de Maria, QNC 12 Area Especial, Taguatinga Norte.<br \/>\nVenha rezar, se divertir e partilhar de um ambiente s\u00e1dio e de muita alegria.<br \/>\n<a title=\"Facebook Jovens Sarados\" href=\"https:\/\/www.facebook.com\/JovensSaradosBrasilia\">Jovens Sarados Bras\u00edlia &#8211; Can\u00e7\u00e3o Nova <\/a><\/p>\n<h6 style=\"text-align: justify\"><strong>Can\u00e7\u00e3o Nova Bras\u00edlia<\/strong><\/h6>\n","protected":false},"excerpt":{"rendered":"<p>Voc\u00ea #jovem que procura um lugar para estar com os amigos, venha participar do Grupo &#8220;Jovens Sarados&#8221;. Todos os s\u00e1bados, 16h30 na P\u00e1roquia Imaculado Cora\u00e7\u00e3o de Maria, QNC 12 Area Especial, Taguatinga Norte. Venha rezar, se divertir e partilhar de&#8230;<\/p>\n","protected":false},"author":1361,"featured_media":11097,"comment_status":"open","ping_status":"closed","sticky":false,"template":"","format":"standard","meta":{"_mi_skip_tracking":false,"_monsterinsights_sitenote_active":false,"_monsterinsights_sitenote_note":"","_monsterinsights_sitenote_category":0,"footnotes":""},"categories":[10341,20896],"tags":[19296,17409,18791,51,23694],"_links":{"self":[{"href":"https:\/\/blog.cancaonova.com\/brasilia\/wp-json\/wp\/v2\/posts\/12396"}],"collection":[{"href":"https:\/\/blog.cancaonova.com\/brasilia\/wp-json\/wp\/v2\/posts"}],"about":[{"href":"https:\/\/blog.cancaonova.com\/brasilia\/wp-json\/wp\/v2\/types\/post"}],"author":[{"embeddable":true,"href":"https:\/\/blog.cancaonova.com\/brasilia\/wp-json\/wp\/v2\/users\/1361"}],"replies":[{"embeddable":true,"href":"https:\/\/blog.cancaonova.com\/brasilia\/wp-json\/wp\/v2\/comments?post=12396"}],"version-history":[{"count":2,"href":"https:\/\/blog.cancaonova.com\/brasilia\/wp-json\/wp\/v2\/posts\/12396\/revisions"}],"predecessor-version":[{"id":12398,"href":"https:\/\/blog.cancaonova.com\/brasilia\/wp-json\/wp\/v2\/posts\/12396\/revisions\/12398"}],"wp:featuredmedia":[{"embeddable":true,"href":"https:\/\/blog.cancaonova.com\/brasilia\/wp-json\/wp\/v2\/media\/11097"}],"wp:attachment":[{"href":"https:\/\/blog.cancaonova.com\/brasilia\/wp-json\/wp\/v2\/media?parent=12396"}],"wp:term":[{"taxonomy":"category","embeddable":true,"href":"https:\/\/blog.cancaonova.com\/brasilia\/wp-json\/wp\/v2\/categories?post=12396"},{"taxonomy":"post_tag","embeddable":true,"href":"https:\/\/blog.cancaonova.com\/brasilia\/wp-json\/wp\/v2\/tags?post=12396"}],"curies":[{"name":"wp","href":"https:\/\/api.w.org\/{rel}","templated":true}]}}