{"id":12413,"date":"2015-02-12T15:49:50","date_gmt":"2015-02-12T18:49:50","guid":{"rendered":"http:\/\/blog.cancaonova.com\/brasilia\/?p=12413"},"modified":"2015-02-12T15:49:50","modified_gmt":"2015-02-12T18:49:50","slug":"agenda","status":"publish","type":"post","link":"https:\/\/blog.cancaonova.com\/brasilia\/agenda\/","title":{"rendered":"Agenda"},"content":{"rendered":"<h2 style=\"text-align: center\">Primeiro Semestre de 2015<\/h2>\n<p>&nbsp;<\/p>\n<p style=\"text-align: justify\"><em><strong>Tem compromisso para os pr\u00f3ximos meses???<\/strong><\/em><br \/>\nPrepare um tempo para estar com Deus e para ouvi-Lo.<\/p>\n<div id=\"attachment_12416\" style=\"width: 310px\" class=\"wp-caption aligncenter\"><a href=\"http:\/\/blog.cancaonova.com\/brasilia\/files\/2015\/02\/cartaz-agenda-.jpg\"><img loading=\"lazy\" decoding=\"async\" aria-describedby=\"caption-attachment-12416\" class=\"wp-image-12416\" src=\"http:\/\/blog.cancaonova.com\/brasilia\/files\/2015\/02\/cartaz-agenda-.jpg\" alt=\"Clique na imagem e veja toda as datas\" width=\"300\" height=\"225\" srcset=\"https:\/\/blog.cancaonova.com\/brasilia\/files\/2015\/02\/cartaz-agenda-.jpg 2055w, https:\/\/blog.cancaonova.com\/brasilia\/files\/2015\/02\/cartaz-agenda--300x224.jpg 300w, https:\/\/blog.cancaonova.com\/brasilia\/files\/2015\/02\/cartaz-agenda--80x60.jpg 80w, https:\/\/blog.cancaonova.com\/brasilia\/files\/2015\/02\/cartaz-agenda--900x674.jpg 900w\" sizes=\"(max-width: 300px) 100vw, 300px\" \/><\/a><p id=\"caption-attachment-12416\" class=\"wp-caption-text\">Clique na imagem e veja toda as datas<\/p><\/div>\n<p style=\"text-align: justify\">\n<em>Veja nossa agenda e venha participar conosco de algum de nossos eventos&#8230; <\/em><\/p>\n<p style=\"text-align: justify\">\n<p style=\"text-align: justify\">Esperamos por voc\u00ea.<\/p>\n<h5 style=\"text-align: justify\"><em><strong>Can\u00e7\u00e3o Nova Bras\u00edlia<\/strong><\/em><\/h5>\n","protected":false},"excerpt":{"rendered":"<p>Primeiro Semestre de 2015 &nbsp; Tem compromisso para os pr\u00f3ximos meses??? Prepare um tempo para estar com Deus e para ouvi-Lo. Veja nossa agenda e venha participar conosco de algum de nossos eventos&#8230; Esperamos por voc\u00ea. Can\u00e7\u00e3o Nova Bras\u00edlia<\/p>\n","protected":false},"author":1361,"featured_media":12276,"comment_status":"open","ping_status":"closed","sticky":false,"template":"","format":"standard","meta":{"_mi_skip_tracking":false,"_monsterinsights_sitenote_active":false,"_monsterinsights_sitenote_note":"","_monsterinsights_sitenote_category":0,"footnotes":""},"categories":[10341],"tags":[46,19296,5011,10381],"_links":{"self":[{"href":"https:\/\/blog.cancaonova.com\/brasilia\/wp-json\/wp\/v2\/posts\/12413"}],"collection":[{"href":"https:\/\/blog.cancaonova.com\/brasilia\/wp-json\/wp\/v2\/posts"}],"about":[{"href":"https:\/\/blog.cancaonova.com\/brasilia\/wp-json\/wp\/v2\/types\/post"}],"author":[{"embeddable":true,"href":"https:\/\/blog.cancaonova.com\/brasilia\/wp-json\/wp\/v2\/users\/1361"}],"replies":[{"embeddable":true,"href":"https:\/\/blog.cancaonova.com\/brasilia\/wp-json\/wp\/v2\/comments?post=12413"}],"version-history":[{"count":2,"href":"https:\/\/blog.cancaonova.com\/brasilia\/wp-json\/wp\/v2\/posts\/12413\/revisions"}],"predecessor-version":[{"id":12417,"href":"https:\/\/blog.cancaonova.com\/brasilia\/wp-json\/wp\/v2\/posts\/12413\/revisions\/12417"}],"wp:featuredmedia":[{"embeddable":true,"href":"https:\/\/blog.cancaonova.com\/brasilia\/wp-json\/wp\/v2\/media\/12276"}],"wp:attachment":[{"href":"https:\/\/blog.cancaonova.com\/brasilia\/wp-json\/wp\/v2\/media?parent=12413"}],"wp:term":[{"taxonomy":"category","embeddable":true,"href":"https:\/\/blog.cancaonova.com\/brasilia\/wp-json\/wp\/v2\/categories?post=12413"},{"taxonomy":"post_tag","embeddable":true,"href":"https:\/\/blog.cancaonova.com\/brasilia\/wp-json\/wp\/v2\/tags?post=12413"}],"curies":[{"name":"wp","href":"https:\/\/api.w.org\/{rel}","templated":true}]}}