{"id":12419,"date":"2015-02-24T14:41:42","date_gmt":"2015-02-24T17:41:42","guid":{"rendered":"http:\/\/blog.cancaonova.com\/brasilia\/?p=12419"},"modified":"2015-02-24T14:41:42","modified_gmt":"2015-02-24T17:41:42","slug":"marco-um-mes-de-graca-e-misericordia","status":"publish","type":"post","link":"https:\/\/blog.cancaonova.com\/brasilia\/marco-um-mes-de-graca-e-misericordia\/","title":{"rendered":"Mar\u00e7o, um m\u00eas de gra\u00e7a e Miseric\u00f3rdia"},"content":{"rendered":"<h1 style=\"text-align: center\">Eventos no m\u00eas de Mar\u00e7o<\/h1>\n<h1><\/h1>\n<p>J\u00e1, j\u00e1 o m\u00eas de mar\u00e7o come\u00e7a e com eles v\u00e1rios eventos para alimentar a sua espiritualidade. Confira alguns dos eventos que acontecem neste m\u00eas de mar\u00e7o.<\/p>\n<p>Todas as quintas <em><strong><a title=\"Missa do Clube Mar\u00e7o\" href=\"http:\/\/blog.cancaonova.com\/brasilia\/files\/2015\/02\/clubemar.jpg\" target=\"_blank\">(com exce\u00e7\u00e3o do dia 12 de mar\u00e7o)<\/a>,\u00a0<\/strong><\/em>acontece o nosso\u00a0<strong>Grupo de Louvor e Adora\u00e7\u00e3o.\u00a0<\/strong>Um momento para juntos ouvirmos a\u00a0<em><strong>Palavra de Deus,<\/strong><\/em>\u00a0 <em><strong>Louvarmos \u00a0e\u00a0<\/strong><strong>adorarmos<\/strong><\/em> ao\u00a0<strong>Santo dos Santos.\u00a0<\/strong>Um lugar onde voc\u00ea se encontrar\u00e1 com Aquele que tudo pode em sua vida.<\/p>\n<hr \/>\n<p>&nbsp;<\/p>\n<p>Todas as quintas-feiras \u00e0s 20h, na\u00a0<strong>par\u00f3quia Bom Jesus,\u00a0<\/strong>L2 Sul, 601. Pr\u00f3ximo ao setor de Autarquias Sul.<\/p>\n<p>&nbsp;<\/p>\n<div id=\"attachment_12422\" style=\"width: 295px\" class=\"wp-caption aligncenter\"><a href=\"http:\/\/blog.cancaonova.com\/brasilia\/files\/2015\/02\/grupocn-novo1.jpg\"><img loading=\"lazy\" decoding=\"async\" aria-describedby=\"caption-attachment-12422\" class=\"wp-image-12422\" src=\"http:\/\/blog.cancaonova.com\/brasilia\/files\/2015\/02\/grupocn-novo1.jpg\" alt=\"Grupo de Ora\u00e7\u00e3o\" width=\"285\" height=\"206\" \/><\/a><p id=\"caption-attachment-12422\" class=\"wp-caption-text\">Quintas-Feiras de Louvor e Adora\u00e7\u00e3o.<\/p><\/div>\n<p>No dia \u00a007 e 08 de Mar\u00e7o o nosso 1\u00ba aprofundamento do ano,\u00a0<strong>Aprofundamento da Miseric\u00f3rdia,<\/strong>\u00a0<i>a miseric\u00f3rdia divina \u00e9 fonte de milagres. <\/i><strong>\u00a0<\/strong><em><\/em>Um encontro para nos levar a uma intimidade com o grande atributo de Deus, que \u00e9 fonte de milagres e prod\u00edgios.<\/p>\n<p>Dias\u00a0<strong>07 e 08 de mar\u00e7o,\u00a0<\/strong><em> primeiro final de semana de mar\u00e7o,\u00a0<strong>inscri\u00e7\u00f5es nas lojas Can\u00e7\u00e3o Nova do DF.\u00a0<\/strong><\/em><\/p>\n<div id=\"attachment_12393\" style=\"width: 247px\" class=\"wp-caption aligncenter\"><a href=\"http:\/\/blog.cancaonova.com\/brasilia\/files\/2015\/01\/misericordia.jpg\"><img loading=\"lazy\" decoding=\"async\" aria-describedby=\"caption-attachment-12393\" class=\"wp-image-12393\" src=\"http:\/\/blog.cancaonova.com\/brasilia\/files\/2015\/01\/misericordia.jpg\" alt=\"Dias 07 e 08 de Mar\u00e7o\" width=\"237\" height=\"332\" srcset=\"https:\/\/blog.cancaonova.com\/brasilia\/files\/2015\/01\/misericordia.jpg 1689w, https:\/\/blog.cancaonova.com\/brasilia\/files\/2015\/01\/misericordia-214x300.jpg 214w, https:\/\/blog.cancaonova.com\/brasilia\/files\/2015\/01\/misericordia-900x1261.jpg 900w\" sizes=\"(max-width: 237px) 100vw, 237px\" \/><\/a><p id=\"caption-attachment-12393\" class=\"wp-caption-text\">Dias 07 e 08 de Mar\u00e7o<\/p><\/div>\n<p>No\u00a0<strong>dia\u00a0<em>12 de mar\u00e7o<\/em><\/strong>, as 20h no\u00a0<em><strong>santu\u00e1rio S\u00e3o Francisco de Assis,\u00a0<\/strong>915 Norte.\u00a0<\/em>Celebrar\u00e1 para n\u00f3s o\u00a0<strong>Padre Vanilson.\u00a0<\/strong>Venha participar, traga a sua doa\u00e7\u00e3o para o projeto &#8216;Dai-me almas&#8217;, e celebre conosco a vit\u00f3ria de Deus em sua vida.<\/p>\n<p>Dia\u00a0<strong>12 de mar\u00e7o, quinta feira, \u00e0s 20h. Santu\u00e1rio S\u00e3o Francisco de Assis.<\/strong><\/p>\n<div id=\"attachment_12420\" style=\"width: 350px\" class=\"wp-caption aligncenter\"><a href=\"http:\/\/blog.cancaonova.com\/brasilia\/files\/2015\/02\/clubemar.jpg\"><img loading=\"lazy\" decoding=\"async\" aria-describedby=\"caption-attachment-12420\" class=\"wp-image-12420\" src=\"http:\/\/blog.cancaonova.com\/brasilia\/files\/2015\/02\/clubemar.jpg\" alt=\"Missa do Clube Mar\u00e7o\" width=\"340\" height=\"236\" srcset=\"https:\/\/blog.cancaonova.com\/brasilia\/files\/2015\/02\/clubemar.jpg 1140w, https:\/\/blog.cancaonova.com\/brasilia\/files\/2015\/02\/clubemar-300x208.jpg 300w, https:\/\/blog.cancaonova.com\/brasilia\/files\/2015\/02\/clubemar-900x624.jpg 900w\" sizes=\"(max-width: 340px) 100vw, 340px\" \/><\/a><p id=\"caption-attachment-12420\" class=\"wp-caption-text\">Missa do Clube Mar\u00e7o<\/p><\/div>\n<p>E no\u00a0<strong>dia 14 de mar\u00e7o,\u00a0<\/strong>a partir das 8h da manh\u00e3, acontece a tradicional ora\u00e7\u00e3o das 1000 Ave-Marias. Um momento de prece e intercess\u00e3o pela Igreja, pela comunidade Can\u00e7\u00e3o Nova e por\u00a0<strong>todas as suas necessidades.\u00a0<\/strong>Venha rezar conosco e deixar nas m\u00e3os de Maria todas as suas necessidades.<\/p>\n<p><em><strong>Dia 14 de mar\u00e7o, s\u00e1bado a partir das 8h da manh\u00e3,\u00a0<\/strong>na loja Can\u00e7\u00e3o Nova de Bras\u00edlia, W3 502 Sul, em frente ao santu\u00e1rio Dom Bosco.<\/em><\/p>\n<p><a href=\"http:\/\/blog.cancaonova.com\/brasilia\/files\/2015\/02\/milaveabrl.jpg\"><img loading=\"lazy\" decoding=\"async\" class=\"aligncenter wp-image-12421\" src=\"http:\/\/blog.cancaonova.com\/brasilia\/files\/2015\/02\/milaveabrl.jpg\" alt=\"Mil Ave marias Mar\u00e7o\" width=\"305\" height=\"229\" srcset=\"https:\/\/blog.cancaonova.com\/brasilia\/files\/2015\/02\/milaveabrl.jpg 1600w, https:\/\/blog.cancaonova.com\/brasilia\/files\/2015\/02\/milaveabrl-300x225.jpg 300w, https:\/\/blog.cancaonova.com\/brasilia\/files\/2015\/02\/milaveabrl-80x60.jpg 80w, https:\/\/blog.cancaonova.com\/brasilia\/files\/2015\/02\/milaveabrl-900x675.jpg 900w\" sizes=\"(max-width: 305px) 100vw, 305px\" \/><\/a>Celebre conosco, reze conosco. Viva cada evento, cada momento ao nosso lado. Queremos voc\u00ea pertinho de n\u00f3s, pois queremos <i>\u00a0<\/i><em><strong>levar voc\u00ea para Deus.\u00a0<\/strong><\/em><\/p>\n<p>Mais informa\u00e7\u00f5es pelo telefone: (61) 3252-7050 ou pelo email:\u00a0<em><strong>eventosdf@cancaonova.com<\/strong><\/em>.<\/p>\n<hr \/>\n<p>&nbsp;<\/p>\n<p>Outros eventos acontecer\u00e3o ao longo do m\u00eas de mar\u00e7o e do 1\u00ba semestre, veja\u00a0<strong><a title=\"Agenda\" href=\"http:\/\/blog.cancaonova.com\/brasilia\/agenda\/\" target=\"_blank\">aqui neste post<\/a>,<\/strong>\u00a0alguns deles.<\/p>\n<p>Esperamos por voc\u00eas.<\/p>\n<h5><em><strong>Can\u00e7\u00e3o Nova Bras\u00edlia<\/strong><\/em><\/h5>\n<p>&nbsp;<\/p>\n<p>&nbsp;<\/p>\n","protected":false},"excerpt":{"rendered":"<p>Eventos no m\u00eas de Mar\u00e7o J\u00e1, j\u00e1 o m\u00eas de mar\u00e7o come\u00e7a e com eles v\u00e1rios eventos para alimentar a sua espiritualidade. Confira alguns dos eventos que acontecem neste m\u00eas de mar\u00e7o. Todas as quintas (com exce\u00e7\u00e3o do dia 12&#8230;<\/p>\n","protected":false},"author":1361,"featured_media":12276,"comment_status":"open","ping_status":"closed","sticky":false,"template":"","format":"standard","meta":{"_mi_skip_tracking":false,"_monsterinsights_sitenote_active":false,"_monsterinsights_sitenote_note":"","_monsterinsights_sitenote_category":0,"footnotes":""},"categories":[20896],"tags":[2691,25677,17409,10381,17543,261],"_links":{"self":[{"href":"https:\/\/blog.cancaonova.com\/brasilia\/wp-json\/wp\/v2\/posts\/12419"}],"collection":[{"href":"https:\/\/blog.cancaonova.com\/brasilia\/wp-json\/wp\/v2\/posts"}],"about":[{"href":"https:\/\/blog.cancaonova.com\/brasilia\/wp-json\/wp\/v2\/types\/post"}],"author":[{"embeddable":true,"href":"https:\/\/blog.cancaonova.com\/brasilia\/wp-json\/wp\/v2\/users\/1361"}],"replies":[{"embeddable":true,"href":"https:\/\/blog.cancaonova.com\/brasilia\/wp-json\/wp\/v2\/comments?post=12419"}],"version-history":[{"count":2,"href":"https:\/\/blog.cancaonova.com\/brasilia\/wp-json\/wp\/v2\/posts\/12419\/revisions"}],"predecessor-version":[{"id":12424,"href":"https:\/\/blog.cancaonova.com\/brasilia\/wp-json\/wp\/v2\/posts\/12419\/revisions\/12424"}],"wp:featuredmedia":[{"embeddable":true,"href":"https:\/\/blog.cancaonova.com\/brasilia\/wp-json\/wp\/v2\/media\/12276"}],"wp:attachment":[{"href":"https:\/\/blog.cancaonova.com\/brasilia\/wp-json\/wp\/v2\/media?parent=12419"}],"wp:term":[{"taxonomy":"category","embeddable":true,"href":"https:\/\/blog.cancaonova.com\/brasilia\/wp-json\/wp\/v2\/categories?post=12419"},{"taxonomy":"post_tag","embeddable":true,"href":"https:\/\/blog.cancaonova.com\/brasilia\/wp-json\/wp\/v2\/tags?post=12419"}],"curies":[{"name":"wp","href":"https:\/\/api.w.org\/{rel}","templated":true}]}}