{"id":12425,"date":"2015-02-27T11:23:55","date_gmt":"2015-02-27T14:23:55","guid":{"rendered":"http:\/\/blog.cancaonova.com\/brasilia\/?p=12425"},"modified":"2015-02-27T11:23:55","modified_gmt":"2015-02-27T14:23:55","slug":"grupo-de-oracao-cancao-nova","status":"publish","type":"post","link":"https:\/\/blog.cancaonova.com\/brasilia\/grupo-de-oracao-cancao-nova\/","title":{"rendered":"Grupo de orac\u00e3o Can\u00e7\u00e3o Nova"},"content":{"rendered":"<h2 style=\"text-align: left\">Noite de Louvor<\/h2>\n<p style=\"text-align: justify\">Foi uma noite <strong>especial de louvor e adora\u00e7\u00e3o.<\/strong> Um grande momento de <em><strong>clamor por nossas vidas<\/strong><\/em>, onde Deus se manifestou poderosamente a nosso favor.<\/p>\n\n\t\t<style type=\"text\/css\">\n\t\t\t#gallery-1 {\n\t\t\t\tmargin: auto;\n\t\t\t}\n\t\t\t#gallery-1 .gallery-item {\n\t\t\t\tfloat: left;\n\t\t\t\tmargin-top: 10px;\n\t\t\t\ttext-align: center;\n\t\t\t\twidth: 33%;\n\t\t\t}\n\t\t\t#gallery-1 img {\n\t\t\t\tborder: 2px solid #cfcfcf;\n\t\t\t}\n\t\t\t#gallery-1 .gallery-caption {\n\t\t\t\tmargin-left: 0;\n\t\t\t}\n\t\t\t\/* see gallery_shortcode() in wp-includes\/media.php *\/\n\t\t<\/style>\n\t\t<div id='gallery-1' class='gallery galleryid-12425 gallery-columns-3 gallery-size-thumbnail'><dl class='gallery-item'>\n\t\t\t<dt class='gallery-icon landscape'>\n\t\t\t\t<a href='https:\/\/blog.cancaonova.com\/brasilia\/grupo-de-oracao-cancao-nova\/10997786_871370506260630_5125530594540582919_n\/'><img loading=\"lazy\" decoding=\"async\" width=\"290\" height=\"290\" src=\"https:\/\/blog.cancaonova.com\/brasilia\/files\/2015\/02\/10997786_871370506260630_5125530594540582919_n-290x290.jpg\" class=\"attachment-thumbnail size-thumbnail\" alt=\"\" srcset=\"https:\/\/blog.cancaonova.com\/brasilia\/files\/2015\/02\/10997786_871370506260630_5125530594540582919_n-290x290.jpg 290w, https:\/\/blog.cancaonova.com\/brasilia\/files\/2015\/02\/10997786_871370506260630_5125530594540582919_n-144x144.jpg 144w\" sizes=\"(max-width: 290px) 100vw, 290px\" \/><\/a>\n\t\t\t<\/dt><\/dl><dl class='gallery-item'>\n\t\t\t<dt class='gallery-icon landscape'>\n\t\t\t\t<a href='https:\/\/blog.cancaonova.com\/brasilia\/grupo-de-oracao-cancao-nova\/grupocn-novo1-2\/'><img loading=\"lazy\" decoding=\"async\" width=\"290\" height=\"290\" src=\"https:\/\/blog.cancaonova.com\/brasilia\/files\/2015\/02\/grupocn-novo11-290x290.jpg\" class=\"attachment-thumbnail size-thumbnail\" alt=\"\" srcset=\"https:\/\/blog.cancaonova.com\/brasilia\/files\/2015\/02\/grupocn-novo11-290x290.jpg 290w, https:\/\/blog.cancaonova.com\/brasilia\/files\/2015\/02\/grupocn-novo11-144x144.jpg 144w\" sizes=\"(max-width: 290px) 100vw, 290px\" \/><\/a>\n\t\t\t<\/dt><\/dl><dl class='gallery-item'>\n\t\t\t<dt class='gallery-icon landscape'>\n\t\t\t\t<a href='https:\/\/blog.cancaonova.com\/brasilia\/grupo-de-oracao-cancao-nova\/11021043_871370702927277_4444431679036975795_n\/'><img loading=\"lazy\" decoding=\"async\" width=\"290\" height=\"290\" src=\"https:\/\/blog.cancaonova.com\/brasilia\/files\/2015\/02\/11021043_871370702927277_4444431679036975795_n-290x290.jpg\" class=\"attachment-thumbnail size-thumbnail\" alt=\"\" srcset=\"https:\/\/blog.cancaonova.com\/brasilia\/files\/2015\/02\/11021043_871370702927277_4444431679036975795_n-290x290.jpg 290w, https:\/\/blog.cancaonova.com\/brasilia\/files\/2015\/02\/11021043_871370702927277_4444431679036975795_n-144x144.jpg 144w\" sizes=\"(max-width: 290px) 100vw, 290px\" \/><\/a>\n\t\t\t<\/dt><\/dl><br style=\"clear: both\" \/>\n\t\t<\/div>\n\n<p style=\"text-align: center\"><strong><em>Voc\u00ea que n\u00e3o pode veja abaixo algumas fotos, e\u00a0sinta-se convidado a rezar conosco nas pr\u00f3ximas quintas.<\/em><\/strong><\/p>\n<p style=\"text-align: center\">\n<p style=\"text-align: center\"><div id=\"fb-root\"><\/div><script>(function(d, s, id) {  var js, fjs = d.getElementsByTagName(s)[0];  if (d.getElementById(id)) return;  js = d.createElement(s); js.id = id;  js.src = \"\/\/connect.facebook.net\/en_US\/all.js#xfbml=1\";  fjs.parentNode.insertBefore(js, fjs);}(document, 'script', 'facebook-jssdk'));<\/script><div class=\"fb-post\" data-href=\"https:\/\/www.facebook.com\/CancaoNovaBrasilia\/posts\/871371419593872\" data-width=\"466\"><div class=\"fb-xfbml-parse-ignore\"><a href=\"https:\/\/www.facebook.com\/CancaoNovaBrasilia\/posts\/871371419593872\">Post<\/a> by <a href=\"https:\/\/www.facebook.com\/CancaoNovaBrasilia\">Can\u00e7\u00e3o Nova Bras\u00edlia<\/a>.<\/div><\/div><\/p>\n<p>&nbsp;<\/p>\n<p><em>O Grupo acontece toda quinta-feira<a title=\"Mar\u00e7o, um m\u00eas de gra\u00e7a e Miseric\u00f3rdia\" href=\"http:\/\/blog.cancaonova.com\/brasilia\/marco-um-mes-de-graca-e-misericordia\/\">(exceto quando tem missa do clube da evangeliza\u00e7\u00e3o)<\/a> \u00e0s 20h, na par\u00f3quia Bom Jesus, 601 Sul em frente ao Setor de autarquias Sul.\u00a0<\/em><\/p>\n<p><strong>Venha participar conosco.<\/strong> Voc\u00ea ser\u00e1 impactado pela for\u00e7a do poder e do amor de Deus.<\/p>\n<h6><strong><em>Can\u00e7\u00e3o Nova Bras\u00edlia<\/em><\/strong><\/h6>\n<p>&nbsp;<\/p>\n","protected":false},"excerpt":{"rendered":"<p>Noite de Louvor Foi uma noite especial de louvor e adora\u00e7\u00e3o. Um grande momento de clamor por nossas vidas, onde Deus se manifestou poderosamente a nosso favor. Voc\u00ea que n\u00e3o pode veja abaixo algumas fotos, e\u00a0sinta-se convidado a rezar conosco&#8230;<\/p>\n","protected":false},"author":1361,"featured_media":12422,"comment_status":"open","ping_status":"closed","sticky":false,"template":"","format":"standard","meta":{"_mi_skip_tracking":false,"_monsterinsights_sitenote_active":false,"_monsterinsights_sitenote_note":"","_monsterinsights_sitenote_category":0,"footnotes":""},"categories":[10341,20896],"tags":[8331,18111,3871,16135,261,177790],"_links":{"self":[{"href":"https:\/\/blog.cancaonova.com\/brasilia\/wp-json\/wp\/v2\/posts\/12425"}],"collection":[{"href":"https:\/\/blog.cancaonova.com\/brasilia\/wp-json\/wp\/v2\/posts"}],"about":[{"href":"https:\/\/blog.cancaonova.com\/brasilia\/wp-json\/wp\/v2\/types\/post"}],"author":[{"embeddable":true,"href":"https:\/\/blog.cancaonova.com\/brasilia\/wp-json\/wp\/v2\/users\/1361"}],"replies":[{"embeddable":true,"href":"https:\/\/blog.cancaonova.com\/brasilia\/wp-json\/wp\/v2\/comments?post=12425"}],"version-history":[{"count":5,"href":"https:\/\/blog.cancaonova.com\/brasilia\/wp-json\/wp\/v2\/posts\/12425\/revisions"}],"predecessor-version":[{"id":12433,"href":"https:\/\/blog.cancaonova.com\/brasilia\/wp-json\/wp\/v2\/posts\/12425\/revisions\/12433"}],"wp:featuredmedia":[{"embeddable":true,"href":"https:\/\/blog.cancaonova.com\/brasilia\/wp-json\/wp\/v2\/media\/12422"}],"wp:attachment":[{"href":"https:\/\/blog.cancaonova.com\/brasilia\/wp-json\/wp\/v2\/media?parent=12425"}],"wp:term":[{"taxonomy":"category","embeddable":true,"href":"https:\/\/blog.cancaonova.com\/brasilia\/wp-json\/wp\/v2\/categories?post=12425"},{"taxonomy":"post_tag","embeddable":true,"href":"https:\/\/blog.cancaonova.com\/brasilia\/wp-json\/wp\/v2\/tags?post=12425"}],"curies":[{"name":"wp","href":"https:\/\/api.w.org\/{rel}","templated":true}]}}