{"id":12435,"date":"2015-03-09T10:30:01","date_gmt":"2015-03-09T13:30:01","guid":{"rendered":"http:\/\/blog.cancaonova.com\/brasilia\/caravana-da-misericordia-em-brasilia\/"},"modified":"2015-03-09T10:30:01","modified_gmt":"2015-03-09T13:30:01","slug":"caravana-da-misericordia-em-brasilia","status":"publish","type":"post","link":"https:\/\/blog.cancaonova.com\/brasilia\/caravana-da-misericordia-em-brasilia\/","title":{"rendered":"Caravana da Miseric\u00f3rdia em Bras\u00edlia"},"content":{"rendered":"<h2 style=\"text-align: justify\">Aprofundamento da Miseric\u00f3rdia<\/h2>\n<p style=\"text-align: justify\">A <strong>Can\u00e7\u00e3o Nova<\/strong> neste final de semana organizou um grande aprofundamento sobre a <strong>Divina Miseric\u00f3rdia.<\/strong><\/p>\n\n\t\t<style type=\"text\/css\">\n\t\t\t#gallery-1 {\n\t\t\t\tmargin: auto;\n\t\t\t}\n\t\t\t#gallery-1 .gallery-item {\n\t\t\t\tfloat: left;\n\t\t\t\tmargin-top: 10px;\n\t\t\t\ttext-align: center;\n\t\t\t\twidth: 25%;\n\t\t\t}\n\t\t\t#gallery-1 img {\n\t\t\t\tborder: 2px solid #cfcfcf;\n\t\t\t}\n\t\t\t#gallery-1 .gallery-caption {\n\t\t\t\tmargin-left: 0;\n\t\t\t}\n\t\t\t\/* see gallery_shortcode() in wp-includes\/media.php *\/\n\t\t<\/style>\n\t\t<div id='gallery-1' class='gallery galleryid-12435 gallery-columns-4 gallery-size-thumbnail'><dl class='gallery-item'>\n\t\t\t<dt class='gallery-icon landscape'>\n\t\t\t\t<a href='https:\/\/blog.cancaonova.com\/brasilia\/caravana-da-misericordia-em-brasilia\/11046925_875361599194854_7288783294359365459_o\/'><img loading=\"lazy\" decoding=\"async\" width=\"290\" height=\"290\" src=\"https:\/\/blog.cancaonova.com\/brasilia\/files\/2015\/03\/11046925_875361599194854_7288783294359365459_o-290x290.jpg\" class=\"attachment-thumbnail size-thumbnail\" alt=\"\" srcset=\"https:\/\/blog.cancaonova.com\/brasilia\/files\/2015\/03\/11046925_875361599194854_7288783294359365459_o-290x290.jpg 290w, https:\/\/blog.cancaonova.com\/brasilia\/files\/2015\/03\/11046925_875361599194854_7288783294359365459_o-144x144.jpg 144w\" sizes=\"(max-width: 290px) 100vw, 290px\" \/><\/a>\n\t\t\t<\/dt><\/dl><dl class='gallery-item'>\n\t\t\t<dt class='gallery-icon portrait'>\n\t\t\t\t<a href='https:\/\/blog.cancaonova.com\/brasilia\/caravana-da-misericordia-em-brasilia\/10515198_875373255860355_8764253835742209589_o\/'><img loading=\"lazy\" decoding=\"async\" width=\"290\" height=\"290\" src=\"https:\/\/blog.cancaonova.com\/brasilia\/files\/2015\/03\/10515198_875373255860355_8764253835742209589_o-290x290.jpg\" class=\"attachment-thumbnail size-thumbnail\" alt=\"\" srcset=\"https:\/\/blog.cancaonova.com\/brasilia\/files\/2015\/03\/10515198_875373255860355_8764253835742209589_o-290x290.jpg 290w, https:\/\/blog.cancaonova.com\/brasilia\/files\/2015\/03\/10515198_875373255860355_8764253835742209589_o-144x144.jpg 144w\" sizes=\"(max-width: 290px) 100vw, 290px\" \/><\/a>\n\t\t\t<\/dt><\/dl><dl class='gallery-item'>\n\t\t\t<dt class='gallery-icon landscape'>\n\t\t\t\t<a href='https:\/\/blog.cancaonova.com\/brasilia\/caravana-da-misericordia-em-brasilia\/1462690_875916165806064_4663033769191350746_o\/'><img loading=\"lazy\" decoding=\"async\" width=\"290\" height=\"290\" src=\"https:\/\/blog.cancaonova.com\/brasilia\/files\/2015\/03\/1462690_875916165806064_4663033769191350746_o-290x290.jpg\" class=\"attachment-thumbnail size-thumbnail\" alt=\"\" srcset=\"https:\/\/blog.cancaonova.com\/brasilia\/files\/2015\/03\/1462690_875916165806064_4663033769191350746_o-290x290.jpg 290w, https:\/\/blog.cancaonova.com\/brasilia\/files\/2015\/03\/1462690_875916165806064_4663033769191350746_o-144x144.jpg 144w\" sizes=\"(max-width: 290px) 100vw, 290px\" \/><\/a>\n\t\t\t<\/dt><\/dl><dl class='gallery-item'>\n\t\t\t<dt class='gallery-icon portrait'>\n\t\t\t\t<a href='https:\/\/blog.cancaonova.com\/brasilia\/caravana-da-misericordia-em-brasilia\/11018986_875361362528211_5475351659301636024_o\/'><img loading=\"lazy\" decoding=\"async\" width=\"290\" height=\"290\" src=\"https:\/\/blog.cancaonova.com\/brasilia\/files\/2015\/03\/11018986_875361362528211_5475351659301636024_o-290x290.jpg\" class=\"attachment-thumbnail size-thumbnail\" alt=\"\" srcset=\"https:\/\/blog.cancaonova.com\/brasilia\/files\/2015\/03\/11018986_875361362528211_5475351659301636024_o-290x290.jpg 290w, https:\/\/blog.cancaonova.com\/brasilia\/files\/2015\/03\/11018986_875361362528211_5475351659301636024_o-144x144.jpg 144w\" sizes=\"(max-width: 290px) 100vw, 290px\" \/><\/a>\n\t\t\t<\/dt><\/dl><br style=\"clear: both\" \/>\n\t\t<\/div>\n\n<p style=\"text-align: center\"><em>Foi um encontro de muita f\u00e9, ora\u00e7\u00e3o e alegria. Onde cada pessoa pode ter s<strong>eu momento com o grande amor do Pa<\/strong><\/em><strong>i.<\/strong><\/p>\n<p style=\"text-align: center\"><div id=\"fb-root\"><\/div><script>(function(d, s, id) {  var js, fjs = d.getElementsByTagName(s)[0];  if (d.getElementById(id)) return;  js = d.createElement(s); js.id = id;  js.src = \"\/\/connect.facebook.net\/en_US\/all.js#xfbml=1\";  fjs.parentNode.insertBefore(js, fjs);}(document, 'script', 'facebook-jssdk'));<\/script><div class=\"fb-post\" data-href=\"https:\/\/www.facebook.com\/media\/set\/?set=a.875847292479618.1073741927.152726588125029&type=1\" data-width=\"466\"><div class=\"fb-xfbml-parse-ignore\"><a href=\"https:\/\/www.facebook.com\/media\/set\/?set=a.875847292479618.1073741927.152726588125029&type=1\">Post<\/a> by <a href=\"https:\/\/www.facebook.com\/CancaoNovaBrasilia\">Can\u00e7\u00e3o Nova Bras\u00edlia<\/a>.<\/div><\/div><\/p>\n<h6 style=\"text-align: center\"><strong><em>Veja acima algumas das fotos do nosso encontro.<\/em><\/strong><\/h6>\n<p style=\"text-align: justify\"><strong>Voc\u00ea que n\u00e3o pode estar conosco neste encontro<\/strong>, n\u00e3o deixe de estar no nosso pr\u00f3ximo aprofundamento. <strong>Aprofundamento para as familias nos dias 18 e 19 de abril.<\/strong> Voc\u00ea que faz parte de uma familia \u00e9 convidado a estar conosco.<\/p>\n<h5 style=\"text-align: center\"><a href=\"http:\/\/blog.cancaonova.com\/brasilia\/files\/2015\/03\/OS0365-Apf-para-fam\u00edlia-_Cr\u00ea-no-Senhor-Jesus-e-ser\u00e1-salvo-tu-e-tua-fam\u00edlia_-800x800px.jpg\"><img loading=\"lazy\" decoding=\"async\" class=\"aligncenter wp-image-12441\" src=\"http:\/\/blog.cancaonova.com\/brasilia\/files\/2015\/03\/OS0365-Apf-para-fam\u00edlia-_Cr\u00ea-no-Senhor-Jesus-e-ser\u00e1-salvo-tu-e-tua-fam\u00edlia_-800x800px.jpg\" alt=\"Apf para fam\u00edlia _Cr\u00ea no Senhor Jesus e ser\u00e1 salvo tu e tua fam\u00edlia\" width=\"262\" height=\"257\" \/><\/a><em><strong>Inscri\u00e7\u00f5es abertas.<\/strong><\/em><\/h5>\n<p style=\"text-align: justify\"><strong>Inf.: (61) 3252-7050<\/strong><\/p>\n<h6 style=\"text-align: justify\"><em><strong>Can\u00e7\u00e3o Nova Bras\u00edlia<\/strong><\/em><\/h6>\n","protected":false},"excerpt":{"rendered":"<p>Aprofundamento da Miseric\u00f3rdia A Can\u00e7\u00e3o Nova neste final de semana organizou um grande aprofundamento sobre a Divina Miseric\u00f3rdia. Foi um encontro de muita f\u00e9, ora\u00e7\u00e3o e alegria. Onde cada pessoa pode ter seu momento com o grande amor do Pai&#8230;.<\/p>\n","protected":false},"author":1361,"featured_media":12440,"comment_status":"open","ping_status":"closed","sticky":false,"template":"","format":"standard","meta":{"_mi_skip_tracking":false,"_monsterinsights_sitenote_active":false,"_monsterinsights_sitenote_note":"","_monsterinsights_sitenote_category":0,"footnotes":""},"categories":[20896],"tags":[8331,2691,18954,3151,17409,15899,951,10361],"_links":{"self":[{"href":"https:\/\/blog.cancaonova.com\/brasilia\/wp-json\/wp\/v2\/posts\/12435"}],"collection":[{"href":"https:\/\/blog.cancaonova.com\/brasilia\/wp-json\/wp\/v2\/posts"}],"about":[{"href":"https:\/\/blog.cancaonova.com\/brasilia\/wp-json\/wp\/v2\/types\/post"}],"author":[{"embeddable":true,"href":"https:\/\/blog.cancaonova.com\/brasilia\/wp-json\/wp\/v2\/users\/1361"}],"replies":[{"embeddable":true,"href":"https:\/\/blog.cancaonova.com\/brasilia\/wp-json\/wp\/v2\/comments?post=12435"}],"version-history":[{"count":4,"href":"https:\/\/blog.cancaonova.com\/brasilia\/wp-json\/wp\/v2\/posts\/12435\/revisions"}],"predecessor-version":[{"id":12444,"href":"https:\/\/blog.cancaonova.com\/brasilia\/wp-json\/wp\/v2\/posts\/12435\/revisions\/12444"}],"wp:featuredmedia":[{"embeddable":true,"href":"https:\/\/blog.cancaonova.com\/brasilia\/wp-json\/wp\/v2\/media\/12440"}],"wp:attachment":[{"href":"https:\/\/blog.cancaonova.com\/brasilia\/wp-json\/wp\/v2\/media?parent=12435"}],"wp:term":[{"taxonomy":"category","embeddable":true,"href":"https:\/\/blog.cancaonova.com\/brasilia\/wp-json\/wp\/v2\/categories?post=12435"},{"taxonomy":"post_tag","embeddable":true,"href":"https:\/\/blog.cancaonova.com\/brasilia\/wp-json\/wp\/v2\/tags?post=12435"}],"curies":[{"name":"wp","href":"https:\/\/api.w.org\/{rel}","templated":true}]}}