{"id":12446,"date":"2015-03-13T10:50:20","date_gmt":"2015-03-13T13:50:20","guid":{"rendered":"http:\/\/blog.cancaonova.com\/brasilia\/24-horas-de-oracao-para-o-senhor\/"},"modified":"2015-03-13T10:50:20","modified_gmt":"2015-03-13T13:50:20","slug":"24-horas-de-oracao-para-o-senhor","status":"publish","type":"post","link":"https:\/\/blog.cancaonova.com\/brasilia\/24-horas-de-oracao-para-o-senhor\/","title":{"rendered":"24 horas de ora\u00e7\u00e3o para o Senhor"},"content":{"rendered":"<h3 style=\"text-align: left\"><strong>A Can\u00e7\u00e3o Nova se une a toda a Igreja e reza pelas inten\u00e7\u00f5es do Santo Padre.\u00a0<\/strong><\/h3>\n<p>Vamos rezar com esta inspira\u00e7\u00e3o que ser\u00e1 o tema deste dia:\u00a0<b>\u201c<i>Deus \u00e9 rico em miseric\u00f3rdia<\/i>\u201d (Ef 2,4). \u00a0<\/b>Somos todos povo de Deus e fazemos parte da igreja de Cristo, por isso nestes dias vivamos a ora\u00e7\u00e3o com missas, confiss\u00f5es e adora\u00e7\u00e3o.<\/p>\n<blockquote><p><em>\u201cN\u00e3o subestimemos a for\u00e7a da ora\u00e7\u00e3o de muitos! A iniciativa 24 horas para o Senhor, que espero se celebre em toda a Igreja \u2013 mesmo a n\u00edvel diocesano \u2013 nos dias 13 e 14 de mar\u00e7o, pretende dar express\u00e3o a esta necessidade da ora\u00e7\u00e3o\u201d, escreveu Pont\u00edfice.<\/em><\/p><\/blockquote>\n<p><strong>Estejamos unidos em ora\u00e7\u00e3o pelas inten\u00e7\u00f5es do Papa Francisco<\/strong>, de toda a igreja e as inten\u00e7\u00f5es particulares de cada um traz em seu cora\u00e7\u00e3o.<\/p>\n<div id=\"attachment_12447\" style=\"width: 449px\" class=\"wp-caption aligncenter\"><a href=\"http:\/\/blog.cancaonova.com\/brasilia\/files\/2015\/03\/blog-246.png\"><img loading=\"lazy\" decoding=\"async\" aria-describedby=\"caption-attachment-12447\" class=\"  wp-image-12447\" src=\"http:\/\/blog.cancaonova.com\/brasilia\/files\/2015\/03\/blog-246.png\" alt=\"blog-246\" width=\"439\" height=\"302\" \/><\/a><p id=\"caption-attachment-12447\" class=\"wp-caption-text\">24 horas de ora\u00e7\u00e3o ao Senhor<\/p><\/div>\n<p>&nbsp;<\/p>\n<p><em><strong>O Sistema Can\u00e7\u00e3o Nova de Comunica\u00e7\u00e3o vai transmitir nesta sexta-feira, 13, \u00e0s 13 horas (hor\u00e1rio de Bras\u00edlia), a Celebra\u00e7\u00e3o Penitencial presidida pelo Santo Padre, diretamente da Bas\u00edlica de S\u00e3o Pedro, em Roma.<\/strong><\/em><\/p>\n<p>Reze conosco, <strong>procure a capela mais pr\u00f3xima de sua casa<\/strong>, e dedique ao menos uma hora de adora\u00e7\u00e3o ao Senhor, intercedendo junto ao Papa.<\/p>\n<p><em><strong>Que as ben\u00e7\u00e3os do C\u00e9u recaiam sobre voc\u00ea.<\/strong><\/em><\/p>\n<p><strong>Jesus, eu confio em V\u00f3s!<\/strong><\/p>\n<p>&nbsp;<\/p>\n<h6><em><strong>Can\u00e7\u00e3o Nova Bras\u00edlia<\/strong><\/em><\/h6>\n<p>&nbsp;<\/p>\n<p>&nbsp;<\/p>\n","protected":false},"excerpt":{"rendered":"<p>A Can\u00e7\u00e3o Nova se une a toda a Igreja e reza pelas inten\u00e7\u00f5es do Santo Padre.\u00a0 Vamos rezar com esta inspira\u00e7\u00e3o que ser\u00e1 o tema deste dia:\u00a0\u201cDeus \u00e9 rico em miseric\u00f3rdia\u201d (Ef 2,4). \u00a0Somos todos povo de Deus e fazemos&#8230;<\/p>\n","protected":false},"author":1361,"featured_media":12429,"comment_status":"open","ping_status":"closed","sticky":false,"template":"","format":"standard","meta":{"_mi_skip_tracking":false,"_monsterinsights_sitenote_active":false,"_monsterinsights_sitenote_note":"","_monsterinsights_sitenote_category":0,"footnotes":""},"categories":[32],"tags":[57281,5011,2551,177816,15401,261,142291],"_links":{"self":[{"href":"https:\/\/blog.cancaonova.com\/brasilia\/wp-json\/wp\/v2\/posts\/12446"}],"collection":[{"href":"https:\/\/blog.cancaonova.com\/brasilia\/wp-json\/wp\/v2\/posts"}],"about":[{"href":"https:\/\/blog.cancaonova.com\/brasilia\/wp-json\/wp\/v2\/types\/post"}],"author":[{"embeddable":true,"href":"https:\/\/blog.cancaonova.com\/brasilia\/wp-json\/wp\/v2\/users\/1361"}],"replies":[{"embeddable":true,"href":"https:\/\/blog.cancaonova.com\/brasilia\/wp-json\/wp\/v2\/comments?post=12446"}],"version-history":[{"count":1,"href":"https:\/\/blog.cancaonova.com\/brasilia\/wp-json\/wp\/v2\/posts\/12446\/revisions"}],"predecessor-version":[{"id":12448,"href":"https:\/\/blog.cancaonova.com\/brasilia\/wp-json\/wp\/v2\/posts\/12446\/revisions\/12448"}],"wp:featuredmedia":[{"embeddable":true,"href":"https:\/\/blog.cancaonova.com\/brasilia\/wp-json\/wp\/v2\/media\/12429"}],"wp:attachment":[{"href":"https:\/\/blog.cancaonova.com\/brasilia\/wp-json\/wp\/v2\/media?parent=12446"}],"wp:term":[{"taxonomy":"category","embeddable":true,"href":"https:\/\/blog.cancaonova.com\/brasilia\/wp-json\/wp\/v2\/categories?post=12446"},{"taxonomy":"post_tag","embeddable":true,"href":"https:\/\/blog.cancaonova.com\/brasilia\/wp-json\/wp\/v2\/tags?post=12446"}],"curies":[{"name":"wp","href":"https:\/\/api.w.org\/{rel}","templated":true}]}}