{"id":12450,"date":"2015-04-06T19:00:46","date_gmt":"2015-04-06T22:00:46","guid":{"rendered":"http:\/\/blog.cancaonova.com\/brasilia\/?p=12450"},"modified":"2015-04-06T17:30:09","modified_gmt":"2015-04-06T20:30:09","slug":"em-abril-na-cancao-nova","status":"publish","type":"post","link":"https:\/\/blog.cancaonova.com\/brasilia\/em-abril-na-cancao-nova\/","title":{"rendered":"Em Abril na Can\u00e7\u00e3o Nova"},"content":{"rendered":"<h3 style=\"text-align: center\"><strong>Em Abril na Can\u00e7\u00e3o Nova Bras\u00edlia<\/strong><\/h3>\n<p style=\"text-align: justify\">Muitos eventos para voc\u00ea rezar conosco neste m\u00eas de Abril.<\/p>\n<p style=\"text-align: justify\"><em><strong>Aprofundamento para fam\u00edlias<\/strong><\/em>, com <strong>Padre Chrystian Shankar<\/strong>. Nos dias 18\/19 de abril.<\/p>\n<p style=\"text-align: justify\"><a title=\"Localiza\u00e7\u00e3o EAPE\" href=\"https:\/\/goo.gl\/maps\/4d5Zj\" target=\"_blank\">No audit\u00f3rio da EAPE, SGAS 907<\/a>. Inscri\u00e7\u00f5es nas lojas Can\u00e7\u00e3o Nova.<\/p>\n<div id=\"attachment_12441\" style=\"width: 260px\" class=\"wp-caption aligncenter\"><a href=\"http:\/\/blog.cancaonova.com\/brasilia\/files\/2015\/03\/OS0365-Apf-para-fam\u00edlia-_Cr\u00ea-no-Senhor-Jesus-e-ser\u00e1-salvo-tu-e-tua-fam\u00edlia_-800x800px.jpg\"><img loading=\"lazy\" decoding=\"async\" aria-describedby=\"caption-attachment-12441\" class=\"  wp-image-12441\" src=\"http:\/\/blog.cancaonova.com\/brasilia\/files\/2015\/03\/OS0365-Apf-para-fam\u00edlia-_Cr\u00ea-no-Senhor-Jesus-e-ser\u00e1-salvo-tu-e-tua-fam\u00edlia_-800x800px.jpg\" alt=\"Apf para fam\u00edlia _Cr\u00ea no Senhor Jesus e ser\u00e1 salvo tu e tua fam\u00edlia\" width=\"250\" height=\"250\" srcset=\"https:\/\/blog.cancaonova.com\/brasilia\/files\/2015\/03\/OS0365-Apf-para-fam\u00edlia-_Cr\u00ea-no-Senhor-Jesus-e-ser\u00e1-salvo-tu-e-tua-fam\u00edlia_-800x800px.jpg 800w, https:\/\/blog.cancaonova.com\/brasilia\/files\/2015\/03\/OS0365-Apf-para-fam\u00edlia-_Cr\u00ea-no-Senhor-Jesus-e-ser\u00e1-salvo-tu-e-tua-fam\u00edlia_-800x800px-290x290.jpg 290w, https:\/\/blog.cancaonova.com\/brasilia\/files\/2015\/03\/OS0365-Apf-para-fam\u00edlia-_Cr\u00ea-no-Senhor-Jesus-e-ser\u00e1-salvo-tu-e-tua-fam\u00edlia_-800x800px-300x300.jpg 300w, https:\/\/blog.cancaonova.com\/brasilia\/files\/2015\/03\/OS0365-Apf-para-fam\u00edlia-_Cr\u00ea-no-Senhor-Jesus-e-ser\u00e1-salvo-tu-e-tua-fam\u00edlia_-800x800px-144x144.jpg 144w\" sizes=\"(max-width: 250px) 100vw, 250px\" \/><\/a><p id=\"caption-attachment-12441\" class=\"wp-caption-text\">Aprofundamento para Fam\u00edlias<\/p><\/div>\n<p style=\"text-align: justify\">\n<p style=\"text-align: justify\">Dia 23\/04 de Abril, <strong>Missa do Clube da Evangeliza\u00e7\u00e3o com Frei Josu\u00e9<\/strong>. <a title=\"Localiza\u00e7\u00e3o Missa do Clube\" href=\"https:\/\/goo.gl\/maps\/Me05J\" target=\"_blank\">No Santu\u00e1rio S\u00e3o Francisco de Assis, 914 Norte<\/a>. \u00c0s 20h.<\/p>\n<div id=\"attachment_12451\" style=\"width: 221px\" class=\"wp-caption aligncenter\"><a href=\"http:\/\/blog.cancaonova.com\/brasilia\/files\/2015\/04\/MISSAFREI-1.jpg\"><img loading=\"lazy\" decoding=\"async\" aria-describedby=\"caption-attachment-12451\" class=\"wp-image-12451\" src=\"http:\/\/blog.cancaonova.com\/brasilia\/files\/2015\/04\/MISSAFREI-1.jpg\" alt=\"Missa do Clube Abril\" width=\"211\" height=\"316\" srcset=\"https:\/\/blog.cancaonova.com\/brasilia\/files\/2015\/04\/MISSAFREI-1.jpg 642w, https:\/\/blog.cancaonova.com\/brasilia\/files\/2015\/04\/MISSAFREI-1-201x300.jpg 201w\" sizes=\"(max-width: 211px) 100vw, 211px\" \/><\/a><p id=\"caption-attachment-12451\" class=\"wp-caption-text\">Missa do Clube com Frei Josu\u00e9<\/p><\/div>\n<p style=\"text-align: justify\">\n<p style=\"text-align: justify\">N\u00e3o fique de fora desta. Participe conosco de nossos eventos neste m\u00eas de Abril.<\/p>\n<h5 style=\"text-align: justify\"><em><strong>Informa\u00e7\u00f5es.: (61)3252-7050<\/strong><\/em><\/h5>\n<h6 style=\"text-align: justify\"><em><strong>Can\u00e7\u00e3o Nova Bras\u00edlia<\/strong><\/em><\/h6>\n","protected":false},"excerpt":{"rendered":"<p>Em Abril na Can\u00e7\u00e3o Nova Bras\u00edlia Muitos eventos para voc\u00ea rezar conosco neste m\u00eas de Abril. Aprofundamento para fam\u00edlias, com Padre Chrystian Shankar. Nos dias 18\/19 de abril. No audit\u00f3rio da EAPE, SGAS 907. Inscri\u00e7\u00f5es nas lojas Can\u00e7\u00e3o Nova. Dia&#8230;<\/p>\n","protected":false},"author":1361,"featured_media":12276,"comment_status":"open","ping_status":"closed","sticky":false,"template":"","format":"standard","meta":{"_mi_skip_tracking":false,"_monsterinsights_sitenote_active":false,"_monsterinsights_sitenote_note":"","_monsterinsights_sitenote_category":0,"footnotes":""},"categories":[20896],"tags":[12001,16561,5011,177794,10381,21826,621],"_links":{"self":[{"href":"https:\/\/blog.cancaonova.com\/brasilia\/wp-json\/wp\/v2\/posts\/12450"}],"collection":[{"href":"https:\/\/blog.cancaonova.com\/brasilia\/wp-json\/wp\/v2\/posts"}],"about":[{"href":"https:\/\/blog.cancaonova.com\/brasilia\/wp-json\/wp\/v2\/types\/post"}],"author":[{"embeddable":true,"href":"https:\/\/blog.cancaonova.com\/brasilia\/wp-json\/wp\/v2\/users\/1361"}],"replies":[{"embeddable":true,"href":"https:\/\/blog.cancaonova.com\/brasilia\/wp-json\/wp\/v2\/comments?post=12450"}],"version-history":[{"count":1,"href":"https:\/\/blog.cancaonova.com\/brasilia\/wp-json\/wp\/v2\/posts\/12450\/revisions"}],"predecessor-version":[{"id":12452,"href":"https:\/\/blog.cancaonova.com\/brasilia\/wp-json\/wp\/v2\/posts\/12450\/revisions\/12452"}],"wp:featuredmedia":[{"embeddable":true,"href":"https:\/\/blog.cancaonova.com\/brasilia\/wp-json\/wp\/v2\/media\/12276"}],"wp:attachment":[{"href":"https:\/\/blog.cancaonova.com\/brasilia\/wp-json\/wp\/v2\/media?parent=12450"}],"wp:term":[{"taxonomy":"category","embeddable":true,"href":"https:\/\/blog.cancaonova.com\/brasilia\/wp-json\/wp\/v2\/categories?post=12450"},{"taxonomy":"post_tag","embeddable":true,"href":"https:\/\/blog.cancaonova.com\/brasilia\/wp-json\/wp\/v2\/tags?post=12450"}],"curies":[{"name":"wp","href":"https:\/\/api.w.org\/{rel}","templated":true}]}}