{"id":12454,"date":"2015-05-06T10:26:51","date_gmt":"2015-05-06T13:26:51","guid":{"rendered":"http:\/\/blog.cancaonova.com\/brasilia\/?p=12454"},"modified":"2015-05-11T11:53:42","modified_gmt":"2015-05-11T14:53:42","slug":"eventos-em-maio","status":"publish","type":"post","link":"https:\/\/blog.cancaonova.com\/brasilia\/eventos-em-maio\/","title":{"rendered":"Eventos em Maio"},"content":{"rendered":"<h2>Maio na Can\u00e7\u00e3o Nova Bras\u00edlia<\/h2>\n<p>M\u00eas de maio e v\u00e1rio eventos para voc\u00ea estar conosco neste m\u00eas.<\/p>\n<p><strong>Dia 16 de maio,<\/strong> pela manh\u00e3 acontece o <em><strong>Bazar Can\u00e7\u00e3o Nova<\/strong><\/em>\u00a0acontece das \u00a0no sal\u00e3o do <strong>Santu\u00e1rio Dom Bosco. Na 702 Sul.<\/strong><\/p>\n<p><img loading=\"lazy\" decoding=\"async\" class=\"alignnone wp-image-12455 aligncenter\" src=\"http:\/\/blog.cancaonova.com\/brasilia\/files\/2015\/05\/bazarmaio.jpg\" alt=\"   \" width=\"208\" height=\"282\" srcset=\"https:\/\/blog.cancaonova.com\/brasilia\/files\/2015\/05\/bazarmaio.jpg 2382w, https:\/\/blog.cancaonova.com\/brasilia\/files\/2015\/05\/bazarmaio-221x300.jpg 221w, https:\/\/blog.cancaonova.com\/brasilia\/files\/2015\/05\/bazarmaio-900x1221.jpg 900w\" sizes=\"(max-width: 208px) 100vw, 208px\" \/><\/p>\n<p>Tamb\u00e9m no<strong> dia 16 de maio<\/strong> teremos as<em><strong> 1000 Ave-Marias<\/strong><\/em> acontece na<strong> loja Can\u00e7\u00e3o Nova da Asa Sul. Na w3 502 Sul<\/strong>, em frente ao Santu\u00e1rio Dom Bosco.<strong> A partir das 08h30<\/strong>.<\/p>\n<p><a href=\"http:\/\/blog.cancaonova.com\/brasilia\/files\/2015\/05\/milave2.jpg\"><img loading=\"lazy\" decoding=\"async\" class=\" wp-image-12457 aligncenter\" src=\"http:\/\/blog.cancaonova.com\/brasilia\/files\/2015\/05\/milave2.jpg\" alt=\"milave2\" width=\"313\" height=\"234\" srcset=\"https:\/\/blog.cancaonova.com\/brasilia\/files\/2015\/05\/milave2.jpg 1600w, https:\/\/blog.cancaonova.com\/brasilia\/files\/2015\/05\/milave2-300x225.jpg 300w, https:\/\/blog.cancaonova.com\/brasilia\/files\/2015\/05\/milave2-900x675.jpg 900w\" sizes=\"(max-width: 313px) 100vw, 313px\" \/><\/a><\/p>\n<p>E no <strong>dia 28 de Maio<\/strong>, as <strong>20h<\/strong> no <strong>Par\u00f3quia Nossa Senhora Consolata<\/strong>\u00a0situado na 903\u00a0Norte, a\u00a0nossa <em><strong>Missa do Clube da Evangeliza\u00e7\u00e3o.<\/strong> <\/em><\/p>\n<p>Um encontro para rezarmos pela familia Can\u00e7\u00e3o Nova, pelas nossas necessidades mais profundas. Preside a Santa Missa <em><strong>Padre Fabiano Albuquerque da Comunidade Can\u00e7\u00e3o Nova.<\/strong><\/em><\/p>\n<p>&nbsp;<\/p>\n<p style=\"text-align: center\"><a href=\"http:\/\/blog.cancaonova.com\/brasilia\/files\/2015\/05\/MISSAclubemodf.jpg\"><img loading=\"lazy\" decoding=\"async\" class=\"aligncenter wp-image-12466\" src=\"http:\/\/blog.cancaonova.com\/brasilia\/files\/2015\/05\/MISSAclubemodf.jpg\" alt=\"MISSAclubemodf\" width=\"320\" height=\"336\" srcset=\"https:\/\/blog.cancaonova.com\/brasilia\/files\/2015\/05\/MISSAclubemodf.jpg 642w, https:\/\/blog.cancaonova.com\/brasilia\/files\/2015\/05\/MISSAclubemodf-286x300.jpg 286w\" sizes=\"(max-width: 320px) 100vw, 320px\" \/><\/a><\/p>\n<p style=\"text-align: center\"><em>N\u00e3o fique de fora. Esperamos por voc\u00ea.<\/em><\/p>\n<p><em><strong>Inf.: (61)3252 &#8211; 7050<\/strong><\/em><\/p>\n<p><strong>ERRATA.:\u00a0<\/strong>Excepcionalmente neste m\u00eas a missa n\u00e3o ocorrer\u00e1 no Santu\u00e1rio S\u00e3o Francisco de Assis, como acontece normalmente. Mas proximo m\u00eas retornaremos ao local de sempre. Obrigado pela compreens\u00e3o.<\/p>\n<p>&nbsp;<\/p>\n","protected":false},"excerpt":{"rendered":"<p>Maio na Can\u00e7\u00e3o Nova Bras\u00edlia M\u00eas de maio e v\u00e1rio eventos para voc\u00ea estar conosco neste m\u00eas. Dia 16 de maio, pela manh\u00e3 acontece o Bazar Can\u00e7\u00e3o Nova\u00a0acontece das \u00a0no sal\u00e3o do Santu\u00e1rio Dom Bosco. Na 702 Sul. Tamb\u00e9m no&#8230;<\/p>\n","protected":false},"author":1361,"featured_media":12276,"comment_status":"open","ping_status":"closed","sticky":false,"template":"","format":"standard","meta":{"_mi_skip_tracking":false,"_monsterinsights_sitenote_active":false,"_monsterinsights_sitenote_note":"","_monsterinsights_sitenote_category":0,"footnotes":""},"categories":[20896],"tags":[18028,5011,16723,67,7671,10381,13071,46877,177790,16294,19390],"_links":{"self":[{"href":"https:\/\/blog.cancaonova.com\/brasilia\/wp-json\/wp\/v2\/posts\/12454"}],"collection":[{"href":"https:\/\/blog.cancaonova.com\/brasilia\/wp-json\/wp\/v2\/posts"}],"about":[{"href":"https:\/\/blog.cancaonova.com\/brasilia\/wp-json\/wp\/v2\/types\/post"}],"author":[{"embeddable":true,"href":"https:\/\/blog.cancaonova.com\/brasilia\/wp-json\/wp\/v2\/users\/1361"}],"replies":[{"embeddable":true,"href":"https:\/\/blog.cancaonova.com\/brasilia\/wp-json\/wp\/v2\/comments?post=12454"}],"version-history":[{"count":3,"href":"https:\/\/blog.cancaonova.com\/brasilia\/wp-json\/wp\/v2\/posts\/12454\/revisions"}],"predecessor-version":[{"id":12467,"href":"https:\/\/blog.cancaonova.com\/brasilia\/wp-json\/wp\/v2\/posts\/12454\/revisions\/12467"}],"wp:featuredmedia":[{"embeddable":true,"href":"https:\/\/blog.cancaonova.com\/brasilia\/wp-json\/wp\/v2\/media\/12276"}],"wp:attachment":[{"href":"https:\/\/blog.cancaonova.com\/brasilia\/wp-json\/wp\/v2\/media?parent=12454"}],"wp:term":[{"taxonomy":"category","embeddable":true,"href":"https:\/\/blog.cancaonova.com\/brasilia\/wp-json\/wp\/v2\/categories?post=12454"},{"taxonomy":"post_tag","embeddable":true,"href":"https:\/\/blog.cancaonova.com\/brasilia\/wp-json\/wp\/v2\/tags?post=12454"}],"curies":[{"name":"wp","href":"https:\/\/api.w.org\/{rel}","templated":true}]}}