{"id":12459,"date":"2015-05-11T11:47:03","date_gmt":"2015-05-11T14:47:03","guid":{"rendered":"http:\/\/blog.cancaonova.com\/brasilia\/?p=12459"},"modified":"2015-05-11T11:47:03","modified_gmt":"2015-05-11T14:47:03","slug":"festa-da-cancao-nova-brasilia","status":"publish","type":"post","link":"https:\/\/blog.cancaonova.com\/brasilia\/festa-da-cancao-nova-brasilia\/","title":{"rendered":"Festa da Can\u00e7\u00e3o Nova Bras\u00edlia"},"content":{"rendered":"<h2 style=\"text-align: center\"><strong>Anivers\u00e1rio da Miss\u00e3o<\/strong><\/h2>\n<div id=\"attachment_12460\" style=\"width: 328px\" class=\"wp-caption aligncenter\"><a href=\"http:\/\/blog.cancaonova.com\/brasilia\/files\/2015\/05\/cartaz_Evento_Brasilia.jpg\"><img loading=\"lazy\" decoding=\"async\" aria-describedby=\"caption-attachment-12460\" class=\"wp-image-12460\" src=\"http:\/\/blog.cancaonova.com\/brasilia\/files\/2015\/05\/cartaz_Evento_Brasilia.jpg\" alt=\"Anivers\u00e1rio de CN Bras\u00edlia\" width=\"318\" height=\"450\" srcset=\"https:\/\/blog.cancaonova.com\/brasilia\/files\/2015\/05\/cartaz_Evento_Brasilia.jpg 1240w, https:\/\/blog.cancaonova.com\/brasilia\/files\/2015\/05\/cartaz_Evento_Brasilia-212x300.jpg 212w, https:\/\/blog.cancaonova.com\/brasilia\/files\/2015\/05\/cartaz_Evento_Brasilia-900x1273.jpg 900w\" sizes=\"(max-width: 318px) 100vw, 318px\" \/><\/a><p id=\"caption-attachment-12460\" class=\"wp-caption-text\">Anivers\u00e1rio de CN Bras\u00edlia<\/p><\/div>\n<p>&nbsp;<\/p>\n<p>Vem a\u00ed o Anivers\u00e1rio da miss\u00e3o Can\u00e7\u00e3o Nova em Bras\u00edlia. Dias <span style=\"color: #000000\"><strong>13 e 14 de Junho<\/strong>, no <strong>Col\u00e9gio Marista (Maristinha), L2 Sul 609.\u00a0<\/strong><\/span><\/p>\n<p>Com presen\u00e7as de: <em><strong>Frei Josu\u00e9, Pe. Fabiano, Dom Valdir Mamede, M\u00e1rcio Mendes, Rose, Paulinho S\u00e1 e Gabriela Carvalho<\/strong><\/em>.<\/p>\n<p>Participe conosco, reze conosco, festeje conosco os 14 anos de miss\u00e3o da Can\u00e7\u00e3o Nova em Bras\u00edlia.<\/p>\n<p>&nbsp;<\/p>\n<blockquote>\n<p style=\"text-align: center\"><span style=\"color: #800000\"><strong>Vagas limitadas.<\/strong> <em><strong>Entrada 1kg de alimento n\u00e3o perec\u00edvel. Trocas antecipadas nas Lojas Can\u00e7\u00e3o Nova do Plano piloto e de Taguatinga.<\/strong><\/em><\/span><\/p>\n<\/blockquote>\n<p>&nbsp;<\/p>\n<p><em><strong>N\u00e3o fique de fora.<\/strong><\/em><\/p>\n<p>&nbsp;<\/p>\n<h5>Can\u00e7\u00e3o Nova Brasilia<\/h5>\n","protected":false},"excerpt":{"rendered":"<p>Anivers\u00e1rio da Miss\u00e3o &nbsp; Vem a\u00ed o Anivers\u00e1rio da miss\u00e3o Can\u00e7\u00e3o Nova em Bras\u00edlia. Dias 13 e 14 de Junho, no Col\u00e9gio Marista (Maristinha), L2 Sul 609.\u00a0 Com presen\u00e7as de: Frei Josu\u00e9, Pe. Fabiano, Dom Valdir Mamede, M\u00e1rcio Mendes, Rose,&#8230;<\/p>\n","protected":false},"author":1361,"featured_media":12463,"comment_status":"open","ping_status":"closed","sticky":false,"template":"","format":"standard","meta":{"_mi_skip_tracking":false,"_monsterinsights_sitenote_active":false,"_monsterinsights_sitenote_note":"","_monsterinsights_sitenote_category":0,"footnotes":""},"categories":[20896],"tags":[16504,5011,17409,16541,21826,3511,80,155056],"_links":{"self":[{"href":"https:\/\/blog.cancaonova.com\/brasilia\/wp-json\/wp\/v2\/posts\/12459"}],"collection":[{"href":"https:\/\/blog.cancaonova.com\/brasilia\/wp-json\/wp\/v2\/posts"}],"about":[{"href":"https:\/\/blog.cancaonova.com\/brasilia\/wp-json\/wp\/v2\/types\/post"}],"author":[{"embeddable":true,"href":"https:\/\/blog.cancaonova.com\/brasilia\/wp-json\/wp\/v2\/users\/1361"}],"replies":[{"embeddable":true,"href":"https:\/\/blog.cancaonova.com\/brasilia\/wp-json\/wp\/v2\/comments?post=12459"}],"version-history":[{"count":3,"href":"https:\/\/blog.cancaonova.com\/brasilia\/wp-json\/wp\/v2\/posts\/12459\/revisions"}],"predecessor-version":[{"id":12464,"href":"https:\/\/blog.cancaonova.com\/brasilia\/wp-json\/wp\/v2\/posts\/12459\/revisions\/12464"}],"wp:featuredmedia":[{"embeddable":true,"href":"https:\/\/blog.cancaonova.com\/brasilia\/wp-json\/wp\/v2\/media\/12463"}],"wp:attachment":[{"href":"https:\/\/blog.cancaonova.com\/brasilia\/wp-json\/wp\/v2\/media?parent=12459"}],"wp:term":[{"taxonomy":"category","embeddable":true,"href":"https:\/\/blog.cancaonova.com\/brasilia\/wp-json\/wp\/v2\/categories?post=12459"},{"taxonomy":"post_tag","embeddable":true,"href":"https:\/\/blog.cancaonova.com\/brasilia\/wp-json\/wp\/v2\/tags?post=12459"}],"curies":[{"name":"wp","href":"https:\/\/api.w.org\/{rel}","templated":true}]}}