{"id":12474,"date":"2015-06-03T20:00:33","date_gmt":"2015-06-03T23:00:33","guid":{"rendered":"http:\/\/blog.cancaonova.com\/brasilia\/?p=12474"},"modified":"2015-06-03T17:31:04","modified_gmt":"2015-06-03T20:31:04","slug":"solenidade-de-corpus-christi","status":"publish","type":"post","link":"https:\/\/blog.cancaonova.com\/brasilia\/solenidade-de-corpus-christi\/","title":{"rendered":"Solenidade de Corpus Christi"},"content":{"rendered":"<h2 style=\"text-align: center\" align=\"left\">Conhe\u00e7a a hist\u00f3ria da festa de Corpus Christi<\/h2>\n<p align=\"left\">No final do s\u00e9culo\u00a0 XIII surgiu em Lieja, B\u00e9lgica, <strong>um Movimento Eucar\u00edstico cujo centro foi a\u00a0 Abadia de Cornillon<\/strong> fundada em 1124 pelo Bispo Albero de Lieja. <strong><em>Este movimento deu origem a v\u00e1rios costumes eucar\u00edsticos, como por exemplo a Exposi\u00e7\u00e3o e B\u00ean\u00e7\u00e3o do Sant\u00edssimo Sacramento, o uso dos sinos durante a eleva\u00e7\u00e3o na Missa e a festa do\u00a0 Corpus Christi.<\/em><\/strong><\/p>\n<div id=\"attachment_12475\" style=\"width: 170px\" class=\"wp-caption alignright\"><a href=\"http:\/\/blog.cancaonova.com\/brasilia\/files\/2015\/06\/Santa-Juliana-de-Cornelion-e1433362087971.jpg\"><img loading=\"lazy\" decoding=\"async\" aria-describedby=\"caption-attachment-12475\" class=\"wp-image-12475\" src=\"http:\/\/blog.cancaonova.com\/brasilia\/files\/2015\/06\/Santa-Juliana-de-Cornelion-e1433362087971.jpg\" alt=\"Santa Juliana de Cornelion\" width=\"160\" height=\"242\" srcset=\"https:\/\/blog.cancaonova.com\/brasilia\/files\/2015\/06\/Santa-Juliana-de-Cornelion-e1433362087971.jpg 1008w, https:\/\/blog.cancaonova.com\/brasilia\/files\/2015\/06\/Santa-Juliana-de-Cornelion-e1433362087971-199x300.jpg 199w, https:\/\/blog.cancaonova.com\/brasilia\/files\/2015\/06\/Santa-Juliana-de-Cornelion-e1433362087971-900x1357.jpg 900w\" sizes=\"(max-width: 160px) 100vw, 160px\" \/><\/a><p id=\"caption-attachment-12475\" class=\"wp-caption-text\">Santa Juliana de Cornelion<\/p><\/div>\n<p align=\"left\"><strong>Santa Juliana de Mont Cornillon<\/strong>, naquela \u00e9poca priora da Abadia, foi a enviada de Deus apra propiciar esta Festa. A santa nasceu em Retines perto de Li\u00e8ge, B\u00e9lgica em 1193. Ficou \u00f3rf\u00e3 muito pequena e foi educada pelas freiras Agostinas em Mont Cornillon. Quando cresceu, fez sua profiss\u00e3o religiosa e mais tarde foi superiora de sua comunidade. Morreu em 5 de abril de 1258, na casa das monjas Cistercienses em Fosses e foi enterrada em Villiers.<\/p>\n<p align=\"left\">Desde jovem, Santa Juliana teve uma grande venera\u00e7\u00e3o ao Sant\u00edssimo Sacramento. E sempre esperava que se tivesse uma festa especial em sua honra. Este desejo se diz ter intensificado por uma vis\u00e3o que teve da Igreja sob a apar\u00eancai de lua cheia com uma mancha negra, que significada a aus\u00eancia dessa solenidade.<\/p>\n<p align=\"left\">Juliana comunicou estas apari\u00e7\u00f5es a Dom Roberto de Thorete, o ent\u00e3o bispo de Lieja, tamb\u00e9m ao douto <strong>Dominico Hugh<\/strong>, mais tarde cardeal legado dos Pa\u00edses Baixos e Jacques Pantale\u00f3n, nessa \u00e9poca arquidi\u00e1colo de Lieja,<strong> mais tarde o Papa Urbano IV<\/strong>.<\/p>\n<p align=\"left\">O bispo\u00a0 Roberto focou impressionado e, como nesse tempo os bispos tinham o direito de ordenar festas para suas dioceses, invocou um s\u00ednodo em 1246 e ordenou que a celebra\u00e7\u00e3o fosse feita no ano seguinte, ao mesmo tempo o Papa ordenou, que um monge de nome\u00a0 Jo\u00e3o escrevesse o\u00a0 of\u00edcio para essa ocasi\u00e3o. O decreto est\u00e1 preservado em Binterim (Denkw\u00fcrdigkeiten, V.I. 276), junto com algumas partes do of\u00edcio.<\/p>\n<p align=\"left\">Dom Roberto n\u00e3o viveu para ver a realiza\u00e7\u00e3o de sua ordem, j\u00e1 que morreu em 16 de outubro de 1246, mas a festa foi celebrada pela primeira vez no ano seguinte a quinta-feira posterior \u00e0 festa\u00a0 da Sant\u00edssima Trindade. Mais tarde um bispo alem\u00e3o conheceu os costume e a o estendeu por toda a atual Alemanha.<\/p>\n<p style=\"text-align: center\" align=\"left\"><em><strong>O Papa Urbano IV, naquela \u00e9poca, tinha a corte em Orvieto, um pouco ao norte de Roma. Muito perto desta localidade est\u00e1\u00a0 Bolsena, onde em 1263 ou 1264 aconteceu o Milagre de Bolsena: um sacerdote que celebrava a Santa Missa teve d\u00favidas de que a\u00a0 Consagra\u00e7\u00e3o fosse algo real., no momento de partir a Sagrada Forma, viu sair dela sangue do qual foi se empapando em seguida o corporal. A venerada rel\u00edquia foi levada em prociss\u00e3o a Orvieto em 19 junho de 1264. Hoje se conservam os corporais -onde se ap\u00f3ia o c\u00e1lice e a patena durante a Missa- em Orvieto, e tamb\u00e9m se pode ver a pedra do altar em Bolsena, manchada de sangue.<\/strong><\/em><\/p>\n<p align=\"left\">\n<a href=\"http:\/\/blog.cancaonova.com\/brasilia\/files\/2015\/06\/1796984_875360819194932_4069307819081344914_o.jpg\"><img loading=\"lazy\" decoding=\"async\" class=\"alignleft wp-image-12478\" src=\"http:\/\/blog.cancaonova.com\/brasilia\/files\/2015\/06\/1796984_875360819194932_4069307819081344914_o.jpg\" alt=\"Prociss\u00e3o Eucaristica\" width=\"174\" height=\"265\" srcset=\"https:\/\/blog.cancaonova.com\/brasilia\/files\/2015\/06\/1796984_875360819194932_4069307819081344914_o.jpg 679w, https:\/\/blog.cancaonova.com\/brasilia\/files\/2015\/06\/1796984_875360819194932_4069307819081344914_o-198x300.jpg 198w\" sizes=\"(max-width: 174px) 100vw, 174px\" \/><\/a>O Santo Padre movido pelo prod\u00edgio, e a peti\u00e7\u00e3o de v\u00e1rios bispos, <em><strong>faz com que se estenda a festa do Corpus Christi a toda a Igreja por meio da bula &#8220;Transiturus&#8221; de 8 setembro do mesmo ano<\/strong><\/em>, fixando-a para a quinta-feira depois da oitava de Pentecostes\u00a0 e outorgando muitas indulg\u00eancias a todos que assistirem a Santa Missa e o of\u00edcio.<\/p>\n<p align=\"left\">Em seguida, segundo alguns bi\u00f3grafos, o Papa Urbano IV encarregou um of\u00edcio -a liturgia das horas- a S\u00e3o Boa-ventura e a Santo Tom\u00e1s de Aquino; quando o Pont\u00edfice come\u00e7ou a ler em voz alta o of\u00edcio feito por Santo Tom\u00e1s, S\u00e3o Boa-ventura foi rasgando o seu em peda\u00e7os.<\/p>\n<p align=\"left\">A morte do Papa Urbano IV (em 2 de outubro de 1264), um pouco depois da publica\u00e7\u00e3o do\u00a0 decreto, prejudicou a difus\u00e3o da festa. <em><strong>Mas o\u00a0 Papa Clemente V tomou o assunto em suas m\u00e3os e, no conc\u00edlio geral de\u00a0 Viena (1311), ordenou mais uma vez a ado\u00e7\u00e3o desta festa.<\/strong><\/em> Em 1317 \u00e9 promulgada uma recopila\u00e7\u00e3o de leis -por Jo\u00e3o XXII- e assim a festa \u00e9 estendida a toda a Igreja.<\/p>\n<p align=\"left\">Nenhum dos decretos fala da prociss\u00e3o com o\u00a0 Sant\u00edssimo como um aspecto da celebra\u00e7\u00e3o. Por\u00e9m estas prociss\u00f5es foram dotadas de indulg\u00eancias pelos Papas Martinho V e Eug\u00eanio IV, e se fizeram bastante comuns a partir do s\u00e9culo XIV.<\/p>\n<p align=\"left\">Na Igreja grega a festa de Corpus Christi \u00e9 conhecida nos calend\u00e1rios dos s\u00edrios, arm\u00eanios, coptos, melquitas e os rut\u00ednios da Gal\u00edcia, Cal\u00e1bria e Sic\u00edlia.<\/p>\n<div id=\"attachment_12476\" style=\"width: 516px\" class=\"wp-caption aligncenter\"><a href=\"http:\/\/blog.cancaonova.com\/brasilia\/files\/2015\/06\/Adora\u00e7\u00e3o-ao-Santissimo.jpg\"><img loading=\"lazy\" decoding=\"async\" aria-describedby=\"caption-attachment-12476\" class=\"wp-image-12476\" src=\"http:\/\/blog.cancaonova.com\/brasilia\/files\/2015\/06\/Adora\u00e7\u00e3o-ao-Santissimo.jpg\" alt=\"Adora\u00e7\u00e3o Eucaristica\" width=\"506\" height=\"336\" srcset=\"https:\/\/blog.cancaonova.com\/brasilia\/files\/2015\/06\/Adora\u00e7\u00e3o-ao-Santissimo.jpg 800w, https:\/\/blog.cancaonova.com\/brasilia\/files\/2015\/06\/Adora\u00e7\u00e3o-ao-Santissimo-300x199.jpg 300w\" sizes=\"(max-width: 506px) 100vw, 506px\" \/><\/a><p id=\"caption-attachment-12476\" class=\"wp-caption-text\">Adora\u00e7\u00e3o Eucaristica<\/p><\/div>\n<p style=\"text-align: center\" align=\"left\"><em><strong>Finalmente, o Conc\u00edlio de Trento declara que muito piedosa e religiosamente foi introduzida na Igreja de Deus o costume, que todos os anos, determinado dia festivo,\u00a0 seja celebrado este excelso e vener\u00e1vel sacramento com singular venera\u00e7\u00e3o e solenidade; e reverente e honorificamente seja levado em prociss\u00e3o pelas ruas e lugares p\u00fablicos. Nisto os crist\u00e3os expressam sua gratid\u00e3o e mem\u00f3ria por t\u00e3o inef\u00e1vel e verdadeiramente divino benef\u00edcio, pelo qual se faz novamente presente a vit\u00f3ria e triunfo sobre a morte e ressurrei\u00e7\u00e3o de Nosso Senhor Jesus Cristo.<\/strong><\/em><\/p>\n<p style=\"text-align: center\" align=\"left\">\n<p style=\"text-align: left\" align=\"left\">Que neste dia t\u00e3o especial, voc\u00ea possa &#8220;valorizar&#8221; a presen\u00e7a de Jesus Eucaristico. Procure sua par\u00f3quia, participe da celebra\u00e7\u00e3o e tamb\u00e9m da prociss\u00e3o e viva com especial ardor este dia t\u00e3o belo para a Igreja.<\/p>\n<p style=\"text-align: left\" align=\"left\">\n<p style=\"text-align: left\" align=\"left\">\n<p style=\"text-align: left\" align=\"left\"><em>fonte<\/em>: <em><strong><a href=\"http:\/\/www.acidigital.com\/fiestas\/eucaristia\/historia.htm\" target=\"_blank\">ACI Digital<\/a><\/strong><\/em><\/p>\n","protected":false},"excerpt":{"rendered":"<p>Conhe\u00e7a a hist\u00f3ria da festa de Corpus Christi No final do s\u00e9culo\u00a0 XIII surgiu em Lieja, B\u00e9lgica, um Movimento Eucar\u00edstico cujo centro foi a\u00a0 Abadia de Cornillon fundada em 1124 pelo Bispo Albero de Lieja. Este movimento deu origem a&#8230;<\/p>\n","protected":false},"author":1361,"featured_media":11586,"comment_status":"open","ping_status":"closed","sticky":false,"template":"","format":"standard","meta":{"_mi_skip_tracking":false,"_monsterinsights_sitenote_active":false,"_monsterinsights_sitenote_note":"","_monsterinsights_sitenote_category":0,"footnotes":""},"categories":[10341],"tags":[23935,13461,3671,16541,16136,2231,177799,24578],"_links":{"self":[{"href":"https:\/\/blog.cancaonova.com\/brasilia\/wp-json\/wp\/v2\/posts\/12474"}],"collection":[{"href":"https:\/\/blog.cancaonova.com\/brasilia\/wp-json\/wp\/v2\/posts"}],"about":[{"href":"https:\/\/blog.cancaonova.com\/brasilia\/wp-json\/wp\/v2\/types\/post"}],"author":[{"embeddable":true,"href":"https:\/\/blog.cancaonova.com\/brasilia\/wp-json\/wp\/v2\/users\/1361"}],"replies":[{"embeddable":true,"href":"https:\/\/blog.cancaonova.com\/brasilia\/wp-json\/wp\/v2\/comments?post=12474"}],"version-history":[{"count":2,"href":"https:\/\/blog.cancaonova.com\/brasilia\/wp-json\/wp\/v2\/posts\/12474\/revisions"}],"predecessor-version":[{"id":12479,"href":"https:\/\/blog.cancaonova.com\/brasilia\/wp-json\/wp\/v2\/posts\/12474\/revisions\/12479"}],"wp:featuredmedia":[{"embeddable":true,"href":"https:\/\/blog.cancaonova.com\/brasilia\/wp-json\/wp\/v2\/media\/11586"}],"wp:attachment":[{"href":"https:\/\/blog.cancaonova.com\/brasilia\/wp-json\/wp\/v2\/media?parent=12474"}],"wp:term":[{"taxonomy":"category","embeddable":true,"href":"https:\/\/blog.cancaonova.com\/brasilia\/wp-json\/wp\/v2\/categories?post=12474"},{"taxonomy":"post_tag","embeddable":true,"href":"https:\/\/blog.cancaonova.com\/brasilia\/wp-json\/wp\/v2\/tags?post=12474"}],"curies":[{"name":"wp","href":"https:\/\/api.w.org\/{rel}","templated":true}]}}