{"id":12485,"date":"2015-06-12T09:38:29","date_gmt":"2015-06-12T12:38:29","guid":{"rendered":"http:\/\/blog.cancaonova.com\/brasilia\/?p=12485"},"modified":"2015-06-12T09:38:29","modified_gmt":"2015-06-12T12:38:29","slug":"sagrado-coracao-de-jesus","status":"publish","type":"post","link":"https:\/\/blog.cancaonova.com\/brasilia\/sagrado-coracao-de-jesus\/","title":{"rendered":"Sagrado Cora\u00e7\u00e3o de Jesus"},"content":{"rendered":"<h1 style=\"text-align: center\">As promessas do Sagrado Cora\u00e7\u00e3o de Jesus<\/h1>\n<p style=\"text-align: center\"><em><strong>\u201cPrometo-te que Meu Cora\u00e7\u00e3o se dilatar\u00e1 para derramar os influxos de Seu amor divino sobre aqueles que Lhe prestarem esta honra\u201d.<\/strong><\/em> <em>Palavras do pr\u00f3prio Jesus\u00a0<\/em><\/p>\n<div id=\"attachment_11257\" style=\"width: 300px\" class=\"wp-caption aligncenter\"><a href=\"http:\/\/blog.cancaonova.com\/brasilia\/files\/2013\/06\/sagrado-cora\u00e7\u00e3o-de-jesus-.jpg\"><img loading=\"lazy\" decoding=\"async\" aria-describedby=\"caption-attachment-11257\" class=\"wp-image-11257\" src=\"http:\/\/blog.cancaonova.com\/brasilia\/files\/2013\/06\/sagrado-cora\u00e7\u00e3o-de-jesus-.jpg\" alt=\"sagrado cora\u00e7\u00e3o de jesus\" width=\"290\" height=\"218\" srcset=\"https:\/\/blog.cancaonova.com\/brasilia\/files\/2013\/06\/sagrado-cora\u00e7\u00e3o-de-jesus-.jpg 500w, https:\/\/blog.cancaonova.com\/brasilia\/files\/2013\/06\/sagrado-cora\u00e7\u00e3o-de-jesus--300x225.jpg 300w\" sizes=\"(max-width: 290px) 100vw, 290px\" \/><\/a><p id=\"caption-attachment-11257\" class=\"wp-caption-text\">A Grande Revela\u00e7\u00e3o<\/p><\/div>\n<p style=\"text-align: justify\">Conhe\u00e7a agora as <strong>12 promessas<\/strong> do Sagrado Cora\u00e7\u00e3o de Jesus a Santa Margarida Maria Alacoque:<\/p>\n<p style=\"text-align: justify\"><strong>1\u00aa Promessa:<\/strong> \u201cA minha b\u00ean\u00e7\u00e3o permanecer\u00e1 sobre as casas em que se achar exposta e venerada a imagem de Meu Sagrado Cora\u00e7\u00e3o\u201d;<\/p>\n<p style=\"text-align: justify\"><strong>2\u00aa Promessa<\/strong>: \u201cEu darei aos devotos de Meu Cora\u00e7\u00e3o todas as gra\u00e7as necess\u00e1rias a seu estado\u201d;<\/p>\n<p style=\"text-align: justify\"><strong>3\u00aa Promessa:<\/strong> \u201cEstabelecerei e conservarei a paz em suas fam\u00edlias\u201d;<\/p>\n<p style=\"text-align: justify\"><strong>4\u00aa Promessa<\/strong>: \u201cEu os consolarei em todas as suas afli\u00e7\u00f5es\u201d;<\/p>\n<p style=\"text-align: justify\"><strong>5\u00aa Promessa<\/strong>: \u201cSerei ref\u00fagio seguro na vida e principalmente na hora da morte\u201d;<\/p>\n<p style=\"text-align: justify\"><strong>6\u00aa Promessa:<\/strong> \u201cLan\u00e7arei b\u00ean\u00e7\u00e3os abundantes sobre os seus trabalhos e empreendimentos\u201d;<\/p>\n<p style=\"text-align: justify\"><strong>7\u00aa Promessa:<\/strong> \u201cOs pecadores encontrar\u00e3o, em meu Cora\u00e7\u00e3o, fonte inesgot\u00e1vel de miseric\u00f3rdias\u201d;<\/p>\n<p style=\"text-align: justify\"><strong>8\u00aa Promessa:<\/strong> \u201cAs almas t\u00edbias tornar-se-\u00e3o fervorosas pela pr\u00e1tica dessa devo\u00e7\u00e3o\u201d;<\/p>\n<p style=\"text-align: justify\"><strong>9\u00aa Promessa:<\/strong> \u201cAs almas fervorosas subir\u00e3o, em pouco tempo, a uma alta perfei\u00e7\u00e3o\u201d;<\/p>\n<p style=\"text-align: justify\"><strong>10\u00aa Promessa:<\/strong> \u201cDarei aos sacerdotes que praticarem especialmente essa devo\u00e7\u00e3o o poder de tocar os cora\u00e7\u00f5es mais endurecidos\u201d;<\/p>\n<p style=\"text-align: justify\"><strong>11\u00aa Promessa:<\/strong> \u201cAs pessoas que propagarem esta devo\u00e7\u00e3o ter\u00e3o o seu nome inscrito para sempre no Meu Cora\u00e7\u00e3o\u201d;<\/p>\n<p style=\"text-align: justify\"><strong>12\u00aa Promessa:<\/strong> \u201cA todos os que comunguem, nas primeiras sextas-feiras de nove meses consecutivos, darei a gra\u00e7a da perseveran\u00e7a final e da salva\u00e7\u00e3o eterna\u201d.<\/p>\n<div id=\"attachment_11258\" style=\"width: 209px\" class=\"wp-caption aligncenter\"><a href=\"http:\/\/blog.cancaonova.com\/brasilia\/files\/2013\/06\/sagrado-cora\u00e7\u00e3o-de-jesus-6.jpg\"><img loading=\"lazy\" decoding=\"async\" aria-describedby=\"caption-attachment-11258\" class=\"wp-image-11258\" src=\"http:\/\/blog.cancaonova.com\/brasilia\/files\/2013\/06\/sagrado-cora\u00e7\u00e3o-de-jesus-6.jpg\" alt=\"sagrado cora\u00e7\u00e3o de jesus 6\" width=\"199\" height=\"296\" srcset=\"https:\/\/blog.cancaonova.com\/brasilia\/files\/2013\/06\/sagrado-cora\u00e7\u00e3o-de-jesus-6.jpg 344w, https:\/\/blog.cancaonova.com\/brasilia\/files\/2013\/06\/sagrado-cora\u00e7\u00e3o-de-jesus-6-201x300.jpg 201w\" sizes=\"(max-width: 199px) 100vw, 199px\" \/><\/a><p id=\"caption-attachment-11258\" class=\"wp-caption-text\">Sagrado Cora\u00e7\u00e3o de Jesus<\/p><\/div>\n<p style=\"text-align: justify\">\u201cPrometo-te, na<strong> excessiva miseric\u00f3rdia do meu Cora\u00e7\u00e3o<\/strong>, que o seu amor onipotente obter\u00e1 a todos aqueles que comunguem <strong>nove primeiras sextas-feiras do m\u00eas seguidas<\/strong> a gra\u00e7a da penit\u00eancia final, que <strong>n\u00e3o morrer\u00e3o na minha desgra\u00e7a<\/strong>, sem receber os seus sacramentos <strong>e que o Meu divino Cora\u00e7\u00e3o ser\u00e1 o seu ref\u00fagio assegurado no \u00faltimo momento<\/strong>\u201d.<\/p>\n<p style=\"text-align: justify\">\n<p style=\"text-align: justify\"><em><strong>\u201cNada temas, Eu reinarei apesar dos meus inimigos e de todos aqueles que procurar\u00e3o opor-se\u201d.<\/strong><\/em><\/p>\n","protected":false},"excerpt":{"rendered":"<p>As promessas do Sagrado Cora\u00e7\u00e3o de Jesus \u201cPrometo-te que Meu Cora\u00e7\u00e3o se dilatar\u00e1 para derramar os influxos de Seu amor divino sobre aqueles que Lhe prestarem esta honra\u201d. Palavras do pr\u00f3prio Jesus\u00a0 Conhe\u00e7a agora as 12 promessas do Sagrado Cora\u00e7\u00e3o&#8230;<\/p>\n","protected":false},"author":1361,"featured_media":11256,"comment_status":"open","ping_status":"closed","sticky":false,"template":"","format":"standard","meta":{"_mi_skip_tracking":false,"_monsterinsights_sitenote_active":false,"_monsterinsights_sitenote_note":"","_monsterinsights_sitenote_category":0,"footnotes":""},"categories":[23,32],"tags":[16541,48,27268,19178,16621],"_links":{"self":[{"href":"https:\/\/blog.cancaonova.com\/brasilia\/wp-json\/wp\/v2\/posts\/12485"}],"collection":[{"href":"https:\/\/blog.cancaonova.com\/brasilia\/wp-json\/wp\/v2\/posts"}],"about":[{"href":"https:\/\/blog.cancaonova.com\/brasilia\/wp-json\/wp\/v2\/types\/post"}],"author":[{"embeddable":true,"href":"https:\/\/blog.cancaonova.com\/brasilia\/wp-json\/wp\/v2\/users\/1361"}],"replies":[{"embeddable":true,"href":"https:\/\/blog.cancaonova.com\/brasilia\/wp-json\/wp\/v2\/comments?post=12485"}],"version-history":[{"count":1,"href":"https:\/\/blog.cancaonova.com\/brasilia\/wp-json\/wp\/v2\/posts\/12485\/revisions"}],"predecessor-version":[{"id":12486,"href":"https:\/\/blog.cancaonova.com\/brasilia\/wp-json\/wp\/v2\/posts\/12485\/revisions\/12486"}],"wp:featuredmedia":[{"embeddable":true,"href":"https:\/\/blog.cancaonova.com\/brasilia\/wp-json\/wp\/v2\/media\/11256"}],"wp:attachment":[{"href":"https:\/\/blog.cancaonova.com\/brasilia\/wp-json\/wp\/v2\/media?parent=12485"}],"wp:term":[{"taxonomy":"category","embeddable":true,"href":"https:\/\/blog.cancaonova.com\/brasilia\/wp-json\/wp\/v2\/categories?post=12485"},{"taxonomy":"post_tag","embeddable":true,"href":"https:\/\/blog.cancaonova.com\/brasilia\/wp-json\/wp\/v2\/tags?post=12485"}],"curies":[{"name":"wp","href":"https:\/\/api.w.org\/{rel}","templated":true}]}}