{"id":12488,"date":"2015-06-22T12:12:22","date_gmt":"2015-06-22T15:12:22","guid":{"rendered":"http:\/\/blog.cancaonova.com\/brasilia\/?p=12488"},"modified":"2015-07-02T13:24:24","modified_gmt":"2015-07-02T16:24:24","slug":"agenda-cancao-nova-brasilia-2","status":"publish","type":"post","link":"https:\/\/blog.cancaonova.com\/brasilia\/agenda-cancao-nova-brasilia-2\/","title":{"rendered":"Agenda Can\u00e7\u00e3o Nova Bras\u00edlia"},"content":{"rendered":"<h2 style=\"text-align: center\">Eventos CNBras\u00edlia<\/h2>\n<p style=\"text-align: center\"><em>A Can\u00e7\u00e3o Nova <strong>nasceu da evangeliza\u00e7\u00e3o para a Evangeliza\u00e7\u00e3o<\/strong>. Por isto fazemos diversos eventos para levar voc\u00ea ao encontro pessoal com Cristo.\u00a0<\/em><\/p>\n<p><strong>Neste final de Junho<\/strong> preparamos uma vig\u00edlia especial para voc\u00ea. Um encontro com Cristo, um momento de vig\u00edlia diante de Jesus. Na <em><strong>noite de s\u00e1bado (27) pra domingo (28),<\/strong><\/em> a partir das<strong> 23h nos est\u00fadios da TV Can\u00e7\u00e3o Nova em Bras\u00edlia.\u00a0<\/strong><\/p>\n<div id=\"attachment_12492\" style=\"width: 215px\" class=\"wp-caption aligncenter\"><a href=\"http:\/\/blog.cancaonova.com\/brasilia\/files\/2015\/06\/Vig\u00edlia-CN.jpg\"><img loading=\"lazy\" decoding=\"async\" aria-describedby=\"caption-attachment-12492\" class=\"  wp-image-12492\" src=\"http:\/\/blog.cancaonova.com\/brasilia\/files\/2015\/06\/Vig\u00edlia-CN.jpg\" alt=\"Vig\u00edlia-CN\" width=\"205\" height=\"290\" srcset=\"https:\/\/blog.cancaonova.com\/brasilia\/files\/2015\/06\/Vig\u00edlia-CN.jpg 1309w, https:\/\/blog.cancaonova.com\/brasilia\/files\/2015\/06\/Vig\u00edlia-CN-212x300.jpg 212w, https:\/\/blog.cancaonova.com\/brasilia\/files\/2015\/06\/Vig\u00edlia-CN-900x1272.jpg 900w\" sizes=\"(max-width: 205px) 100vw, 205px\" \/><\/a><p id=\"caption-attachment-12492\" class=\"wp-caption-text\">1\u00aa Vig\u00edlia da Can\u00e7\u00e3o Nova Bras\u00edlia<\/p><\/div>\n<p><strong>Fa\u00e7a a sua inscri\u00e7\u00e3o<\/strong> na Loja Can\u00e7\u00e3o Nova do plano Piloto,<strong> as vagas s\u00e3o limitadas<\/strong>. Inscri\u00e7\u00f5es e informa\u00e7\u00f5es pelo telefone: (61) 3252-7050<\/p>\n<p><strong>E no m\u00eas de julho.<\/strong> Mais momentos e eventos para te levar ao encontro com o Senhor.<\/p>\n<p><strong>No segundo\u00a0s\u00e1bado (11)<\/strong>, teremos um momento forte de intercess\u00e3o. <em><strong>A devo\u00e7\u00e3o das 1000 Ave-Marias.<\/strong><\/em> (<a href=\"http:\/\/blog.cancaonova.com\/brasilia\/proximo-sabado-mil-ave-marias\/\" target=\"_blank\">Conhe\u00e7a um pouco da hist\u00f3ria<\/a>). Um &#8220;super ros\u00e1rio&#8221; para o nosso combate contra o Mal que assola este mundo.<\/p>\n<p>A partir <strong>das 8h30 da manh\u00e3 na capela da loja Can\u00e7\u00e3o Nova<\/strong>, diante de Jesus Sacramentado. <em><strong>Venha rezar conosco<\/strong><\/em>. S\u00e1bado dia <strong>11\u00a0de Julho \u00e0s 8h30.<\/strong><\/p>\n<div id=\"attachment_12501\" style=\"width: 260px\" class=\"wp-caption aligncenter\"><a href=\"http:\/\/blog.cancaonova.com\/brasilia\/files\/2015\/06\/milavejulho-2.jpg\"><img loading=\"lazy\" decoding=\"async\" aria-describedby=\"caption-attachment-12501\" class=\"wp-image-12501\" src=\"http:\/\/blog.cancaonova.com\/brasilia\/files\/2015\/06\/milavejulho-2.jpg\" alt=\"milavejulho (2)\" width=\"250\" height=\"187\" srcset=\"https:\/\/blog.cancaonova.com\/brasilia\/files\/2015\/06\/milavejulho-2.jpg 1600w, https:\/\/blog.cancaonova.com\/brasilia\/files\/2015\/06\/milavejulho-2-300x225.jpg 300w, https:\/\/blog.cancaonova.com\/brasilia\/files\/2015\/06\/milavejulho-2-80x60.jpg 80w, https:\/\/blog.cancaonova.com\/brasilia\/files\/2015\/06\/milavejulho-2-900x675.jpg 900w\" sizes=\"(max-width: 250px) 100vw, 250px\" \/><\/a><p id=\"caption-attachment-12501\" class=\"wp-caption-text\">1000 Ave-Marias<\/p><\/div>\n<p><strong>No dia 11 de Julho<\/strong> teremos o nosso Bazar da Provid\u00eancia. Um momento para ajudarmos o &#8220;Projeto Dai-me Almas&#8221; diretamente. Comprando roupas, cal\u00e7ados entre outros itens, voc\u00ea ajuda diretamente a Comunidade Can\u00e7\u00e3o Nova.<\/p>\n<p>Acontecer\u00e1 <strong>no dia 11\/07 das 9h at\u00e9 12h.<\/strong> No sal\u00e3o do Santu\u00e1rio Dom Bosco, na 702 Sul.<\/p>\n<div id=\"attachment_12489\" style=\"width: 281px\" class=\"wp-caption aligncenter\"><a href=\"http:\/\/blog.cancaonova.com\/brasilia\/files\/2015\/06\/bazarjulho.jpg\"><img loading=\"lazy\" decoding=\"async\" aria-describedby=\"caption-attachment-12489\" class=\"wp-image-12489\" src=\"http:\/\/blog.cancaonova.com\/brasilia\/files\/2015\/06\/bazarjulho.jpg\" alt=\"bazarjulho\" width=\"271\" height=\"368\" srcset=\"https:\/\/blog.cancaonova.com\/brasilia\/files\/2015\/06\/bazarjulho.jpg 1180w, https:\/\/blog.cancaonova.com\/brasilia\/files\/2015\/06\/bazarjulho-221x300.jpg 221w, https:\/\/blog.cancaonova.com\/brasilia\/files\/2015\/06\/bazarjulho-900x1220.jpg 900w\" sizes=\"(max-width: 271px) 100vw, 271px\" \/><\/a><p id=\"caption-attachment-12489\" class=\"wp-caption-text\">Bazar da Divina Provid\u00eancia<\/p><\/div>\n<p>Anote tamb\u00e9m em sua agenda a missa do Clube da Evangeliza\u00e7\u00e3o. <strong>Dia 15 de julho, quarta-feira, \u00e0s 20h.<\/strong> No Santu\u00e1rio S\u00e3o Francisco de Assis. Na 905 Norte.<strong> Celebrar\u00e1 para n\u00f3s o Frei Josu\u00e9.<\/strong> Venha participar conosco deste momento de gra\u00e7a e de intercess\u00e3o.<\/p>\n<p>&nbsp;<\/p>\n<p><a href=\"http:\/\/blog.cancaonova.com\/brasilia\/files\/2015\/06\/clubemissa.jpg\"><img loading=\"lazy\" decoding=\"async\" class=\"  aligncenter wp-image-12490\" src=\"http:\/\/blog.cancaonova.com\/brasilia\/files\/2015\/06\/clubemissa.jpg\" alt=\"clubemissa\" width=\"315\" height=\"422\" srcset=\"https:\/\/blog.cancaonova.com\/brasilia\/files\/2015\/06\/clubemissa.jpg 716w, https:\/\/blog.cancaonova.com\/brasilia\/files\/2015\/06\/clubemissa-224x300.jpg 224w, https:\/\/blog.cancaonova.com\/brasilia\/files\/2015\/06\/clubemissa-150x200.jpg 150w\" sizes=\"(max-width: 315px) 100vw, 315px\" \/><\/a><\/p>\n<p>&nbsp;<\/p>\n<p>Traga tamb\u00e9m sua doa\u00e7\u00e3o para o &#8220;Projeto Dai-me Almas&#8221;, sua generosidade nos ajudar\u00e1 a chegar aos 100%.<\/p>\n<p>Enfim no <strong>dia 23 de julho<\/strong>, uma forma\u00e7\u00e3o para a fam\u00edlia. Uma noite de forma\u00e7\u00e3o sobre Ideologia de G\u00eanero. Com o tema &#8220;Identidade Sexual e Fam\u00edlia&#8221; e com a presen\u00e7a do Prof. Felipe Nery, queremos levar voc\u00ea a entender o significado do termo e te motivar a lutar pela familia, contra todos estes projetos que est\u00e3o sendo propagados por a\u00ed.<\/p>\n<p>Venha participar conosco, <strong>dia 23 de julho, as 20h no Sal\u00e3o da par\u00f3quia S\u00e3o Camilo de Lelis, na EQS 303\/304.<\/strong> \u00a0<em><strong>Vagas Limitadas.<\/strong><\/em><\/p>\n<div id=\"attachment_12497\" style=\"width: 260px\" class=\"wp-caption aligncenter\"><a href=\"http:\/\/blog.cancaonova.com\/brasilia\/files\/2015\/06\/IdeologiadeGenero.jpg\"><img loading=\"lazy\" decoding=\"async\" aria-describedby=\"caption-attachment-12497\" class=\"  wp-image-12497\" src=\"http:\/\/blog.cancaonova.com\/brasilia\/files\/2015\/06\/IdeologiadeGenero.jpg\" alt=\"Forma\u00e7\u00e3o\" width=\"250\" height=\"350\" srcset=\"https:\/\/blog.cancaonova.com\/brasilia\/files\/2015\/06\/IdeologiadeGenero.jpg 1464w, https:\/\/blog.cancaonova.com\/brasilia\/files\/2015\/06\/IdeologiadeGenero-214x300.jpg 214w, https:\/\/blog.cancaonova.com\/brasilia\/files\/2015\/06\/IdeologiadeGenero-900x1259.jpg 900w\" sizes=\"(max-width: 250px) 100vw, 250px\" \/><\/a><p id=\"caption-attachment-12497\" class=\"wp-caption-text\">Forma\u00e7\u00e3o<\/p><\/div>\n<p><em><strong>N\u00e3o fique de fora destes momentos de evangeliza\u00e7\u00e3o. Participe conosco. <\/strong><\/em><\/p>\n<p><em><strong>Mais informa\u00e7\u00f5es.: (61) 3252-7050<\/strong><\/em>.<\/p>\n<p>&nbsp;<\/p>\n<p>&nbsp;<\/p>\n<p>&nbsp;<\/p>\n","protected":false},"excerpt":{"rendered":"<p>Eventos CNBras\u00edlia A Can\u00e7\u00e3o Nova nasceu da evangeliza\u00e7\u00e3o para a Evangeliza\u00e7\u00e3o. Por isto fazemos diversos eventos para levar voc\u00ea ao encontro pessoal com Cristo.\u00a0 Neste final de Junho preparamos uma vig\u00edlia especial para voc\u00ea. Um encontro com Cristo, um momento&#8230;<\/p>\n","protected":false},"author":1361,"featured_media":0,"comment_status":"open","ping_status":"closed","sticky":false,"template":"","format":"standard","meta":{"_mi_skip_tracking":false,"_monsterinsights_sitenote_active":false,"_monsterinsights_sitenote_note":"","_monsterinsights_sitenote_category":0,"footnotes":""},"categories":[20896,23],"tags":[16835,18028,17409,163454,21032,46877,261,27425,7611],"_links":{"self":[{"href":"https:\/\/blog.cancaonova.com\/brasilia\/wp-json\/wp\/v2\/posts\/12488"}],"collection":[{"href":"https:\/\/blog.cancaonova.com\/brasilia\/wp-json\/wp\/v2\/posts"}],"about":[{"href":"https:\/\/blog.cancaonova.com\/brasilia\/wp-json\/wp\/v2\/types\/post"}],"author":[{"embeddable":true,"href":"https:\/\/blog.cancaonova.com\/brasilia\/wp-json\/wp\/v2\/users\/1361"}],"replies":[{"embeddable":true,"href":"https:\/\/blog.cancaonova.com\/brasilia\/wp-json\/wp\/v2\/comments?post=12488"}],"version-history":[{"count":3,"href":"https:\/\/blog.cancaonova.com\/brasilia\/wp-json\/wp\/v2\/posts\/12488\/revisions"}],"predecessor-version":[{"id":12502,"href":"https:\/\/blog.cancaonova.com\/brasilia\/wp-json\/wp\/v2\/posts\/12488\/revisions\/12502"}],"wp:attachment":[{"href":"https:\/\/blog.cancaonova.com\/brasilia\/wp-json\/wp\/v2\/media?parent=12488"}],"wp:term":[{"taxonomy":"category","embeddable":true,"href":"https:\/\/blog.cancaonova.com\/brasilia\/wp-json\/wp\/v2\/categories?post=12488"},{"taxonomy":"post_tag","embeddable":true,"href":"https:\/\/blog.cancaonova.com\/brasilia\/wp-json\/wp\/v2\/tags?post=12488"}],"curies":[{"name":"wp","href":"https:\/\/api.w.org\/{rel}","templated":true}]}}