{"id":12505,"date":"2015-07-13T14:22:01","date_gmt":"2015-07-13T17:22:01","guid":{"rendered":"http:\/\/blog.cancaonova.com\/brasilia\/?p=12505"},"modified":"2015-07-13T14:22:01","modified_gmt":"2015-07-13T17:22:01","slug":"formacao-sobre-ideologia-de-genero","status":"publish","type":"post","link":"https:\/\/blog.cancaonova.com\/brasilia\/formacao-sobre-ideologia-de-genero\/","title":{"rendered":"Forma\u00e7\u00e3o sobre Ideologia de Genero"},"content":{"rendered":"<div class=\"socialmedia-top\">\n<div class=\"addthis_toolbox addthis_default_style addthis_16x16_style\">\n<div class=\"atclear\"><\/div>\n<\/div>\n<\/div>\n<p><strong>Doutor em Teologia Moral, padre M\u00e1rio dedica o artigo, \u00e0 ideologia de g\u00eanero, assunto em destaque no Brasil devido \u00e0 tentativa de inseri-lo em planos de educa\u00e7\u00e3o<\/strong><\/p>\n<p><em>Padre M\u00e1rio Marcelo Coelho,scj<\/em><br \/>\n<em>Doutor em Teologia Moral<\/em><\/p>\n<p><a href=\"http:\/\/img.cancaonova.com\/cnimages\/canais\/uploads\/sites\/11\/2014\/01\/2895831.jpg\" target=\"_blank\"><img loading=\"lazy\" decoding=\"async\" class=\"aligncenter wp-image-102240 size-full\" src=\"http:\/\/img.cancaonova.com\/cnimages\/canais\/uploads\/sites\/11\/2014\/01\/2895831.jpg\" alt=\"Padre M\u00e1rio Marcelo destaca que o matrim\u00f4nio e a fam\u00edlia est\u00e3o inscritos no projeto de Deus \/ Foto: Arquivo\" width=\"286\" height=\"320\" \/><\/a><\/p>\n<p><strong>O que se entende por \u201cideologia de g\u00eanero?\u201d<\/strong><\/p>\n<p style=\"text-align: center\">De acordo com alguns m\u00e9dicos e psiquiatras idealizadores da ideologia de g\u00eanero, sexo biol\u00f3gico,\u00a0g\u00eanero, orienta\u00e7\u00e3o e express\u00e3o, elementos que formam o comportamento sexual humano,\u00a0n\u00e3o s\u00e3o op\u00e7\u00f5es divididas apenas\u00a0entre o feminino e o\u00a0masculino. S\u00e3o grada\u00e7\u00f5es e podem ser combinadas, dando origem a in\u00fameras possibilidades. O conceito de g\u00eanero \u00e9 definido como \u201cum sistema de pap\u00e9is e rela\u00e7\u00f5es entre o homem e a mulher, que n\u00e3o \u00e9 determinado biologicamente, mas depende do contexto social, pol\u00edtico e econ\u00f4mico. Assim como a sexualidade biol\u00f3gica \u00e9 nata, assim o \u2018gender\u2019 \u00e9 um produto resultante da educa\u00e7\u00e3o\u201d.<\/p>\n<p style=\"text-align: center\">Quando a crian\u00e7a nasce, n\u00e3o deve ser considerada do sexo masculino ou sexo feminino; depois ela far\u00e1 essa escolha. Essa \u00e9 a chamada \u2018Identidade de g\u00eanero\u2019 ou \u2018Ideologia de g\u00eanero\u2019. A identidade sexual resulta do modo que a crian\u00e7a foi educada, por isso, \u00e0s vezes, \u00e9 diferente da sexualidade biol\u00f3gica. Um dos objetivos dessa ideologia \u00e9 eliminar as diferen\u00e7as sexuais entre o masculino e feminino, que s\u00e3o determinadas por diferen\u00e7as biol\u00f3gicas entre homem e mulher. Inclusive, j\u00e1 existem escolas para crian\u00e7as na Su\u00e9cia e na Holanda, onde n\u00e3o se pode chamar o aluno de menino ou menina, chama-os apenas de crian\u00e7as, porque eles devem decidir quando crescerem se ser\u00e3o homens ou mulheres, o que \u00e9 antinatural.<\/p>\n<p><strong>O que nos ensina a Doutrina Cat\u00f3lica?<\/strong><\/p>\n<p>O Papa Francisco afirma que \u201ca ideologia de g\u00eanero \u00e9 um erro da mente humana que provoca muita confus\u00e3o. Portanto, a fam\u00edlia est\u00e1 sendo atacada.\u201d Em vez de reconhecer que Deus criou as pessoas como homens e mulheres, a ideologia afirma que (o ser homem e o ser mulher) s\u00e3o construtores sociais e que agora n\u00f3s podemos decidir o que seremos.<\/p>\n<p>A Doutrina Cat\u00f3lica n\u00e3o pode ficar indiferente diante de uma ideologia que tem como objetivo atacar a fam\u00edlia, o matrim\u00f4nio, a maternidade, a paternidade, a moral na vida sexual e a vida pr\u00e9-natal. Deus criou o homem e a mulher, as duas sexualidades distintas, mas iguais, instituiu o matrim\u00f4nio e a fam\u00edlia, bem como as leis que regulam a moral. Portanto, os crist\u00e3os devem defender a cultura que enfatiza e respeita as diferen\u00e7as entre homens e mulheres e o valor da fam\u00edlia.<\/p>\n<p>O Papa Francisco afirma ainda que, \u201cisso \u00e9 coloniza\u00e7\u00e3o ideol\u00f3gica\u201d, ou seja, \u201ccoloniza-se as pessoas com uma ideia que quer mudar uma mentalidade ou uma estrutura.\u201d Nessa coloniza\u00e7\u00e3o, existe o plano para implantar a ideologia de g\u00eanero nas escolas atrav\u00e9s dos \u201cPlanos Municipais de Educa\u00e7\u00e3o\u201d.<\/p>\n<p>Os Bispos cat\u00f3licos do Estado de S\u00e3o Paulo (Regional Sul 1 da CNBB) declaram que, \u201cas consequ\u00eancias da introdu\u00e7\u00e3o dessa ideologia na pr\u00e1tica pedag\u00f3gica das escolas contradiz frontalmente a configura\u00e7\u00e3o antropol\u00f3gica de fam\u00edlia, transmitida h\u00e1 mil\u00eanios em todas as culturas. Isso submeteria as crian\u00e7as e os jovens a um processo de esvaziamento de valores cultivados na fam\u00edlia, fundamento insubstitu\u00edvel para a constru\u00e7\u00e3o da sociedade. Diante dessa grave amea\u00e7a aos valores da fam\u00edlia, esperamos dos governantes do Legislativo e Executivo uma tomada de posi\u00e7\u00e3o que garanta para as novas gera\u00e7\u00f5es uma escola que promova a fam\u00edlia, tal como a entendem a Constitui\u00e7\u00e3o Federal (artigo 226) e a tradi\u00e7\u00e3o crist\u00e3, que moldou a cultura brasileira.<\/p>\n<p style=\"text-align: center\"><strong>E sabendo da import\u00e2ncia deste assunto, a Can\u00e7\u00e3o Nova Bras\u00edlia preparou uma noite de palestra sobre o assunto. <\/strong><\/p>\n<p style=\"text-align: justify\">O palestrante ser\u00e1 o Professor\u00a0Felipe Nery, que falar\u00e1 sobre o assunto e responder\u00e1 as suas perguntas e questionamentos. Com o tema: &#8220;Identidade Sexual e Familia&#8221;.<\/p>\n<p><a href=\"http:\/\/blog.cancaonova.com\/brasilia\/files\/2015\/06\/IdeologiadeGenero.jpg\"><img loading=\"lazy\" decoding=\"async\" class=\"  aligncenter wp-image-12497\" src=\"http:\/\/blog.cancaonova.com\/brasilia\/files\/2015\/06\/IdeologiadeGenero.jpg\" alt=\"IdeologiadeGenero\" width=\"270\" height=\"377\" srcset=\"https:\/\/blog.cancaonova.com\/brasilia\/files\/2015\/06\/IdeologiadeGenero.jpg 1464w, https:\/\/blog.cancaonova.com\/brasilia\/files\/2015\/06\/IdeologiadeGenero-214x300.jpg 214w, https:\/\/blog.cancaonova.com\/brasilia\/files\/2015\/06\/IdeologiadeGenero-900x1259.jpg 900w\" sizes=\"(max-width: 270px) 100vw, 270px\" \/><\/a><\/p>\n<p>&nbsp;<\/p>\n<p>No dia<strong><em> 23 de Julho, na par\u00f3quia S\u00e3o Camilo de Lellis, EQS 303,304.<\/em><\/strong> As vagas s\u00e3o limitadas e as inscri\u00e7\u00f5es est\u00e3o sendo feitas nas Loja Can\u00e7\u00e3o Nova.<\/p>\n<p>Participe conosco e tire suas d\u00favidas sobre este assunto t\u00e3o importante e pertinente nos dias de hoje.<\/p>\n<p><em><strong>Informa\u00e7\u00f5es: (61)3252-7050<\/strong><\/em><\/p>\n<p>&nbsp;<\/p>\n","protected":false},"excerpt":{"rendered":"<p>Doutor em Teologia Moral, padre M\u00e1rio dedica o artigo, \u00e0 ideologia de g\u00eanero, assunto em destaque no Brasil devido \u00e0 tentativa de inseri-lo em planos de educa\u00e7\u00e3o Padre M\u00e1rio Marcelo Coelho,scj Doutor em Teologia Moral O que se entende por&#8230;<\/p>\n","protected":false},"author":1361,"featured_media":12497,"comment_status":"open","ping_status":"closed","sticky":false,"template":"","format":"standard","meta":{"_mi_skip_tracking":false,"_monsterinsights_sitenote_active":false,"_monsterinsights_sitenote_note":"","_monsterinsights_sitenote_category":0,"footnotes":""},"categories":[20896],"tags":[37637,12941,177812,177815,26287,30619,17504],"_links":{"self":[{"href":"https:\/\/blog.cancaonova.com\/brasilia\/wp-json\/wp\/v2\/posts\/12505"}],"collection":[{"href":"https:\/\/blog.cancaonova.com\/brasilia\/wp-json\/wp\/v2\/posts"}],"about":[{"href":"https:\/\/blog.cancaonova.com\/brasilia\/wp-json\/wp\/v2\/types\/post"}],"author":[{"embeddable":true,"href":"https:\/\/blog.cancaonova.com\/brasilia\/wp-json\/wp\/v2\/users\/1361"}],"replies":[{"embeddable":true,"href":"https:\/\/blog.cancaonova.com\/brasilia\/wp-json\/wp\/v2\/comments?post=12505"}],"version-history":[{"count":3,"href":"https:\/\/blog.cancaonova.com\/brasilia\/wp-json\/wp\/v2\/posts\/12505\/revisions"}],"predecessor-version":[{"id":12508,"href":"https:\/\/blog.cancaonova.com\/brasilia\/wp-json\/wp\/v2\/posts\/12505\/revisions\/12508"}],"wp:featuredmedia":[{"embeddable":true,"href":"https:\/\/blog.cancaonova.com\/brasilia\/wp-json\/wp\/v2\/media\/12497"}],"wp:attachment":[{"href":"https:\/\/blog.cancaonova.com\/brasilia\/wp-json\/wp\/v2\/media?parent=12505"}],"wp:term":[{"taxonomy":"category","embeddable":true,"href":"https:\/\/blog.cancaonova.com\/brasilia\/wp-json\/wp\/v2\/categories?post=12505"},{"taxonomy":"post_tag","embeddable":true,"href":"https:\/\/blog.cancaonova.com\/brasilia\/wp-json\/wp\/v2\/tags?post=12505"}],"curies":[{"name":"wp","href":"https:\/\/api.w.org\/{rel}","templated":true}]}}