{"id":12510,"date":"2015-08-04T16:55:36","date_gmt":"2015-08-04T19:55:36","guid":{"rendered":"http:\/\/blog.cancaonova.com\/brasilia\/?p=12510"},"modified":"2015-08-04T16:55:36","modified_gmt":"2015-08-04T19:55:36","slug":"oracao-pelas-vocacoes","status":"publish","type":"post","link":"https:\/\/blog.cancaonova.com\/brasilia\/oracao-pelas-vocacoes\/","title":{"rendered":"Ora\u00e7\u00e3o pelas Voca\u00e7\u00f5es"},"content":{"rendered":"<h3>Vamos rezar pelas voca\u00e7\u00f5es?!<\/h3>\n<p><a href=\"http:\/\/blog.cancaonova.com\/brasilia\/files\/2013\/12\/orando.jpg\"><img loading=\"lazy\" decoding=\"async\" class=\"aligncenter wp-image-11679\" src=\"http:\/\/blog.cancaonova.com\/brasilia\/files\/2013\/12\/orando.jpg\" alt=\"orando\" width=\"438\" height=\"235\" srcset=\"https:\/\/blog.cancaonova.com\/brasilia\/files\/2013\/12\/orando.jpg 1600w, https:\/\/blog.cancaonova.com\/brasilia\/files\/2013\/12\/orando-300x160.jpg 300w, https:\/\/blog.cancaonova.com\/brasilia\/files\/2013\/12\/orando-1040x557.jpg 1040w\" sizes=\"(max-width: 438px) 100vw, 438px\" \/><\/a><\/p>\n<p style=\"text-align: justify\">Senhor Jesus, que\u00a0 nos ensinastes a pedir ao Pai que mande oper\u00e1rios para vossa vinha, fazei que tenhamos sempre fam\u00edlias e comunidades \u00a0verdadeiramente crist\u00e3s, \u00a0ber\u00e7o de voca\u00e7\u00f5es.<\/p>\n<p style=\"text-align: justify\">Despertai em nossos jovens, Senhor, \u00a0o ideal de seguir a Cristo, \u00a0a vontade firme de dedicar-se ao vosso servi\u00e7o, para continuarem vossa miss\u00e3o, \u00a0junto ao povo de Deus.<\/p>\n<p>Suscitai entre n\u00f3s, Senhor, \u00a0sacerdotes, religiosos e religiosas \u00a0 que na inspira\u00e7\u00e3o da Eucaristia e da Virgem Maria \u00a0realizem o projeto mission\u00e1rio do Reino.<\/p>\n<p>Fortalecei, Senhor, \u00a0a vontade dos escolhidos, \u00a0para que sejam atentos \u00a0 em escutar a vossa voz \u00a0e sigam, corajosos, \u00a0as inspira\u00e7\u00f5es do vosso Esp\u00edrito.<\/p>\n<p>Dai perseveran\u00e7a e coragem \u00a0a todos os chamados para a miss\u00e3o: \u00a0leigos, bispos, padres e religiosos, \u00a0para que desempenhem com amor e fidelidade \u00a0o seu minist\u00e9rio na Igreja.<\/p>\n<p>\u00d3 M\u00e3e da Eucaristia, \u00a0intercedei por n\u00f3s. Aben\u00e7oai todos os que foram escolhidos \u00a0para o servi\u00e7o do Reino. \u00a0Am\u00e9m\u201d<\/p>\n<p style=\"text-align: justify\"><img loading=\"lazy\" decoding=\"async\" class=\"  wp-image-10800 aligncenter\" src=\"http:\/\/blog.cancaonova.com\/brasilia\/files\/2012\/08\/Voca\u00e7\u00e3o.jpg\" alt=\"Voca\u00e7\u00e3o\" width=\"221\" height=\"161\" srcset=\"https:\/\/blog.cancaonova.com\/brasilia\/files\/2012\/08\/Voca\u00e7\u00e3o.jpg 478w, https:\/\/blog.cancaonova.com\/brasilia\/files\/2012\/08\/Voca\u00e7\u00e3o-300x219.jpg 300w\" sizes=\"(max-width: 221px) 100vw, 221px\" \/><\/p>\n<p style=\"text-align: justify\">Fa\u00e7amos esta ora\u00e7\u00e3o, para que o Senhor nos envie cada dia mais homens e mulheres para trabalhar em sua vinha.<\/p>\n","protected":false},"excerpt":{"rendered":"<p>Vamos rezar pelas voca\u00e7\u00f5es?! Senhor Jesus, que\u00a0 nos ensinastes a pedir ao Pai que mande oper\u00e1rios para vossa vinha, fazei que tenhamos sempre fam\u00edlias e comunidades \u00a0verdadeiramente crist\u00e3s, \u00a0ber\u00e7o de voca\u00e7\u00f5es. Despertai em nossos jovens, Senhor, \u00a0o ideal de seguir&#8230;<\/p>\n","protected":false},"author":1361,"featured_media":12284,"comment_status":"open","ping_status":"closed","sticky":false,"template":"","format":"standard","meta":{"_mi_skip_tracking":false,"_monsterinsights_sitenote_active":false,"_monsterinsights_sitenote_note":"","_monsterinsights_sitenote_category":0,"footnotes":""},"categories":[32],"tags":[18813,177816,261,17909,27071,24299,12161,141],"_links":{"self":[{"href":"https:\/\/blog.cancaonova.com\/brasilia\/wp-json\/wp\/v2\/posts\/12510"}],"collection":[{"href":"https:\/\/blog.cancaonova.com\/brasilia\/wp-json\/wp\/v2\/posts"}],"about":[{"href":"https:\/\/blog.cancaonova.com\/brasilia\/wp-json\/wp\/v2\/types\/post"}],"author":[{"embeddable":true,"href":"https:\/\/blog.cancaonova.com\/brasilia\/wp-json\/wp\/v2\/users\/1361"}],"replies":[{"embeddable":true,"href":"https:\/\/blog.cancaonova.com\/brasilia\/wp-json\/wp\/v2\/comments?post=12510"}],"version-history":[{"count":1,"href":"https:\/\/blog.cancaonova.com\/brasilia\/wp-json\/wp\/v2\/posts\/12510\/revisions"}],"predecessor-version":[{"id":12511,"href":"https:\/\/blog.cancaonova.com\/brasilia\/wp-json\/wp\/v2\/posts\/12510\/revisions\/12511"}],"wp:featuredmedia":[{"embeddable":true,"href":"https:\/\/blog.cancaonova.com\/brasilia\/wp-json\/wp\/v2\/media\/12284"}],"wp:attachment":[{"href":"https:\/\/blog.cancaonova.com\/brasilia\/wp-json\/wp\/v2\/media?parent=12510"}],"wp:term":[{"taxonomy":"category","embeddable":true,"href":"https:\/\/blog.cancaonova.com\/brasilia\/wp-json\/wp\/v2\/categories?post=12510"},{"taxonomy":"post_tag","embeddable":true,"href":"https:\/\/blog.cancaonova.com\/brasilia\/wp-json\/wp\/v2\/tags?post=12510"}],"curies":[{"name":"wp","href":"https:\/\/api.w.org\/{rel}","templated":true}]}}