{"id":12513,"date":"2015-08-10T11:48:11","date_gmt":"2015-08-10T14:48:11","guid":{"rendered":"http:\/\/blog.cancaonova.com\/brasilia\/?p=12513"},"modified":"2015-08-10T11:59:34","modified_gmt":"2015-08-10T14:59:34","slug":"semana-da-familia","status":"publish","type":"post","link":"https:\/\/blog.cancaonova.com\/brasilia\/semana-da-familia\/","title":{"rendered":"Semana da Familia"},"content":{"rendered":"<h2 style=\"text-align: justify\">Rezemos pelas fam\u00edlias<\/h2>\n<div id=\"attachment_12516\" style=\"width: 175px\" class=\"wp-caption aligncenter\"><a href=\"http:\/\/blog.cancaonova.com\/brasilia\/files\/2015\/08\/sagradafamillia.jpg\"><img loading=\"lazy\" decoding=\"async\" aria-describedby=\"caption-attachment-12516\" class=\"wp-image-12516\" src=\"http:\/\/blog.cancaonova.com\/brasilia\/files\/2015\/08\/sagradafamillia.jpg\" alt=\"Sagrada Famillia\" width=\"165\" height=\"210\" srcset=\"https:\/\/blog.cancaonova.com\/brasilia\/files\/2015\/08\/sagradafamillia.jpg 1007w, https:\/\/blog.cancaonova.com\/brasilia\/files\/2015\/08\/sagradafamillia-236x300.jpg 236w, https:\/\/blog.cancaonova.com\/brasilia\/files\/2015\/08\/sagradafamillia-900x1142.jpg 900w\" sizes=\"(max-width: 165px) 100vw, 165px\" \/><\/a><p id=\"caption-attachment-12516\" class=\"wp-caption-text\">Sagrada\u00a0Fam\u00edlia<\/p><\/div>\n<p style=\"text-align: center\"><strong>Jesus, Maria e Jos\u00e9<\/strong>, em v\u00f3s contemplamos o esplendor do amor verdadeiro; a v\u00f3s com confian\u00e7a nos voltamos.<\/p>\n<p style=\"text-align: center\"><strong>Santa Fam\u00edlia de Nazar\u00e9<\/strong>, fazei tamb\u00e9m das nossas fam\u00edlias locais e cen\u00e1culos de ora\u00e7\u00e3o, aut\u00eanticas escolas do Evangelho e pequenas igrejas dom\u00e9sticas.<\/p>\n<p style=\"text-align: center\"><strong>Santa Fam\u00edlia de Nazar\u00e9<\/strong>, que jamais as nossas fam\u00edlias experimentem a viol\u00eancia, o encerramento e a divis\u00e3o, e que qualquer um que tenha sido ferido ou escandalizado conhe\u00e7a prontamente a consola\u00e7\u00e3o e a cura.<\/p>\n<p style=\"text-align: center\"><strong>Santa Fam\u00edlia de Nazar\u00e9<\/strong>, que o pr\u00f3ximo s\u00ednodo dos bispos desperte em todos a consci\u00eancia do car\u00e1ter sagrado e inviol\u00e1vel da fam\u00edlia e a sua beleza no plano de Deus.<\/p>\n<p style=\"text-align: center\"><strong>Jesus, Maria e Jos\u00e9<\/strong>, escutai e respondei \u00e0 nossa s\u00faplica. Am\u00e9m<\/p>\n<h6 style=\"text-align: right\"><em><strong>(Papa Francisco)<\/strong><\/em><\/h6>\n<p style=\"text-align: justify\">Das fam\u00edlias nascem um mundo novo&#8230; rezemos pelas fam\u00edlias para que elas realizem cada dia mais o papel a qual s\u00e3o chamadas neste mundo.<\/p>\n<p style=\"text-align: justify\"><a href=\"http:\/\/blog.cancaonova.com\/brasilia\/files\/2015\/08\/familia-1.jpg\"><img loading=\"lazy\" decoding=\"async\" class=\"aligncenter wp-image-12514\" src=\"http:\/\/blog.cancaonova.com\/brasilia\/files\/2015\/08\/familia-1.jpg\" alt=\"Familia\" width=\"278\" height=\"186\" srcset=\"https:\/\/blog.cancaonova.com\/brasilia\/files\/2015\/08\/familia-1.jpg 3504w, https:\/\/blog.cancaonova.com\/brasilia\/files\/2015\/08\/familia-1-300x200.jpg 300w, https:\/\/blog.cancaonova.com\/brasilia\/files\/2015\/08\/familia-1-900x600.jpg 900w\" sizes=\"(max-width: 278px) 100vw, 278px\" \/><\/a><\/p>\n<p style=\"text-align: justify\">Sagrada Familia de Nazar\u00e9, minha familia vossa \u00e9.<\/p>\n","protected":false},"excerpt":{"rendered":"<p>Rezemos pelas fam\u00edlias Jesus, Maria e Jos\u00e9, em v\u00f3s contemplamos o esplendor do amor verdadeiro; a v\u00f3s com confian\u00e7a nos voltamos. Santa Fam\u00edlia de Nazar\u00e9, fazei tamb\u00e9m das nossas fam\u00edlias locais e cen\u00e1culos de ora\u00e7\u00e3o, aut\u00eanticas escolas do Evangelho e&#8230;<\/p>\n","protected":false},"author":1361,"featured_media":12515,"comment_status":"open","ping_status":"closed","sticky":false,"template":"","format":"standard","meta":{"_mi_skip_tracking":false,"_monsterinsights_sitenote_active":false,"_monsterinsights_sitenote_note":"","_monsterinsights_sitenote_category":0,"footnotes":""},"categories":[1331,23],"tags":[16851,261,7931,17349,141],"_links":{"self":[{"href":"https:\/\/blog.cancaonova.com\/brasilia\/wp-json\/wp\/v2\/posts\/12513"}],"collection":[{"href":"https:\/\/blog.cancaonova.com\/brasilia\/wp-json\/wp\/v2\/posts"}],"about":[{"href":"https:\/\/blog.cancaonova.com\/brasilia\/wp-json\/wp\/v2\/types\/post"}],"author":[{"embeddable":true,"href":"https:\/\/blog.cancaonova.com\/brasilia\/wp-json\/wp\/v2\/users\/1361"}],"replies":[{"embeddable":true,"href":"https:\/\/blog.cancaonova.com\/brasilia\/wp-json\/wp\/v2\/comments?post=12513"}],"version-history":[{"count":3,"href":"https:\/\/blog.cancaonova.com\/brasilia\/wp-json\/wp\/v2\/posts\/12513\/revisions"}],"predecessor-version":[{"id":12519,"href":"https:\/\/blog.cancaonova.com\/brasilia\/wp-json\/wp\/v2\/posts\/12513\/revisions\/12519"}],"wp:featuredmedia":[{"embeddable":true,"href":"https:\/\/blog.cancaonova.com\/brasilia\/wp-json\/wp\/v2\/media\/12515"}],"wp:attachment":[{"href":"https:\/\/blog.cancaonova.com\/brasilia\/wp-json\/wp\/v2\/media?parent=12513"}],"wp:term":[{"taxonomy":"category","embeddable":true,"href":"https:\/\/blog.cancaonova.com\/brasilia\/wp-json\/wp\/v2\/categories?post=12513"},{"taxonomy":"post_tag","embeddable":true,"href":"https:\/\/blog.cancaonova.com\/brasilia\/wp-json\/wp\/v2\/tags?post=12513"}],"curies":[{"name":"wp","href":"https:\/\/api.w.org\/{rel}","templated":true}]}}