{"id":12592,"date":"2016-02-11T11:44:31","date_gmt":"2016-02-11T14:44:31","guid":{"rendered":"http:\/\/blog.cancaonova.com\/brasilia\/?p=12592"},"modified":"2016-02-11T11:46:15","modified_gmt":"2016-02-11T14:46:15","slug":"saiba-quais-sao-os-tipos-de-jejum","status":"publish","type":"post","link":"https:\/\/blog.cancaonova.com\/brasilia\/saiba-quais-sao-os-tipos-de-jejum\/","title":{"rendered":"Quaresma e jejum"},"content":{"rendered":"<p>A Quaresma chegou,\u00a0um tempo prop\u00edcio para o jejum, ora\u00e7\u00e3o e caridade. Monsenhor Jonas Abib, em seu livro &#8220;Pr\u00e1ticas de Jejum&#8221; nos\u00a0ensina que o jejum, na quaresma, \u00e9 uma express\u00e3o de nossa solidariedade com Jesus, que foi preso, torturado, flagelado e morto na Cruz. Al\u00e9m disse, ele relata que muitas pessoas n\u00e3o jejuam porque acham algo muito dif\u00edcil ou doloroso, e alguns ainda acreditam serem incapazes de faz\u00ea-lo. Abaixo, apresentamos um resumo das quatro modalidades apresentadas pelo autor, que podem ser adotadas de acordo com\u00a0a realidade de cada um. Desejamos que voc\u00ea viva intensamente sua quaresma, e colha os frutos desse tempo t\u00e3o rico da\u00a0nossa Igreja.<\/p>\n<p><a href=\"http:\/\/blog.cancaonova.com\/brasilia\/files\/2016\/02\/formacao_tipos-de-jejum.jpg\"><img loading=\"lazy\" decoding=\"async\" class=\"size-full wp-image-12593 aligncenter\" src=\"http:\/\/blog.cancaonova.com\/brasilia\/files\/2016\/02\/formacao_tipos-de-jejum.jpg\" alt=\"formacao_tipos-de-jejum\" width=\"500\" height=\"1998\" srcset=\"https:\/\/blog.cancaonova.com\/brasilia\/files\/2016\/02\/formacao_tipos-de-jejum.jpg 500w, https:\/\/blog.cancaonova.com\/brasilia\/files\/2016\/02\/formacao_tipos-de-jejum-75x300.jpg 75w\" sizes=\"(max-width: 500px) 100vw, 500px\" \/><\/a><\/p>\n<h5 style=\"text-align: center\"><em>(fonte:\u00a0http:\/\/formacao.cancaonova.com\/liturgia\/tempo-liturgico\/quaresma\/saiba-quais-sao-os-tipos-de-jejum\/)<\/em><\/h5>\n","protected":false},"excerpt":{"rendered":"<p>A Quaresma chegou,\u00a0um tempo prop\u00edcio para o jejum, ora\u00e7\u00e3o e caridade. Monsenhor Jonas Abib, em seu livro &#8220;Pr\u00e1ticas de Jejum&#8221; nos\u00a0ensina que o jejum, na quaresma, \u00e9 uma express\u00e3o de nossa solidariedade com Jesus, que foi preso, torturado, flagelado e&#8230;<\/p>\n","protected":false},"author":1361,"featured_media":0,"comment_status":"open","ping_status":"closed","sticky":false,"template":"","format":"standard","meta":{"_mi_skip_tracking":false,"_monsterinsights_sitenote_active":false,"_monsterinsights_sitenote_note":"","_monsterinsights_sitenote_category":0,"footnotes":""},"categories":[10341],"tags":[],"_links":{"self":[{"href":"https:\/\/blog.cancaonova.com\/brasilia\/wp-json\/wp\/v2\/posts\/12592"}],"collection":[{"href":"https:\/\/blog.cancaonova.com\/brasilia\/wp-json\/wp\/v2\/posts"}],"about":[{"href":"https:\/\/blog.cancaonova.com\/brasilia\/wp-json\/wp\/v2\/types\/post"}],"author":[{"embeddable":true,"href":"https:\/\/blog.cancaonova.com\/brasilia\/wp-json\/wp\/v2\/users\/1361"}],"replies":[{"embeddable":true,"href":"https:\/\/blog.cancaonova.com\/brasilia\/wp-json\/wp\/v2\/comments?post=12592"}],"version-history":[{"count":3,"href":"https:\/\/blog.cancaonova.com\/brasilia\/wp-json\/wp\/v2\/posts\/12592\/revisions"}],"predecessor-version":[{"id":12596,"href":"https:\/\/blog.cancaonova.com\/brasilia\/wp-json\/wp\/v2\/posts\/12592\/revisions\/12596"}],"wp:attachment":[{"href":"https:\/\/blog.cancaonova.com\/brasilia\/wp-json\/wp\/v2\/media?parent=12592"}],"wp:term":[{"taxonomy":"category","embeddable":true,"href":"https:\/\/blog.cancaonova.com\/brasilia\/wp-json\/wp\/v2\/categories?post=12592"},{"taxonomy":"post_tag","embeddable":true,"href":"https:\/\/blog.cancaonova.com\/brasilia\/wp-json\/wp\/v2\/tags?post=12592"}],"curies":[{"name":"wp","href":"https:\/\/api.w.org\/{rel}","templated":true}]}}