{"id":12647,"date":"2016-06-01T10:02:40","date_gmt":"2016-06-01T13:02:40","guid":{"rendered":"http:\/\/blog.cancaonova.com\/brasilia\/?p=12647"},"modified":"2016-06-01T10:02:40","modified_gmt":"2016-06-01T13:02:40","slug":"papa-convida-a-rezar-pela-paz-junto-com-as-criancas-da-siria-no-dia-1o-junho","status":"publish","type":"post","link":"https:\/\/blog.cancaonova.com\/brasilia\/papa-convida-a-rezar-pela-paz-junto-com-as-criancas-da-siria-no-dia-1o-junho\/","title":{"rendered":"Papa convida a rezar pela paz junto com as crian\u00e7as da S\u00edria no dia 1\u00ba junho"},"content":{"rendered":"<p>Vaticano, 29 Mai. 16 \/ 09:00 am (<a href=\"http:\/\/www.acidigital.com\/\" target=\"_self\">ACI<\/a>).- A ora\u00e7\u00e3o do \u00c2ngelus aconteceu neste domingo na Pra\u00e7a de S\u00e3o Pedro, ao fim da <a href=\"http:\/\/www.acidigital.com\/fiestas\/eucaristia\/index.html\">Missa<\/a> que o Papa Francisco presidiu por ocasi\u00e3o do Jubileu dos Di\u00e1conos.<img loading=\"lazy\" decoding=\"async\" class=\"aligncenter  wp-image-12649\" src=\"http:\/\/blog.cancaonova.com\/brasilia\/files\/2016\/06\/FranciscoMisaDiaconos_DanielIbanezACIPrensa_290516.jpg\" alt=\"FranciscoMisaDiaconos_DanielIbanezACIPrensa_290516\" width=\"590\" height=\"328\" srcset=\"https:\/\/blog.cancaonova.com\/brasilia\/files\/2016\/06\/FranciscoMisaDiaconos_DanielIbanezACIPrensa_290516.jpg 680w, https:\/\/blog.cancaonova.com\/brasilia\/files\/2016\/06\/FranciscoMisaDiaconos_DanielIbanezACIPrensa_290516-300x167.jpg 300w\" sizes=\"(max-width: 590px) 100vw, 590px\" \/><\/p>\n<p>Francisco recordou que na quarta-feira, 1\u00ba de junho, ser\u00e1 celebrado o Dia Internacional da Crian\u00e7a e \u201cas comunidades crist\u00e3s da S\u00edria, tanto cat\u00f3licas como ortodoxas, viver\u00e3o em conjunto uma ora\u00e7\u00e3o especial pela paz que ter\u00e1 como protagonistas precisamente as crian\u00e7as\u201d.<\/p>\n<p>\u201cAs crian\u00e7as s\u00edrias convidam as crian\u00e7as de todo o mundo a unir-se a elas na ora\u00e7\u00e3o pela paz\u201d, disse o Papa.<img loading=\"lazy\" decoding=\"async\" class=\"aligncenter  wp-image-12648\" src=\"http:\/\/blog.cancaonova.com\/brasilia\/files\/2016\/06\/Bambini-siria-2.jpg\" alt=\"Bambini siria 2\" width=\"581\" height=\"327\" srcset=\"https:\/\/blog.cancaonova.com\/brasilia\/files\/2016\/06\/Bambini-siria-2.jpg 1920w, https:\/\/blog.cancaonova.com\/brasilia\/files\/2016\/06\/Bambini-siria-2-300x169.jpg 300w, https:\/\/blog.cancaonova.com\/brasilia\/files\/2016\/06\/Bambini-siria-2-768x432.jpg 768w\" sizes=\"(max-width: 581px) 100vw, 581px\" \/><\/p>\n<p>\u201cInvoquemos a intercess\u00e3o da\u00a0<a href=\"http:\/\/www.acidigital.com\/Maria\/index.html\">Virgem Maria<\/a> por estas inten\u00e7\u00f5es, enquanto confiamos a Ela a <a href=\"http:\/\/www.acidigital.com\/vida\/index.html\">vida<\/a> e o minist\u00e9rio de todos os di\u00e1conos do mundo\u201d.<\/p>\n<p>Tamb\u00e9m antes da ora\u00e7\u00e3o, o Pont\u00edfice saudou de novo os milhares de di\u00e1conos \u201cvindos da It\u00e1lia e de diversos pa\u00edses\u201d. \u201cObrigado por vossa presen\u00e7a aqui hoje, mas, sobretudo, por vossa presen\u00e7a na <a href=\"http:\/\/www.acidigital.com\/igreja\/index.html\">Igreja<\/a>!\u201d, exclamou.<\/p>\n<p>Nas demais sauda\u00e7\u00f5es, Francis falou da \u201ctradicional peregrina\u00e7\u00e3o realizada hoje na Pol\u00f4nia, no Santu\u00e1rio mariano de Piekary\u201d. \u201cQue a M\u00e3e da Miseric\u00f3rdia sustente as fam\u00edlias e os jovens no caminho para a Jornada Mundial de Crac\u00f3via\u201d, disse recordando a Jornada Mundial da Juventude que acontecer\u00e1 no final de julho.<\/p>\n<p>Fonte:\u00a0<a href=\"http:\/\/www.acidigital.com\/\">http:\/\/www.acidigital.com\/<\/a><\/p>\n","protected":false},"excerpt":{"rendered":"<p>Vaticano, 29 Mai. 16 \/ 09:00 am (ACI).- A ora\u00e7\u00e3o do \u00c2ngelus aconteceu neste domingo na Pra\u00e7a de S\u00e3o Pedro, ao fim da Missa que o Papa Francisco presidiu por ocasi\u00e3o do Jubileu dos Di\u00e1conos. Francisco recordou que na quarta-feira,&#8230;<\/p>\n","protected":false},"author":1361,"featured_media":0,"comment_status":"open","ping_status":"closed","sticky":false,"template":"","format":"standard","meta":{"_mi_skip_tracking":false,"_monsterinsights_sitenote_active":false,"_monsterinsights_sitenote_note":"","_monsterinsights_sitenote_category":0,"footnotes":""},"categories":[10341],"tags":[],"_links":{"self":[{"href":"https:\/\/blog.cancaonova.com\/brasilia\/wp-json\/wp\/v2\/posts\/12647"}],"collection":[{"href":"https:\/\/blog.cancaonova.com\/brasilia\/wp-json\/wp\/v2\/posts"}],"about":[{"href":"https:\/\/blog.cancaonova.com\/brasilia\/wp-json\/wp\/v2\/types\/post"}],"author":[{"embeddable":true,"href":"https:\/\/blog.cancaonova.com\/brasilia\/wp-json\/wp\/v2\/users\/1361"}],"replies":[{"embeddable":true,"href":"https:\/\/blog.cancaonova.com\/brasilia\/wp-json\/wp\/v2\/comments?post=12647"}],"version-history":[{"count":1,"href":"https:\/\/blog.cancaonova.com\/brasilia\/wp-json\/wp\/v2\/posts\/12647\/revisions"}],"predecessor-version":[{"id":12650,"href":"https:\/\/blog.cancaonova.com\/brasilia\/wp-json\/wp\/v2\/posts\/12647\/revisions\/12650"}],"wp:attachment":[{"href":"https:\/\/blog.cancaonova.com\/brasilia\/wp-json\/wp\/v2\/media?parent=12647"}],"wp:term":[{"taxonomy":"category","embeddable":true,"href":"https:\/\/blog.cancaonova.com\/brasilia\/wp-json\/wp\/v2\/categories?post=12647"},{"taxonomy":"post_tag","embeddable":true,"href":"https:\/\/blog.cancaonova.com\/brasilia\/wp-json\/wp\/v2\/tags?post=12647"}],"curies":[{"name":"wp","href":"https:\/\/api.w.org\/{rel}","templated":true}]}}