{"id":12659,"date":"2016-06-07T13:09:30","date_gmt":"2016-06-07T16:09:30","guid":{"rendered":"http:\/\/blog.cancaonova.com\/brasilia\/?p=12659"},"modified":"2016-06-07T13:09:30","modified_gmt":"2016-06-07T16:09:30","slug":"cancao-nova-celebra-15-anos-de-evangelizacao-em-brasilia","status":"publish","type":"post","link":"https:\/\/blog.cancaonova.com\/brasilia\/cancao-nova-celebra-15-anos-de-evangelizacao-em-brasilia\/","title":{"rendered":"Can\u00e7\u00e3o Nova celebra 15 anos de evangeliza\u00e7\u00e3o em Bras\u00edlia"},"content":{"rendered":"<p>A Can\u00e7\u00e3o Nova \u00e9 uma obra de evangeliza\u00e7\u00e3o que tem expandido, cada vez mais, seu trabalho nas casas de miss\u00e3o no Brasil e exterior. Nos dias 4 e 5 de junho, foi realizada uma festa para comemorar os 15 anos da frente de miss\u00e3o de Bras\u00edlia (DF).<\/p>\n<p>Reportagem de Elisa Ventura e Rivelino Corr\u00eaa<\/p>\n<p><iframe loading=\"lazy\" title=\"Can\u00c3\u00a7\u00c3\u00a3o Nova celebra 15 anos de evangeliza\u00c3\u00a7\u00c3\u00a3o em Bras\u00c3\u00adlia - CN Not\u00c3\u00adcias\" width=\"600\" height=\"338\" src=\"https:\/\/www.youtube.com\/embed\/L62v2e5TZhM?feature=oembed&amp;rel=0\" frameborder=\"0\" allow=\"accelerometer; autoplay; clipboard-write; encrypted-media; gyroscope; picture-in-picture; web-share\" referrerpolicy=\"strict-origin-when-cross-origin\" allowfullscreen><\/iframe><\/p>\n<p>Fonte:\u00a0<a href=\"http:\/\/noticias.cancaonova.com\/\">http:\/\/noticias.cancaonova.com\/<\/a><\/p>\n","protected":false},"excerpt":{"rendered":"<p>A Can\u00e7\u00e3o Nova \u00e9 uma obra de evangeliza\u00e7\u00e3o que tem expandido, cada vez mais, seu trabalho nas casas de miss\u00e3o no Brasil e exterior. Nos dias 4 e 5 de junho, foi realizada uma festa para comemorar os 15 anos&#8230;<\/p>\n","protected":false},"author":1361,"featured_media":0,"comment_status":"open","ping_status":"closed","sticky":false,"template":"","format":"standard","meta":{"_mi_skip_tracking":false,"_monsterinsights_sitenote_active":false,"_monsterinsights_sitenote_note":"","_monsterinsights_sitenote_category":0,"footnotes":""},"categories":[10341],"tags":[],"_links":{"self":[{"href":"https:\/\/blog.cancaonova.com\/brasilia\/wp-json\/wp\/v2\/posts\/12659"}],"collection":[{"href":"https:\/\/blog.cancaonova.com\/brasilia\/wp-json\/wp\/v2\/posts"}],"about":[{"href":"https:\/\/blog.cancaonova.com\/brasilia\/wp-json\/wp\/v2\/types\/post"}],"author":[{"embeddable":true,"href":"https:\/\/blog.cancaonova.com\/brasilia\/wp-json\/wp\/v2\/users\/1361"}],"replies":[{"embeddable":true,"href":"https:\/\/blog.cancaonova.com\/brasilia\/wp-json\/wp\/v2\/comments?post=12659"}],"version-history":[{"count":1,"href":"https:\/\/blog.cancaonova.com\/brasilia\/wp-json\/wp\/v2\/posts\/12659\/revisions"}],"predecessor-version":[{"id":12660,"href":"https:\/\/blog.cancaonova.com\/brasilia\/wp-json\/wp\/v2\/posts\/12659\/revisions\/12660"}],"wp:attachment":[{"href":"https:\/\/blog.cancaonova.com\/brasilia\/wp-json\/wp\/v2\/media?parent=12659"}],"wp:term":[{"taxonomy":"category","embeddable":true,"href":"https:\/\/blog.cancaonova.com\/brasilia\/wp-json\/wp\/v2\/categories?post=12659"},{"taxonomy":"post_tag","embeddable":true,"href":"https:\/\/blog.cancaonova.com\/brasilia\/wp-json\/wp\/v2\/tags?post=12659"}],"curies":[{"name":"wp","href":"https:\/\/api.w.org\/{rel}","templated":true}]}}