{"id":12663,"date":"2016-06-09T17:43:47","date_gmt":"2016-06-09T20:43:47","guid":{"rendered":"http:\/\/blog.cancaonova.com\/brasilia\/?p=12663"},"modified":"2016-06-09T17:43:47","modified_gmt":"2016-06-09T20:43:47","slug":"adoracao-ao-santissimo-durante-a-festa-dos-15-anos-da-cancao-nova-de-brasilia","status":"publish","type":"post","link":"https:\/\/blog.cancaonova.com\/brasilia\/adoracao-ao-santissimo-durante-a-festa-dos-15-anos-da-cancao-nova-de-brasilia\/","title":{"rendered":"Adora\u00e7\u00e3o ao Sant\u00edssimo durante a Festa dos 15 anos da Can\u00e7\u00e3o Nova de Bras\u00edlia"},"content":{"rendered":"<p>Ou\u00e7a a Adora\u00e7\u00e3o ao Sant\u00edssimo Sacramento durante a Festa dos 15 anos da Can\u00e7\u00e3o Nova em Bras\u00edlia, no dia 05 de Junho de 2016.<\/p>\n<p>Conduzida por: Padre Roger Luis e Salette Ferreira<\/p>\n<p><iframe loading=\"lazy\" title=\"Adora\u00c3\u00a7\u00c3\u00a3o - 15 Anos Can\u00c3\u00a7\u00c3\u00a3o Nova Bras\u00c3\u00adlia (Padre Roger Luis E Salette Ferreira)\" width=\"100%\" height=\"120\" src=\"https:\/\/www.mixcloud.com\/widget\/iframe\/?feed=https%3A%2F%2Fwww.mixcloud.com%2Fradiocndf%2Fadora%25C3%25A7%25C3%25A3o-15-anos-can%25C3%25A7%25C3%25A3o-nova-bras%25C3%25ADlia-padre-roger-luis-e-salette-ferreira%2F&amp;hide_cover=1&amp;rel=0\" frameborder=\"0\"><\/iframe><\/p>\n","protected":false},"excerpt":{"rendered":"<p>Ou\u00e7a a Adora\u00e7\u00e3o ao Sant\u00edssimo Sacramento durante a Festa dos 15 anos da Can\u00e7\u00e3o Nova em Bras\u00edlia, no dia 05 de Junho de 2016. Conduzida por: Padre Roger Luis e Salette Ferreira<\/p>\n","protected":false},"author":1361,"featured_media":0,"comment_status":"open","ping_status":"closed","sticky":false,"template":"","format":"standard","meta":{"_mi_skip_tracking":false,"_monsterinsights_sitenote_active":false,"_monsterinsights_sitenote_note":"","_monsterinsights_sitenote_category":0,"footnotes":""},"categories":[10341],"tags":[],"_links":{"self":[{"href":"https:\/\/blog.cancaonova.com\/brasilia\/wp-json\/wp\/v2\/posts\/12663"}],"collection":[{"href":"https:\/\/blog.cancaonova.com\/brasilia\/wp-json\/wp\/v2\/posts"}],"about":[{"href":"https:\/\/blog.cancaonova.com\/brasilia\/wp-json\/wp\/v2\/types\/post"}],"author":[{"embeddable":true,"href":"https:\/\/blog.cancaonova.com\/brasilia\/wp-json\/wp\/v2\/users\/1361"}],"replies":[{"embeddable":true,"href":"https:\/\/blog.cancaonova.com\/brasilia\/wp-json\/wp\/v2\/comments?post=12663"}],"version-history":[{"count":1,"href":"https:\/\/blog.cancaonova.com\/brasilia\/wp-json\/wp\/v2\/posts\/12663\/revisions"}],"predecessor-version":[{"id":12664,"href":"https:\/\/blog.cancaonova.com\/brasilia\/wp-json\/wp\/v2\/posts\/12663\/revisions\/12664"}],"wp:attachment":[{"href":"https:\/\/blog.cancaonova.com\/brasilia\/wp-json\/wp\/v2\/media?parent=12663"}],"wp:term":[{"taxonomy":"category","embeddable":true,"href":"https:\/\/blog.cancaonova.com\/brasilia\/wp-json\/wp\/v2\/categories?post=12663"},{"taxonomy":"post_tag","embeddable":true,"href":"https:\/\/blog.cancaonova.com\/brasilia\/wp-json\/wp\/v2\/tags?post=12663"}],"curies":[{"name":"wp","href":"https:\/\/api.w.org\/{rel}","templated":true}]}}