{"id":12685,"date":"2016-09-22T13:09:13","date_gmt":"2016-09-22T16:09:13","guid":{"rendered":"http:\/\/blog.cancaonova.com\/brasilia\/?p=12685"},"modified":"2016-09-22T13:09:45","modified_gmt":"2016-09-22T16:09:45","slug":"encontro-de-cura-e-libertacao","status":"publish","type":"post","link":"https:\/\/blog.cancaonova.com\/brasilia\/encontro-de-cura-e-libertacao\/","title":{"rendered":"Encontro de Cura e Liberta\u00e7\u00e3o"},"content":{"rendered":"<p style=\"text-align: left\">A\u00a0Comunidade Can\u00e7\u00e3o Nova realiza nos <a href=\"https:\/\/www.facebook.com\/CancaoNovaBrasilia\/photos\/a.152728254791529.35208.152726588125029\/1193612604036417\/?type=3&amp;theater\"><img loading=\"lazy\" decoding=\"async\" class=\"wp-image-12687 alignleft\" src=\"http:\/\/blog.cancaonova.com\/brasilia\/files\/2016\/09\/Encontro-de-Cura-e-Liberta\u00e7\u00e3o-blog.jpg\" alt=\"Encontro-de-Cura-e-Liberta\u00e7\u00e3o-blog\" width=\"385\" height=\"385\" srcset=\"https:\/\/blog.cancaonova.com\/brasilia\/files\/2016\/09\/Encontro-de-Cura-e-Liberta\u00e7\u00e3o-blog.jpg 800w, https:\/\/blog.cancaonova.com\/brasilia\/files\/2016\/09\/Encontro-de-Cura-e-Liberta\u00e7\u00e3o-blog-290x290.jpg 290w, https:\/\/blog.cancaonova.com\/brasilia\/files\/2016\/09\/Encontro-de-Cura-e-Liberta\u00e7\u00e3o-blog-300x300.jpg 300w, https:\/\/blog.cancaonova.com\/brasilia\/files\/2016\/09\/Encontro-de-Cura-e-Liberta\u00e7\u00e3o-blog-768x768.jpg 768w, https:\/\/blog.cancaonova.com\/brasilia\/files\/2016\/09\/Encontro-de-Cura-e-Liberta\u00e7\u00e3o-blog-144x144.jpg 144w, https:\/\/blog.cancaonova.com\/brasilia\/files\/2016\/09\/Encontro-de-Cura-e-Liberta\u00e7\u00e3o-blog-150x150.jpg 150w\" sizes=\"(max-width: 385px) 100vw, 385px\" \/><\/a>dias 8 e 9 de outubro, na cidade de Bras\u00edlia\u00a0(DF), o \u201cEncontro de Cura e Liberta\u00e7\u00e3o\u201d com o tema <strong>\u201cNa Cruz de Cristo somos curados\u201d<\/strong>, baseado no livro de mesmo nome, autor\u00a0<strong>Ironi Spuldaro<\/strong>, que nele traz o seu testemunho sobre a\u00e7\u00e3o de Deus em sua vida.<\/p>\n<p style=\"text-align: left\"><strong>Para saber mais sobre o livro <a href=\"http:\/\/loja.cancaonova.com\/livro-na-cruz-de-cristo-somos-curados\">clique aqui.<\/a>\u00a0<\/strong><em>(Obs.: Teremos este livro dispon\u00edvel no Encontro)<\/em><\/p>\n<p>O encontro, tem como prop\u00f3sito levar ao povo de Deus\u00a0a uma experi\u00eancia de cura e liberta\u00e7\u00e3o, atrav\u00e9s das prega\u00e7\u00f5es e das ora\u00e7\u00f5es realizadas pelos ministeriados de cura. O\u00a0evento ter\u00e1 a presen\u00e7a de <strong>Ironi Spuldaro<\/strong>, mission\u00e1rio cat\u00f3lico e pertencente ao movimento da Renova\u00e7\u00e3o Carism\u00e1tica Cat\u00f3lica (RCC) da <span class=\"text_exposed_show\">Diocese de Guarapuava (PR), <strong>Frei Josu\u00e9<\/strong>, ministeriado em Cura e Liberta\u00e7\u00e3o, membro da Ordem dos Frades menores conventuais da Prov\u00edncia da Cidade Ocidental (GO) e <strong>Padre Fabiano Albuquerque<\/strong> mission\u00e1rio da Comunidade Can\u00e7\u00e3o Nova.\u00a0<\/span><\/p>\n<p style=\"text-align: left\"><span class=\"text_exposed_show\">Al\u00e9m do Encontro de Cura e Liberta\u00e7\u00e3o, Ironi Spuldaro estar\u00e1 na Loja Can\u00e7\u00e3o Nova de Bras\u00edlia para um dia de aut\u00f3grafos na quinta-feira dia 06\/10 a partir das 11h.<\/span><\/p>\n<p>Retire o seu convite na Loja Can\u00e7\u00e3o Nova e venha\u00a0participar desta espiritualidade e viver um momento de encontro pessoal com o Senhor durante este encontro.<\/p>\n<p>Convites dispon\u00edveis na Loja Can\u00e7\u00e3o Nova de Bras\u00edlia, na W3 502 Sul \/ Informa\u00e7\u00f5es: (61) 3252 7050<\/p>\n<p style=\"text-align: right\"><strong>O evento ser\u00e1 realizado no Col\u00e9gio Marista de Bras\u00edlia, L2 609 Sul.\u00a0<\/strong><\/p>\n<p><img loading=\"lazy\" decoding=\"async\" class=\"aligncenter wp-image-12690\" src=\"http:\/\/blog.cancaonova.com\/brasilia\/files\/2016\/09\/Pregradores-blog.jpg\" alt=\"Pregradores-blog\" width=\"591\" height=\"196\" srcset=\"https:\/\/blog.cancaonova.com\/brasilia\/files\/2016\/09\/Pregradores-blog.jpg 850w, https:\/\/blog.cancaonova.com\/brasilia\/files\/2016\/09\/Pregradores-blog-300x100.jpg 300w, https:\/\/blog.cancaonova.com\/brasilia\/files\/2016\/09\/Pregradores-blog-768x255.jpg 768w\" sizes=\"(max-width: 591px) 100vw, 591px\" \/><\/p>\n<p>&nbsp;<\/p>\n<p><strong>Veja o convite do Ironi Spuldaro para o Evento:\u00a0<\/strong><\/p>\n<p><iframe loading=\"lazy\" title=\"Convite Ironi Spuldaro\" width=\"600\" height=\"450\" src=\"https:\/\/www.youtube.com\/embed\/DHiNjRUTPcE?feature=oembed&amp;rel=0\" frameborder=\"0\" allow=\"accelerometer; autoplay; clipboard-write; encrypted-media; gyroscope; picture-in-picture; web-share\" referrerpolicy=\"strict-origin-when-cross-origin\" allowfullscreen><\/iframe><\/p>\n<p>&nbsp;<\/p>\n<p style=\"text-align: left\"><strong>Leia<\/strong><br \/>\n<a href=\"http:\/\/formacao.cancaonova.com\/?s=cura+e+liberta%C3%A7%C3%A3o\" target=\"_blank\">:: Artigos sobre cura e liberta\u00e7\u00e3o no formacao.cancaonova.com<\/a><\/p>\n<p style=\"text-align: left\">Esperamos por voc\u00ea!<\/p>\n<p><strong>Equipe de Eventos Can\u00e7\u00e3o Nova Bras\u00edlia<\/strong><\/p>\n<p style=\"text-align: left\"><strong>eventosdf@cancaonova.com\u00a0<\/strong><\/p>\n","protected":false},"excerpt":{"rendered":"<p>A\u00a0Comunidade Can\u00e7\u00e3o Nova realiza nos dias 8 e 9 de outubro, na cidade de Bras\u00edlia\u00a0(DF), o \u201cEncontro de Cura e Liberta\u00e7\u00e3o\u201d com o tema \u201cNa Cruz de Cristo somos curados\u201d, baseado no livro de mesmo nome, autor\u00a0Ironi Spuldaro, que nele&#8230;<\/p>\n","protected":false},"author":1361,"featured_media":0,"comment_status":"open","ping_status":"closed","sticky":false,"template":"","format":"standard","meta":{"_mi_skip_tracking":false,"_monsterinsights_sitenote_active":false,"_monsterinsights_sitenote_note":"","_monsterinsights_sitenote_category":0,"footnotes":""},"categories":[10341],"tags":[],"_links":{"self":[{"href":"https:\/\/blog.cancaonova.com\/brasilia\/wp-json\/wp\/v2\/posts\/12685"}],"collection":[{"href":"https:\/\/blog.cancaonova.com\/brasilia\/wp-json\/wp\/v2\/posts"}],"about":[{"href":"https:\/\/blog.cancaonova.com\/brasilia\/wp-json\/wp\/v2\/types\/post"}],"author":[{"embeddable":true,"href":"https:\/\/blog.cancaonova.com\/brasilia\/wp-json\/wp\/v2\/users\/1361"}],"replies":[{"embeddable":true,"href":"https:\/\/blog.cancaonova.com\/brasilia\/wp-json\/wp\/v2\/comments?post=12685"}],"version-history":[{"count":5,"href":"https:\/\/blog.cancaonova.com\/brasilia\/wp-json\/wp\/v2\/posts\/12685\/revisions"}],"predecessor-version":[{"id":12693,"href":"https:\/\/blog.cancaonova.com\/brasilia\/wp-json\/wp\/v2\/posts\/12685\/revisions\/12693"}],"wp:attachment":[{"href":"https:\/\/blog.cancaonova.com\/brasilia\/wp-json\/wp\/v2\/media?parent=12685"}],"wp:term":[{"taxonomy":"category","embeddable":true,"href":"https:\/\/blog.cancaonova.com\/brasilia\/wp-json\/wp\/v2\/categories?post=12685"},{"taxonomy":"post_tag","embeddable":true,"href":"https:\/\/blog.cancaonova.com\/brasilia\/wp-json\/wp\/v2\/tags?post=12685"}],"curies":[{"name":"wp","href":"https:\/\/api.w.org\/{rel}","templated":true}]}}