{"id":12769,"date":"2017-06-04T12:22:56","date_gmt":"2017-06-04T15:22:56","guid":{"rendered":"http:\/\/blog.cancaonova.com\/brasilia\/?p=12769"},"modified":"2017-06-04T12:22:56","modified_gmt":"2017-06-04T15:22:56","slug":"papa-pede-a-renovacao-carismatica-avancem-com-forca-na-diversidade-reconciliada","status":"publish","type":"post","link":"https:\/\/blog.cancaonova.com\/brasilia\/papa-pede-a-renovacao-carismatica-avancem-com-forca-na-diversidade-reconciliada\/","title":{"rendered":"Papa pede \u00e0 Renova\u00e7\u00e3o Carism\u00e1tica \"Avancem com for\u00e7a, na diversidade reconciliada\""},"content":{"rendered":"<p><em>Encontro re\u00fane l\u00edderes da RCC do mundo todo em Roma na celebra\u00e7\u00e3o dos 50 anos de nascimento do movimento<\/em><\/p>\n<div id=\"attachment_12771\" style=\"width: 322px\" class=\"wp-caption alignleft\"><img loading=\"lazy\" decoding=\"async\" aria-describedby=\"caption-attachment-12771\" class=\"size-full wp-image-12771\" src=\"http:\/\/blog.cancaonova.com\/brasilia\/files\/2017\/06\/RCC-1.jpg\" alt=\"\" width=\"312\" height=\"161\" srcset=\"https:\/\/blog.cancaonova.com\/brasilia\/files\/2017\/06\/RCC-1.jpg 312w, https:\/\/blog.cancaonova.com\/brasilia\/files\/2017\/06\/RCC-1-300x155.jpg 300w\" sizes=\"(max-width: 312px) 100vw, 312px\" \/><p id=\"caption-attachment-12771\" class=\"wp-caption-text\">R\u00e1dio Vaticano<\/p><\/div>\n<p>Na tarde deste s\u00e1bado, 3 de junho, o Papa Francisco presidiu a Vig\u00edlia ecum\u00eanica de Pentecostes no Circo M\u00e1ximo, em Roma, no \u00e2mbito das celebra\u00e7\u00f5es do Jubileu de Ouro da Renova\u00e7\u00e3o Carism\u00e1tica Cat\u00f3lica. Eis seu pronunciamento na \u00edntegra:<\/p>\n<p>&#8220;Queridos irm\u00e3os e irm\u00e3s, obrigado pelo testemunho que voc\u00eas d\u00e3o hoje, aqui. Nos faz\u00a0 bem a todos, faz bem tamb\u00e9m a mim, a todos!<br \/>\nNo primeiro cap\u00edtulo do Livro dos Atos dos Ap\u00f3stolos lemos: \u201cE comendo com eles, ordenou-lhes que n\u00e3o se afastassem de Jerusal\u00e9m, mas que esperassem o cumprimento da promessa de seu Pai, que ouvistes, disse ele, da minha boca; porque Jo\u00e3o batizou na \u00e1gua, mas v\u00f3s sereis batizados no Esp\u00edrito Santo daqui h\u00e1 poucos dias.&#8221;<\/p>\n<p>&#8220;Chegando o dia de Pentecostes, estavam todos reunidos no mesmo lugar. De repente, veio do c\u00e9u um ru\u00eddo, como se soprasse um vento impetuoso, e encheu toda a casa onde estavam sentados. Apareceu-lhes ent\u00e3o uma esp\u00e9cie de l\u00ednguas de fogo que se repartiram e pousaram sobre cada um deles.\u00a0 Ficaram todos cheios do Esp\u00edrito Santo e come\u00e7aram a falar em l\u00ednguas, conforme o Esp\u00edrito Santo lhes concedia que falassem.&#8221;\u00a0 Este \u00e9 o texto, a passagem do Livro dos Atos.<\/p>\n<p>Hoje estamos aqui como em um Cen\u00e1culo a c\u00e9u aberto, porque n\u00e3o temos medo: a c\u00e9u aberto e tamb\u00e9m com o cora\u00e7\u00e3o aberto \u00e0 promessa do Pai. Estamos reunidos \u201ctodos n\u00f3s crentes\u201d. Todos aqueles que professam que \u201cJesus \u00e9 o Senhor\u201d. \u201cJesus \u00e9 o Senhor\u201d.<\/p>\n<p>Muitos vieram de diversas partes do mundo e o Esp\u00edrito Santo nos reuniu para estabelecer liga\u00e7\u00f5es de amizade fraterna que nos encorajam no caminho rumo \u00e0 unidade, a unidade para a miss\u00e3o, n\u00e3o para estar parados, n\u00e3o! Para a miss\u00e3o, para proclamar que Jesus \u00e9 o Senhor: \u201cJesus \u00e9 o Senhor\u201d; para anunciar juntos o amor do Pai por todos os seus filhos! Para anunciar a Boa Nova a todos os povos! Para demonstrar que a paz \u00e9 poss\u00edvel, mas n\u00e3o \u00e9 t\u00e3o f\u00e1cil demonstrar isto no mundo de hoje que a paz \u00e9 poss\u00edvel, mas em nome de Jesus podemos demonstrar com o nosso testemunho que a paz \u00e9 poss\u00edvel! Mas \u00e9 poss\u00edvel se n\u00f3s estamos em paz entre n\u00f3s; mas se n\u00f3s agu\u00e7amos as diferen\u00e7as, estamos em guerra entre n\u00f3s, n\u00e3o podemos anunciar a paz. A paz \u00e9 poss\u00edvel a partir da nossa confiss\u00e3o que Jesus \u00e9 o Senhor e da nossa evangeliza\u00e7\u00e3o por este caminho. \u00c9 poss\u00edvel. Mesmo demonstrando que temos diferen\u00e7as: mas isto \u00e9 \u00f3bvio! Temos diferen\u00e7as, mas que desejamos estar em diversidade reconciliada. Eis, esta palavra, n\u00e3o a esque\u00e7am e digam ela a todos: \u201cdiversidade reconciliada\u201d. E esta palavra n\u00e3o \u00e9 minha, n\u00e3o \u00e9 minha. \u00c9 de um irm\u00e3o luterano. \u201cDiversidade reconciliada\u201d.<\/p>\n<p>E agora estamos aqui e somos muitos! Nos reunimos para rezar juntos, para pedir a vinda do Esp\u00edrito Santo sobre cada um de n\u00f3s para sair nas ruas da cidade e do mundo e proclamar o senhorio de Jesus Cristo.<\/p>\n<p>O Livro dos Atos afirma: \u201c&#8221;Partos, medos, elamitas; os que habitam a Maced\u00f4nia, a Jud\u00e9ia, a Capad\u00f3cia, o Ponto, a \u00c1sia, a Fr\u00edgia, a Panf\u00edlia, o Egito e as prov\u00edncias da L\u00edbia pr\u00f3ximas a Cirene; peregrinos romanos, judeus ou pros\u00e9litos, cretenses e \u00e1rabes; ouvimo-los publicar em nossas l\u00ednguas as maravilhas de Deus!&#8221; (At 2,9-11). Falar a mesma l\u00edngua&#8230;escutar, entender \u2013 entender! \u2013 que existem diferen\u00e7as, mas o Esp\u00edrito Santo que nos faz entender a mensagem da ressurrei\u00e7\u00e3o de Jesus na nossa pr\u00f3pria l\u00edngua.<\/p>\n<p>Estamos reunidos aqui, fi\u00e9is provenientes de 120 pa\u00edses do mundo, para celebrar a soberana obra do Esp\u00edrito Santo na Igreja, que come\u00e7ou h\u00e1 50 anos e deu in\u00edcio&#8230;a esta institui\u00e7\u00e3o? N\u00e3o. A esta organiza\u00e7\u00e3o? A uma corrente de gra\u00e7a, \u00e0 corrente de gra\u00e7a da Renova\u00e7\u00e3o Carism\u00e1tica Cat\u00f3lica. Obra que nasce&#8230;cat\u00f3lica? N\u00e3o. Nasce ecum\u00eanica! Nasce ecum\u00eanica porque \u00e9 o Esp\u00edrito Santo que cria a unidade e \u00e9 o mesmo Esp\u00edrito Santo que d\u00e1 a inspira\u00e7\u00e3o para que fosse assim! \u00c9 importante ler as obras do Cardeal Suenens sobre isto: \u00e9 muito importante!<\/p>\n<p>A vinda do Esp\u00edrito Santo transforma homens fechados por causa do medo em corajosos testemunhos de Jesus. Pedro, que havia renegado Jesus tr\u00eas vezes, repleto da for\u00e7a do Esp\u00edrito Santo proclama: &#8220;Que toda a casa de Israel saiba, portanto, com a maior certeza de que este Jesus, que v\u00f3s crucificastes, Deus o constituiu Senhor e Cristo.&#8221; (At 2,36). E esta \u00e9 a profiss\u00e3o de f\u00e9 de cada crist\u00e3o! Deus constituiu Senhor Cristo, aquele Jesus que voc\u00eas crucificaram ou que foi crucificado: est\u00e3o de acordo com esta profiss\u00e3o de f\u00e9? (respondem: sim!) \u00c9 a nossa, todos, todos, ser\u00e1 a mesma!<\/p>\n<p>A Palavra segue dizendo: \u201cTodos os fi\u00e9is viviam unidos e tinham tudo em comum. Vendiam as suas propriedades e os seus bens, e dividiam-nos por todos, segundo a necessidade de cada um\u201d. Vendiam: ajudavam os pobres; realmente havia alguns espertos \u2013 pensemos em Ananias e Safira; mas sempre existem. Mas todos os fi\u00e9is, a maioria, se ajudavam.\u00a0 \u201cUnidos de cora\u00e7\u00e3o frequentavam todos os dias o templo. Partiam o p\u00e3o nas casas e tomavam a comida com alegria e singeleza de cora\u00e7\u00e3o, louvando a Deus e cativando a simpatia de todo o povo. E o Senhor cada dia lhes ajuntava outros que estavam a caminho da salva\u00e7\u00e3o.&#8221;<\/p>\n<p>A comunidade que crescia, e havia o esp\u00edrito que inspirava. Gosto tanto de pensar no Ap\u00f3stolo Felipe, quando o Anjo disse a ele: \u201cSegue pelo caminho de casa e encontre aquele pros\u00e9lito, ministro da economia da Rainha da Eritr\u00e9ia \u2013 ou da Eti\u00f3pia \u2013\u00a0 Candace; havia um pros\u00e9lito e lia Isa\u00edas. E explicou a Palavra a ele, proclamou Jesus e ele se converteu. E em um determinado momento&#8230; \u201cmas, tem \u00e1gua: quero ser batizado\u201d. Era o Esp\u00edrito Santo que impelia Felipe a ir l\u00e1 e foi desde o in\u00edcio o Esp\u00edrito a impelir todos os fi\u00e9is a proclamar o Senhor&#8230;..<\/p>\n<p>Escolhemos nos reunir aqui, neste lugar, &#8211; o disse o Pastor Traettino &#8211; porque aqui, durante as persegui\u00e7\u00f5es, foram martirizados crist\u00e3os, para o divertimento daqueles que assistiam.<\/p>\n<p>Hoje existem mais m\u00e1rtires. Crist\u00e3os! Aqueles que matam os crist\u00e3os, antes de mata-los, n\u00e3o perguntam a eles: \u201cMas, tu \u00e9s ortodoxo? Tu \u00e9s cat\u00f3lico? Tu \u00e9s evang\u00e9lico? Tu \u00e9s luterano? Tu \u00e9s calvinista?\u201d. N\u00e3o! \u201cTu \u00e9s crist\u00e3o?\u201d, e degolam imediatamente. Hoje existem mais m\u00e1rtires do que nos primeiros tempos. E este \u00e9 o ecumenismo de sangue: nos une o testemunho de nossos m\u00e1rtires hoje.<\/p>\n<p>Em diversos lugares do mundo o sangue crist\u00e3os \u00e9 derramado! Hoje \u00e9 mais urgente do que nunca a unidade dos crist\u00e3os, unidos por obra do Esp\u00edrito Santo, na ora\u00e7\u00e3o e na a\u00e7\u00e3o pelos mais fracos. Caminhar juntos, trabalhar juntos. Nos amar-nos. Nos amar-nos. E juntos, tentar explicar as diferen\u00e7as, colocar-se de acordo, mas em caminho: isto \u00e9 verdade. Porque o Esp\u00edrito nos quer em caminho.<\/p>\n<p>50 anos de Renova\u00e7\u00e3o Carism\u00e1tica Cat\u00f3lica. Uma corrente de gra\u00e7a do Esp\u00edrito! Por que corrente de gra\u00e7a? Porque n\u00e3o tem nem fundador, nem estatutos, nem \u00f3rg\u00e3os de governo. Claramente nesta corrente nasceram m\u00faltiplas express\u00f5es que, certo, s\u00e3o obras humanas inspiradas pelo Esp\u00edrito, com v\u00e1rios carismas, e todas a servi\u00e7o da Igreja. Mas n\u00e3o se pode colocar diques na corrente, nem se pode fechar o Esp\u00edrito Santo em uma gaiola!<\/p>\n<p>Passaram-se 50 anos. Quando se chega a esta idade, as for\u00e7as come\u00e7am a decair: a metade da vida&#8230;Na minha terra dizemos: \u201cel&#8230;(express\u00e3o em espanhol), as rugas tornam-se mais profundas \u2013 a menos que tu te maquies, mas existem rugas &#8211; os cabelos grisalhos aumentam e se come\u00e7a a esquecer algumas coisas&#8230;<\/p>\n<p>50 anos \u00e9 um momento da vida apropriado para parar e fazer uma reflex\u00e3o. \u00c9 o momento da reflex\u00e3o: a metade da vida. E eu diria a voc\u00eas: \u00e9 o momento para seguir em frente com mais for\u00e7a, deixando para tr\u00e1s a poeira do tempo que deixamos acumular, agradecendo por aquilo que recebemos e enfrentando o novo com confian\u00e7a na a\u00e7\u00e3o do Esp\u00edrito Santo\u201d<\/p>\n<p>O Pentecostes faz nascer a Igreja. O Esp\u00edrito Santo, a promessa do Pai anunciada por Jesus Cristo, \u00e9 Ele que faz a Igreja: a esposa do Apocalipse, uma \u00fanica esposa \u2013 disse o Pastor Traettino. O Senhor tem uma esposa!<\/p>\n<p>O dom mais precioso que todos recebemos \u00e9 o Batismo. E agora o Esp\u00edrito nos conduz no caminho da convers\u00e3o que atravessa todo o mundo crist\u00e3o e que \u00e9 um motivo a mais para que a Renova\u00e7\u00e3o Carism\u00e1tica Cat\u00f3lica seja um lugar privilegiado para percorrer o caminho rumo \u00e0 unidade!<\/p>\n<p>Esta corrente de gra\u00e7a \u00e9 para toda a Igreja, n\u00e3o somente para alguns, e ningu\u00e9m de n\u00f3s \u00e9 o &#8220;dono&#8221; e todos os outros servos! N\u00e3o! Todos somos servos desta corrente de gra\u00e7a.<\/p>\n<p>Junto a esta experi\u00eancia, voc\u00eas recordam continuamente \u00e0 Igreja o poder da ora\u00e7\u00e3o de louvor. Louvor que \u00e9 a ora\u00e7\u00e3o de reconhecimento e a\u00e7\u00e3o de gra\u00e7as pelo amor gratuito de Deus. Pode acontecer que este modo de rezar n\u00e3o agrade a algu\u00e9m, mas \u00e9 certo que se insere plenamente na tradi\u00e7\u00e3o b\u00edblica. Os Salmos, por exemplo: Davi que dan\u00e7ava diante da Arca da Alian\u00e7a, cheio de j\u00fabilo&#8230; E por favor, n\u00e3o caiamos \u2013 por favor \u2013 no comportamento de nos tornar crist\u00e3os com o complexo de Mico, que se envergonhava de louvar o Senhor na pessoa de Davi.<\/p>\n<p>J\u00fabilo, alegria, fruto da mesma a\u00e7\u00e3o do Esp\u00edrito Santo! O crist\u00e3o experimenta a alegria em seu cora\u00e7\u00e3o ou h\u00e1 algo que n\u00e3o funciona. A alegria do an\u00fancio da Boa Nova do Evangelho!<\/p>\n<p>Jesus na Sinagoga de Nazar\u00e9 l\u00ea a passagem de Isa\u00edas: &#8220;O esp\u00edrito do Senhor repousa sobre mim, porque o Senhor consagrou-me pela un\u00e7\u00e3o; enviou-me a levar a boa nova aos humildes, curar os cora\u00e7\u00f5es doloridos, anunciar aos cativos a reden\u00e7\u00e3o, e aos prisioneiros a liberdade;\u00a0 proclamar um ano de gra\u00e7as da parte do Senhor&#8221;. O alegre an\u00fancio: n\u00e3o esquecer isto. O alegre an\u00fancio: a n\u00fancio crist\u00e3o sempre \u00e9 alegre.<\/p>\n<p>O terceiro documento de Malines, &#8220;Renova\u00e7\u00e3o Carism\u00e1tica e Servi\u00e7o ao Homem&#8221;, escrito pelo Cardeal Suenens e por Dom Helder C\u00e2mara, \u00e9 claro: renova\u00e7\u00e3o carism\u00e1tica e servi\u00e7o ao homem.<\/p>\n<p>Batismo no Esp\u00edrito Santo, louvor, servi\u00e7o ao homem. As tr\u00eas coisas est\u00e3o indissoluvelmente unidas: Batismo no Esp\u00edrito santo, louvor \u2013 ora\u00e7\u00e3o de louvor \u2013 servi\u00e7o ao homem. Est\u00e3o unidas. Posso louvar de forma profundo, mas se n\u00e3o ajudo os mais necessitados n\u00e3o basta. &#8220;Nenhum entre eles tinha necessidade&#8221; (At 4,34), dizia o Livro dos Atos.<\/p>\n<p>N\u00e3o seremos julgados pelo nosso louvor, mas por aquilo que fizemos por Jesus: &#8220;Quando foi que te vimos enfermo ou na pris\u00e3o e te fomos visitar? Responder\u00e1 o Rei: &#8211; Em verdade eu vos declaro: todas as vezes que fizestes isto a um destes meus irm\u00e3os mais pequeninos, foi a mim mesmo que o fizestes.&#8221; (Mt 25,39-40).<\/p>\n<p>Queridas irm\u00e3s, queridos irm\u00e3os, desejo a voc\u00eas um tempo de reflex\u00e3o, de mem\u00f3ria das origens; um tempo para deixar para tr\u00e1s todas as coisas juntadas pelo pr\u00f3prio &#8220;eu&#8221;, e transform\u00e1-las em escuta e acolhida jubilosa da a\u00e7\u00e3o do Esp\u00edrito Santo, que sopra onde e como quer!<\/p>\n<p>Agrade\u00e7o a Fraternidade Cat\u00f3lica e a ICCRS pela organiza\u00e7\u00e3o deste Jubileu de Ouro, por esta Vig\u00edlia. E agrade\u00e7o a cada um dos volunt\u00e1rios que tornaram poss\u00edvel a sua realiza\u00e7\u00e3o, muitos dos quais se encontram aqui. Quis saudar os membros do staff do Escrit\u00f3rio quando cheguei, porque sei que trabalharam muito! E n\u00e3o a pagamento, hein! Trabalharam muito! A maioria s\u00e3o jovens de diversos continentes! Que o Senhor os aben\u00e7oe muito!<\/p>\n<p>Agrade\u00e7o em particular pelo fato que o pedido que fiz a voc\u00eas h\u00e1 dois anos para dar \u00e0 Renova\u00e7\u00e3o Carism\u00e1tica Mundial um \u00fanico servi\u00e7o internacional baseado aqui tenha come\u00e7ado a concretizar-se nos Atos Constitucionais deste novo \u00fanico servi\u00e7o. \u00c9 o primeiro passo, e a este se seguir\u00e3o outros, por\u00e9m logo\u00a0 a unidade, obra do Esp\u00edrito Santo, ser\u00e1 uma realidade. &#8220;Eu fa\u00e7o novas todas as coisas&#8221;, diz o Senhor (Ap 21,5).<\/p>\n<p>Obrigado, Renova\u00e7\u00e3o Carism\u00e1tica Cat\u00f3lica, por aquilo que voc\u00eas deram \u00e0 Igreja nestes 50 anos! A Igreja conta com voc\u00eas, com a vossa fidelidade \u00e0 Palavra, a vossa disponibilidade ao servi\u00e7o e no testemunho de vidas transformadas pelo Esp\u00edrito Santo!<br \/>\nCompartilhar com todos na Igreja o Batismo no Esp\u00edrito Santo, louvar o Senhor sem parar, caminhar juntos com crist\u00e3os de diversas Igrejas e comunidades crist\u00e3s na ora\u00e7\u00e3o e na a\u00e7\u00e3o pelos mais necessitados. Servir os mais pobres e os enfermos, isto espera de voc\u00eas a Igreja e o Papa!\u201d<\/p>\n<p>Fonte: RV<\/p>\n","protected":false},"excerpt":{"rendered":"<p>Encontro re\u00fane l\u00edderes da RCC do mundo todo em Roma na celebra\u00e7\u00e3o dos 50 anos de nascimento do movimento Na tarde deste s\u00e1bado, 3 de junho, o Papa Francisco presidiu a Vig\u00edlia ecum\u00eanica de Pentecostes no Circo M\u00e1ximo, em Roma,&#8230;<\/p>\n","protected":false},"author":1361,"featured_media":0,"comment_status":"open","ping_status":"closed","sticky":false,"template":"","format":"standard","meta":{"_mi_skip_tracking":false,"_monsterinsights_sitenote_active":false,"_monsterinsights_sitenote_note":"","_monsterinsights_sitenote_category":0,"footnotes":""},"categories":[1331],"tags":[5011,177824,2231],"_links":{"self":[{"href":"https:\/\/blog.cancaonova.com\/brasilia\/wp-json\/wp\/v2\/posts\/12769"}],"collection":[{"href":"https:\/\/blog.cancaonova.com\/brasilia\/wp-json\/wp\/v2\/posts"}],"about":[{"href":"https:\/\/blog.cancaonova.com\/brasilia\/wp-json\/wp\/v2\/types\/post"}],"author":[{"embeddable":true,"href":"https:\/\/blog.cancaonova.com\/brasilia\/wp-json\/wp\/v2\/users\/1361"}],"replies":[{"embeddable":true,"href":"https:\/\/blog.cancaonova.com\/brasilia\/wp-json\/wp\/v2\/comments?post=12769"}],"version-history":[{"count":1,"href":"https:\/\/blog.cancaonova.com\/brasilia\/wp-json\/wp\/v2\/posts\/12769\/revisions"}],"predecessor-version":[{"id":12772,"href":"https:\/\/blog.cancaonova.com\/brasilia\/wp-json\/wp\/v2\/posts\/12769\/revisions\/12772"}],"wp:attachment":[{"href":"https:\/\/blog.cancaonova.com\/brasilia\/wp-json\/wp\/v2\/media?parent=12769"}],"wp:term":[{"taxonomy":"category","embeddable":true,"href":"https:\/\/blog.cancaonova.com\/brasilia\/wp-json\/wp\/v2\/categories?post=12769"},{"taxonomy":"post_tag","embeddable":true,"href":"https:\/\/blog.cancaonova.com\/brasilia\/wp-json\/wp\/v2\/tags?post=12769"}],"curies":[{"name":"wp","href":"https:\/\/api.w.org\/{rel}","templated":true}]}}