{"id":13014,"date":"2018-02-06T12:01:46","date_gmt":"2018-02-06T15:01:46","guid":{"rendered":"http:\/\/blog.cancaonova.com\/brasilia\/?p=13014"},"modified":"2020-02-05T17:21:02","modified_gmt":"2020-02-05T20:21:02","slug":"missionarios-da-cancao-nova-em-brasilia-renovam-compromisso","status":"publish","type":"post","link":"https:\/\/blog.cancaonova.com\/brasilia\/missionarios-da-cancao-nova-em-brasilia-renovam-compromisso\/","title":{"rendered":"Mission\u00e1rios da Can\u00e7\u00e3o Nova em Bras\u00edlia renovam compromisso"},"content":{"rendered":"<p style=\"text-align: center\"><strong><em>\u201cEsse \u00e9 o sentido primeiro do meu chamado e do meu compromisso. Sou do Senhor. Sou perten\u00e7a dEle. Sou posse exclusiva de Deus.\u201d<\/em><\/strong><em>&nbsp;<\/em><em>Nossos Documentos<\/em><\/p>\n<p><img loading=\"lazy\" decoding=\"async\" class=\"aligncenter wp-image-13018\" src=\"http:\/\/blog.cancaonova.com\/brasilia\/files\/2018\/02\/27628581_1696097390454600_5183133825723925582_o.jpg\" alt=\"\" width=\"451\" height=\"290\" srcset=\"https:\/\/blog.cancaonova.com\/brasilia\/files\/2018\/02\/27628581_1696097390454600_5183133825723925582_o.jpg 1193w, https:\/\/blog.cancaonova.com\/brasilia\/files\/2018\/02\/27628581_1696097390454600_5183133825723925582_o-300x193.jpg 300w, https:\/\/blog.cancaonova.com\/brasilia\/files\/2018\/02\/27628581_1696097390454600_5183133825723925582_o-768x494.jpg 768w\" sizes=\"(max-width: 451px) 100vw, 451px\" \/><\/p>\n<p>Os mission\u00e1rios da Can\u00e7\u00e3o Nova em Bras\u00edlia, leigos consagrados de vida e alian\u00e7a,&nbsp;renovaram o seu compromisso na \u00faltima sexta-feira, dia 02 de fevereiro, dia em que a Igreja celebra o Dia Mundial da Vida Consagrada.<\/p>\n<p>A santa missa ocorreu no Santu\u00e1rio Dom Bosco e foi presidida pelo bispo auxiliar de Bras\u00edlia, Dom Jos\u00e9 Aparecido, concelebrada pelos padres da miss\u00e3o, Pe. Roger Araujo, Pe. Xavier e Pe. Gilbertinho.&nbsp;&nbsp;<\/p>\n<p><img loading=\"lazy\" decoding=\"async\" class=\"wp-image-13019 alignright\" src=\"http:\/\/blog.cancaonova.com\/brasilia\/files\/2018\/02\/27624836_1696097393787933_7579561436398616974_o.jpg\" alt=\"\" width=\"327\" height=\"183\" srcset=\"https:\/\/blog.cancaonova.com\/brasilia\/files\/2018\/02\/27624836_1696097393787933_7579561436398616974_o.jpg 1355w, https:\/\/blog.cancaonova.com\/brasilia\/files\/2018\/02\/27624836_1696097393787933_7579561436398616974_o-300x168.jpg 300w, https:\/\/blog.cancaonova.com\/brasilia\/files\/2018\/02\/27624836_1696097393787933_7579561436398616974_o-768x432.jpg 768w, https:\/\/blog.cancaonova.com\/brasilia\/files\/2018\/02\/27624836_1696097393787933_7579561436398616974_o-384x216.jpg 384w, https:\/\/blog.cancaonova.com\/brasilia\/files\/2018\/02\/27624836_1696097393787933_7579561436398616974_o-512x288.jpg 512w, https:\/\/blog.cancaonova.com\/brasilia\/files\/2018\/02\/27624836_1696097393787933_7579561436398616974_o-1024x576.jpg 1024w\" sizes=\"(max-width: 327px) 100vw, 327px\" \/><\/p>\n<p>Durante a homilia, Dom Jos\u00e9 Aparecido, ressaltou o Evangelho proposto pela&nbsp;liturgia do dia, na Festa da Apresenta\u00e7\u00e3o do Senhor e fez uma breve&nbsp;reflex\u00e3o sobre a vida consagrada.<\/p>\n<p><img loading=\"lazy\" decoding=\"async\" class=\"wp-image-13016 alignleft\" src=\"http:\/\/blog.cancaonova.com\/brasilia\/files\/2018\/02\/27336709_1696091507121855_4259192869977436152_n.jpg\" alt=\"\" width=\"303\" height=\"219\" srcset=\"https:\/\/blog.cancaonova.com\/brasilia\/files\/2018\/02\/27336709_1696091507121855_4259192869977436152_n.jpg 960w, https:\/\/blog.cancaonova.com\/brasilia\/files\/2018\/02\/27336709_1696091507121855_4259192869977436152_n-300x217.jpg 300w, https:\/\/blog.cancaonova.com\/brasilia\/files\/2018\/02\/27336709_1696091507121855_4259192869977436152_n-768x556.jpg 768w\" sizes=\"(max-width: 303px) 100vw, 303px\" \/><\/p>\n<p>\u201dAquele que \u00e9 consagrado se consome no altar da cruz pela salva\u00e7\u00e3o do mundo e neste dia devemos dedicar nossas ora\u00e7\u00f5es aos consagrados, pois os que se consagram, na vida religiosa ou secular, se oferecem a Deus como obla\u00e7\u00e3o. Eles n\u00e3o dependem de bens do mundo, somente da vontade de Deus, e se entregam inteiramente a Deus como Maria.\u201d, disse.<\/p>\n<p>Dom Jos\u00e9 tamb\u00e9m fez mem\u00f3ria a primeira missa celebrada pelo Monsenhor Jonas h\u00e1 40 anos no inicio da Can\u00e7\u00e3o Nova. \u201cQueremos pedir a Deus que com aquele viol\u00e3o do padre Jonas saibamos ser um canto novo, \u2018Cantai ao Senhor um c\u00e2ntico novo\u2019. N\u00e3o tenho d\u00favidas de que o padre Jonas se inspirou nesse salmo e deseja que a comunidade Can\u00e7\u00e3o Nova n\u00e3o cante s\u00f3 mas seja um c\u00e2ntico de louvor a Deus pela sua vida e pelo seu compromisso de evangeliza\u00e7\u00e3o\u201d.<\/p>\n<p>Ap\u00f3s a homilia, os mission\u00e1rios participaram do ato de renova\u00e7\u00e3o do compromisso que \u00e9 realizado anualmente no dia 02 de fevereiro.<\/p>\n<p><img loading=\"lazy\" decoding=\"async\" class=\"wp-image-13017 alignleft\" src=\"http:\/\/blog.cancaonova.com\/brasilia\/files\/2018\/02\/27500157_1696097213787951_2858006540497543918_o.jpg\" alt=\"\" width=\"509\" height=\"273\" srcset=\"https:\/\/blog.cancaonova.com\/brasilia\/files\/2018\/02\/27500157_1696097213787951_2858006540497543918_o.jpg 1412w, https:\/\/blog.cancaonova.com\/brasilia\/files\/2018\/02\/27500157_1696097213787951_2858006540497543918_o-300x161.jpg 300w, https:\/\/blog.cancaonova.com\/brasilia\/files\/2018\/02\/27500157_1696097213787951_2858006540497543918_o-768x412.jpg 768w\" sizes=\"(max-width: 509px) 100vw, 509px\" \/><\/p>\n<p>Ronaldo da Silva est\u00e1 na Comunidade Can\u00e7\u00e3o Nova h\u00e1 cerca de 21 anos e demonstrou a sua gratid\u00e3o em servir a miss\u00e3o nesses 40 anos de funda\u00e7\u00e3o. \u201cEntrei nessa hist\u00f3ria quando a Can\u00e7\u00e3o Nova estava com 19 anos, portanto me sinto agraciado por Deus. Agrade\u00e7o a Ele e a fam\u00edlia Can\u00e7\u00e3o Nova, e pe\u00e7o que rezem pela nossa miss\u00e3o\u201d, declarou.<\/p>\n<p>H\u00e1 16 anos, Fl\u00e1via Soares, serve na comunidade com seu carisma e entusiasmo e atualmente, ela conduz o &nbsp;programa \u201cCanal 89\u201d da R\u00e1dio Can\u00e7\u00e3o Nova em Bras\u00edlia. Para ela, \u00e9 uma alegria enorme servir a Deus como consagrada. \u201cEu fa\u00e7o parte dos 40 anos dessa hist\u00f3ria e ser Can\u00e7\u00e3o Nova \u00e9 bom demais.\u201d, disse.<\/p>\n<p style=\"text-align: center\">Can\u00e7\u00e3o Nova, 40 anos no amor e na esperan\u00e7a.<\/p>\n<p style=\"text-align: center\">Acesse &gt;&nbsp;<a href=\"http:\/\/40anos.cancaonova.com\/\" target=\"_blank\" rel=\"noopener nofollow\">40anos.cancaonova.com<\/a>&nbsp;<a class=\"_58cn\" href=\"https:\/\/www.facebook.com\/hashtag\/cn40anos?source=feed_text&amp;story_id=1699031716827834\"><span class=\"_5afx\"><span class=\"_58cl _5afz\">#<\/span><span class=\"_58cm\">CN40anos<\/span><\/span><\/a>&nbsp;<a class=\"_58cn\" href=\"https:\/\/www.facebook.com\/hashtag\/cancaonova?source=feed_text&amp;story_id=1699031716827834\"><span class=\"_5afx\"><span class=\"_58cl _5afz\">#<\/span><span class=\"_58cm\">cancaonova<\/span><\/span><\/a><\/p>\n<p style=\"text-align: center\"><strong>Fotos: Ed Alves<\/strong><\/p>\n<p><img loading=\"lazy\" decoding=\"async\" class=\"aligncenter wp-image-13020\" src=\"http:\/\/blog.cancaonova.com\/brasilia\/files\/2018\/02\/27500393_1696097547121251_1873678013060502304_o.jpg\" alt=\"\" width=\"683\" height=\"322\" srcset=\"https:\/\/blog.cancaonova.com\/brasilia\/files\/2018\/02\/27500393_1696097547121251_1873678013060502304_o.jpg 1176w, https:\/\/blog.cancaonova.com\/brasilia\/files\/2018\/02\/27500393_1696097547121251_1873678013060502304_o-300x141.jpg 300w, https:\/\/blog.cancaonova.com\/brasilia\/files\/2018\/02\/27500393_1696097547121251_1873678013060502304_o-768x362.jpg 768w\" sizes=\"(max-width: 683px) 100vw, 683px\" \/><\/p>\n","protected":false},"excerpt":{"rendered":"<p>\u201cEsse \u00e9 o sentido primeiro do meu chamado e do meu compromisso. Sou do Senhor. Sou perten\u00e7a dEle. Sou posse exclusiva de Deus.\u201d&nbsp;Nossos Documentos Os mission\u00e1rios da Can\u00e7\u00e3o Nova em Bras\u00edlia, leigos consagrados de vida e alian\u00e7a,&nbsp;renovaram o seu compromisso&#8230;<\/p>\n","protected":false},"author":1361,"featured_media":0,"comment_status":"open","ping_status":"closed","sticky":false,"template":"","format":"standard","meta":{"_mi_skip_tracking":false,"_monsterinsights_sitenote_active":false,"_monsterinsights_sitenote_note":"","_monsterinsights_sitenote_category":0,"footnotes":""},"categories":[10341],"tags":[],"_links":{"self":[{"href":"https:\/\/blog.cancaonova.com\/brasilia\/wp-json\/wp\/v2\/posts\/13014"}],"collection":[{"href":"https:\/\/blog.cancaonova.com\/brasilia\/wp-json\/wp\/v2\/posts"}],"about":[{"href":"https:\/\/blog.cancaonova.com\/brasilia\/wp-json\/wp\/v2\/types\/post"}],"author":[{"embeddable":true,"href":"https:\/\/blog.cancaonova.com\/brasilia\/wp-json\/wp\/v2\/users\/1361"}],"replies":[{"embeddable":true,"href":"https:\/\/blog.cancaonova.com\/brasilia\/wp-json\/wp\/v2\/comments?post=13014"}],"version-history":[{"count":3,"href":"https:\/\/blog.cancaonova.com\/brasilia\/wp-json\/wp\/v2\/posts\/13014\/revisions"}],"predecessor-version":[{"id":13023,"href":"https:\/\/blog.cancaonova.com\/brasilia\/wp-json\/wp\/v2\/posts\/13014\/revisions\/13023"}],"wp:attachment":[{"href":"https:\/\/blog.cancaonova.com\/brasilia\/wp-json\/wp\/v2\/media?parent=13014"}],"wp:term":[{"taxonomy":"category","embeddable":true,"href":"https:\/\/blog.cancaonova.com\/brasilia\/wp-json\/wp\/v2\/categories?post=13014"},{"taxonomy":"post_tag","embeddable":true,"href":"https:\/\/blog.cancaonova.com\/brasilia\/wp-json\/wp\/v2\/tags?post=13014"}],"curies":[{"name":"wp","href":"https:\/\/api.w.org\/{rel}","templated":true}]}}