{"id":13024,"date":"2018-02-07T12:18:56","date_gmt":"2018-02-07T15:18:56","guid":{"rendered":"http:\/\/blog.cancaonova.com\/brasilia\/?p=13024"},"modified":"2020-02-05T17:21:01","modified_gmt":"2020-02-05T20:21:01","slug":"projeto-homens-fortes-e-corajosos-retorna-as-atividades-em-2018","status":"publish","type":"post","link":"https:\/\/blog.cancaonova.com\/brasilia\/projeto-homens-fortes-e-corajosos-retorna-as-atividades-em-2018\/","title":{"rendered":"Projeto Homens Fortes e Corajosos retorna as atividades em 2018"},"content":{"rendered":"<div class=\"\">\n<div>\n<div style=\"text-align: center\"><em><strong>\u201cO&nbsp;homem&nbsp;mais poderoso \u00e9 o que&nbsp;reza, porque se faz participante do poder de Deus\u201d<\/strong> <\/em><\/div>\n<div style=\"text-align: center\">S\u00e3o Jo\u00e3o Cris\u00f3stomo.<\/div>\n<\/div>\n<div>&nbsp;<\/div>\n<div class=\"_1mf _1mj\">Na \u00faltima ter\u00e7a-feira (6\/2), ocorreu o primeiro encontro de 2018 do projeto Homens Fortes &amp; Corajosos da Can\u00e7\u00e3o Nova Bras\u00edlia com o tema &#8220;Os dias felizes de outrora&#8221;.&nbsp;Foram v\u00e1rios testemunhos, adora\u00e7\u00e3o e muita un\u00e7\u00e3o de Deus!<\/div>\n<\/div>\n<div class=\"\">\n<div class=\"_1mf _1mj\">&nbsp;<\/div>\n<\/div>\n<div class=\"\">\n<div class=\"_1mf _1mj\">A cada m\u00eas tem um encontro com um tema diferente, ent\u00e3o divulgue e convide&nbsp;mais homens, pais, casados, solteiros e vi\u00favos para fazer parte desse projeto.&nbsp;<\/div>\n<\/div>\n<div class=\"\">&nbsp;&nbsp;<\/div>\n<div class=\"\">\n<div class=\"_1mf _1mj\" style=\"text-align: center\"><span class=\"_5zk7\">#homensdef\u00e9<\/span> <span class=\"_5zk7\">#homenscorajosos<\/span> <span class=\"_5zk7\">#cancaonovabrasilia<\/span><\/div>\n<\/div>\n<div><img loading=\"lazy\" decoding=\"async\" class=\"wp-image-13025 aligncenter\" src=\"http:\/\/blog.cancaonova.com\/brasilia\/files\/2018\/02\/WhatsApp-Image-2018-02-07-at-09.31.10.jpeg\" alt=\"\" width=\"612\" height=\"393\" srcset=\"https:\/\/blog.cancaonova.com\/brasilia\/files\/2018\/02\/WhatsApp-Image-2018-02-07-at-09.31.10.jpeg 1280w, https:\/\/blog.cancaonova.com\/brasilia\/files\/2018\/02\/WhatsApp-Image-2018-02-07-at-09.31.10-300x193.jpeg 300w, https:\/\/blog.cancaonova.com\/brasilia\/files\/2018\/02\/WhatsApp-Image-2018-02-07-at-09.31.10-768x493.jpeg 768w\" sizes=\"(max-width: 612px) 100vw, 612px\" \/><\/div>\n<div>&nbsp;<\/div>\n<div><img loading=\"lazy\" decoding=\"async\" class=\"wp-image-13026 aligncenter\" src=\"http:\/\/blog.cancaonova.com\/brasilia\/files\/2018\/02\/WhatsApp-Image-2018-02-07-at-09.31.14.jpeg\" alt=\"\" width=\"258\" height=\"194\" srcset=\"https:\/\/blog.cancaonova.com\/brasilia\/files\/2018\/02\/WhatsApp-Image-2018-02-07-at-09.31.14.jpeg 1280w, https:\/\/blog.cancaonova.com\/brasilia\/files\/2018\/02\/WhatsApp-Image-2018-02-07-at-09.31.14-300x225.jpeg 300w, https:\/\/blog.cancaonova.com\/brasilia\/files\/2018\/02\/WhatsApp-Image-2018-02-07-at-09.31.14-768x576.jpeg 768w\" sizes=\"(max-width: 258px) 100vw, 258px\" \/> <img loading=\"lazy\" decoding=\"async\" class=\"wp-image-13027 aligncenter\" src=\"http:\/\/blog.cancaonova.com\/brasilia\/files\/2018\/02\/WhatsApp-Image-2018-02-07-at-09.31.15.jpeg\" alt=\"\" width=\"259\" height=\"195\" srcset=\"https:\/\/blog.cancaonova.com\/brasilia\/files\/2018\/02\/WhatsApp-Image-2018-02-07-at-09.31.15.jpeg 1280w, https:\/\/blog.cancaonova.com\/brasilia\/files\/2018\/02\/WhatsApp-Image-2018-02-07-at-09.31.15-300x225.jpeg 300w, https:\/\/blog.cancaonova.com\/brasilia\/files\/2018\/02\/WhatsApp-Image-2018-02-07-at-09.31.15-768x576.jpeg 768w\" sizes=\"(max-width: 259px) 100vw, 259px\" \/><\/div>\n","protected":false},"excerpt":{"rendered":"<p>\u201cO&nbsp;homem&nbsp;mais poderoso \u00e9 o que&nbsp;reza, porque se faz participante do poder de Deus\u201d S\u00e3o Jo\u00e3o Cris\u00f3stomo. &nbsp; Na \u00faltima ter\u00e7a-feira (6\/2), ocorreu o primeiro encontro de 2018 do projeto Homens Fortes &amp; Corajosos da Can\u00e7\u00e3o Nova Bras\u00edlia com o tema&#8230;<\/p>\n","protected":false},"author":1361,"featured_media":0,"comment_status":"open","ping_status":"closed","sticky":false,"template":"","format":"standard","meta":{"_mi_skip_tracking":false,"_monsterinsights_sitenote_active":false,"_monsterinsights_sitenote_note":"","_monsterinsights_sitenote_category":0,"footnotes":""},"categories":[10341],"tags":[],"_links":{"self":[{"href":"https:\/\/blog.cancaonova.com\/brasilia\/wp-json\/wp\/v2\/posts\/13024"}],"collection":[{"href":"https:\/\/blog.cancaonova.com\/brasilia\/wp-json\/wp\/v2\/posts"}],"about":[{"href":"https:\/\/blog.cancaonova.com\/brasilia\/wp-json\/wp\/v2\/types\/post"}],"author":[{"embeddable":true,"href":"https:\/\/blog.cancaonova.com\/brasilia\/wp-json\/wp\/v2\/users\/1361"}],"replies":[{"embeddable":true,"href":"https:\/\/blog.cancaonova.com\/brasilia\/wp-json\/wp\/v2\/comments?post=13024"}],"version-history":[{"count":3,"href":"https:\/\/blog.cancaonova.com\/brasilia\/wp-json\/wp\/v2\/posts\/13024\/revisions"}],"predecessor-version":[{"id":13034,"href":"https:\/\/blog.cancaonova.com\/brasilia\/wp-json\/wp\/v2\/posts\/13024\/revisions\/13034"}],"wp:attachment":[{"href":"https:\/\/blog.cancaonova.com\/brasilia\/wp-json\/wp\/v2\/media?parent=13024"}],"wp:term":[{"taxonomy":"category","embeddable":true,"href":"https:\/\/blog.cancaonova.com\/brasilia\/wp-json\/wp\/v2\/categories?post=13024"},{"taxonomy":"post_tag","embeddable":true,"href":"https:\/\/blog.cancaonova.com\/brasilia\/wp-json\/wp\/v2\/tags?post=13024"}],"curies":[{"name":"wp","href":"https:\/\/api.w.org\/{rel}","templated":true}]}}