{"id":13029,"date":"2018-02-08T13:03:28","date_gmt":"2018-02-08T16:03:28","guid":{"rendered":"http:\/\/blog.cancaonova.com\/brasilia\/?p=13029"},"modified":"2020-02-05T17:20:59","modified_gmt":"2020-02-05T20:20:59","slug":"grupo-de-oracao-da-cancao-nova-retorna-nesta-quinta-82","status":"publish","type":"post","link":"https:\/\/blog.cancaonova.com\/brasilia\/grupo-de-oracao-da-cancao-nova-retorna-nesta-quinta-82\/","title":{"rendered":"Grupo de ora\u00e7\u00e3o da Can\u00e7\u00e3o Nova retorna nesta quinta (8\/2)"},"content":{"rendered":"<p style=\"text-align: center\"><em><strong>&#8220;O grupo de ora\u00e7\u00e3o \u00e9 como uma piscina cheia de \u00e1gua, cheia do Esp\u00edrito Santo, onde nos jogamos de cabe\u00e7a e mergulhamos no amor de Deus e em Seus dons.&#8221;&nbsp;<\/strong><\/em>(Monsenhor Jonas Abib)<\/p>\n<p>O <strong>grupo de ora\u00e7\u00e3o<\/strong> da <span style=\"color: #0000ff\"><strong>Can\u00e7\u00e3o Nova em Bras\u00edlia<\/strong><\/span> retorna nesta quinta-feira (8\/2),&nbsp;\u00e0s 20h, na par\u00f3quia Bom Jesus, 601 Sul em frente ao Setor de autarquias Sul.&nbsp;<\/p>\n<p><em>O Grupo acontece toda quinta-feira&nbsp;(exceto quando tem missa do clube da evangeliza\u00e7\u00e3o).<\/em><\/p>\n<p style=\"text-align: left\"><strong>Venha participar conosco!&nbsp;<\/strong><strong>Voc\u00ea ser\u00e1 impactado pela for\u00e7a do poder e do <span style=\"color: #ff0000\">amor de Deus<\/span>.<\/strong><\/p>\n<p>&nbsp;<\/p>\n<p><img loading=\"lazy\" decoding=\"async\" class=\"aligncenter  wp-image-13030\" src=\"http:\/\/blog.cancaonova.com\/brasilia\/files\/2018\/02\/27657948_1699371803460492_623287952890298601_n.jpg\" alt=\"\" width=\"487\" height=\"483\" srcset=\"https:\/\/blog.cancaonova.com\/brasilia\/files\/2018\/02\/27657948_1699371803460492_623287952890298601_n.jpg 720w, https:\/\/blog.cancaonova.com\/brasilia\/files\/2018\/02\/27657948_1699371803460492_623287952890298601_n-300x298.jpg 300w, https:\/\/blog.cancaonova.com\/brasilia\/files\/2018\/02\/27657948_1699371803460492_623287952890298601_n-144x144.jpg 144w, https:\/\/blog.cancaonova.com\/brasilia\/files\/2018\/02\/27657948_1699371803460492_623287952890298601_n-150x150.jpg 150w\" sizes=\"(max-width: 487px) 100vw, 487px\" \/><\/p>\n<p>&nbsp;<\/p>\n<p><img loading=\"lazy\" decoding=\"async\" class=\"aligncenter  wp-image-13031\" src=\"http:\/\/blog.cancaonova.com\/brasilia\/files\/2018\/02\/grupo.jpg\" alt=\"\" width=\"743\" height=\"253\" srcset=\"https:\/\/blog.cancaonova.com\/brasilia\/files\/2018\/02\/grupo.jpg 960w, https:\/\/blog.cancaonova.com\/brasilia\/files\/2018\/02\/grupo-300x102.jpg 300w, https:\/\/blog.cancaonova.com\/brasilia\/files\/2018\/02\/grupo-768x262.jpg 768w\" sizes=\"(max-width: 743px) 100vw, 743px\" \/><\/p>\n<p>&nbsp;<\/p>\n","protected":false},"excerpt":{"rendered":"<p>&#8220;O grupo de ora\u00e7\u00e3o \u00e9 como uma piscina cheia de \u00e1gua, cheia do Esp\u00edrito Santo, onde nos jogamos de cabe\u00e7a e mergulhamos no amor de Deus e em Seus dons.&#8221;&nbsp;(Monsenhor Jonas Abib) O grupo de ora\u00e7\u00e3o da Can\u00e7\u00e3o Nova em&#8230;<\/p>\n","protected":false},"author":1361,"featured_media":0,"comment_status":"open","ping_status":"closed","sticky":false,"template":"","format":"standard","meta":{"_mi_skip_tracking":false,"_monsterinsights_sitenote_active":false,"_monsterinsights_sitenote_note":"","_monsterinsights_sitenote_category":0,"footnotes":""},"categories":[10341],"tags":[],"_links":{"self":[{"href":"https:\/\/blog.cancaonova.com\/brasilia\/wp-json\/wp\/v2\/posts\/13029"}],"collection":[{"href":"https:\/\/blog.cancaonova.com\/brasilia\/wp-json\/wp\/v2\/posts"}],"about":[{"href":"https:\/\/blog.cancaonova.com\/brasilia\/wp-json\/wp\/v2\/types\/post"}],"author":[{"embeddable":true,"href":"https:\/\/blog.cancaonova.com\/brasilia\/wp-json\/wp\/v2\/users\/1361"}],"replies":[{"embeddable":true,"href":"https:\/\/blog.cancaonova.com\/brasilia\/wp-json\/wp\/v2\/comments?post=13029"}],"version-history":[{"count":1,"href":"https:\/\/blog.cancaonova.com\/brasilia\/wp-json\/wp\/v2\/posts\/13029\/revisions"}],"predecessor-version":[{"id":13032,"href":"https:\/\/blog.cancaonova.com\/brasilia\/wp-json\/wp\/v2\/posts\/13029\/revisions\/13032"}],"wp:attachment":[{"href":"https:\/\/blog.cancaonova.com\/brasilia\/wp-json\/wp\/v2\/media?parent=13029"}],"wp:term":[{"taxonomy":"category","embeddable":true,"href":"https:\/\/blog.cancaonova.com\/brasilia\/wp-json\/wp\/v2\/categories?post=13029"},{"taxonomy":"post_tag","embeddable":true,"href":"https:\/\/blog.cancaonova.com\/brasilia\/wp-json\/wp\/v2\/tags?post=13029"}],"curies":[{"name":"wp","href":"https:\/\/api.w.org\/{rel}","templated":true}]}}