{"id":13035,"date":"2018-02-09T10:45:58","date_gmt":"2018-02-09T13:45:58","guid":{"rendered":"http:\/\/blog.cancaonova.com\/brasilia\/?p=13035"},"modified":"2020-02-05T17:20:58","modified_gmt":"2020-02-05T20:20:58","slug":"mulheres-como-maria-realiza-primeiro-encontro-de-2018","status":"publish","type":"post","link":"https:\/\/blog.cancaonova.com\/brasilia\/mulheres-como-maria-realiza-primeiro-encontro-de-2018\/","title":{"rendered":"'Mulheres como Maria' realiza primeiro encontro de 2018"},"content":{"rendered":"<p>Na \u00faltima quarta-feira (7\/2), o grupo&nbsp;\ud83c\udff5<span style=\"color: #ff00ff\"><strong>Mulheres como Maria<\/strong><\/span>\ud83c\udff5 voltou a se reunir mensalmente.&nbsp;O encontro foi em clima de carnaval sobre &#8220;Quem \u00e9 voc\u00ea?&#8221;, com a participa\u00e7\u00e3o de<strong> Fl\u00e1via Soares<\/strong> e <strong>Michelle Abrantes<\/strong>.<\/p>\n<p>A cada m\u00eas ter\u00e1 um novo encontro s\u00f3 para mulheres, ent\u00e3o acompanhe nossas redes sociais para saber quando ser\u00e1 o pr\u00f3ximo.&nbsp;<\/p>\n<p style=\"text-align: center\"><strong>Mais informa\u00e7\u00f5es:<\/strong><\/p>\n<p style=\"text-align: center\">(61) 99149-2069 &#8211; Rita<\/p>\n<p style=\"text-align: center\">(61) 99673-2320 &#8211; Fernanda<\/p>\n<p style=\"text-align: center\">(61) 99968-3092 &#8211; Vilma<\/p>\n<p><img loading=\"lazy\" decoding=\"async\" class=\"aligncenter  wp-image-13036\" src=\"http:\/\/blog.cancaonova.com\/brasilia\/files\/2018\/02\/cmc-3.jpg\" alt=\"\" width=\"582\" height=\"385\" srcset=\"https:\/\/blog.cancaonova.com\/brasilia\/files\/2018\/02\/cmc-3.jpg 960w, https:\/\/blog.cancaonova.com\/brasilia\/files\/2018\/02\/cmc-3-300x198.jpg 300w, https:\/\/blog.cancaonova.com\/brasilia\/files\/2018\/02\/cmc-3-768x508.jpg 768w\" sizes=\"(max-width: 582px) 100vw, 582px\" \/><\/p>\n<p><img loading=\"lazy\" decoding=\"async\" class=\"aligncenter  wp-image-13037\" src=\"http:\/\/blog.cancaonova.com\/brasilia\/files\/2018\/02\/mcm-01.jpg\" alt=\"\" width=\"387\" height=\"256\" srcset=\"https:\/\/blog.cancaonova.com\/brasilia\/files\/2018\/02\/mcm-01.jpg 960w, https:\/\/blog.cancaonova.com\/brasilia\/files\/2018\/02\/mcm-01-300x198.jpg 300w, https:\/\/blog.cancaonova.com\/brasilia\/files\/2018\/02\/mcm-01-768x508.jpg 768w\" sizes=\"(max-width: 387px) 100vw, 387px\" \/> <img loading=\"lazy\" decoding=\"async\" class=\"aligncenter  wp-image-13038\" src=\"http:\/\/blog.cancaonova.com\/brasilia\/files\/2018\/02\/mcm-02.jpg\" alt=\"\" width=\"388\" height=\"257\" srcset=\"https:\/\/blog.cancaonova.com\/brasilia\/files\/2018\/02\/mcm-02.jpg 960w, https:\/\/blog.cancaonova.com\/brasilia\/files\/2018\/02\/mcm-02-300x198.jpg 300w, https:\/\/blog.cancaonova.com\/brasilia\/files\/2018\/02\/mcm-02-768x508.jpg 768w\" sizes=\"(max-width: 388px) 100vw, 388px\" \/> <img loading=\"lazy\" decoding=\"async\" class=\"aligncenter  wp-image-13039\" src=\"http:\/\/blog.cancaonova.com\/brasilia\/files\/2018\/02\/mcm.jpg\" alt=\"\" width=\"389\" height=\"257\" srcset=\"https:\/\/blog.cancaonova.com\/brasilia\/files\/2018\/02\/mcm.jpg 960w, https:\/\/blog.cancaonova.com\/brasilia\/files\/2018\/02\/mcm-300x198.jpg 300w, https:\/\/blog.cancaonova.com\/brasilia\/files\/2018\/02\/mcm-768x508.jpg 768w\" sizes=\"(max-width: 389px) 100vw, 389px\" \/><\/p>\n","protected":false},"excerpt":{"rendered":"<p>Na \u00faltima quarta-feira (7\/2), o grupo&nbsp;\ud83c\udff5Mulheres como Maria\ud83c\udff5 voltou a se reunir mensalmente.&nbsp;O encontro foi em clima de carnaval sobre &#8220;Quem \u00e9 voc\u00ea?&#8221;, com a participa\u00e7\u00e3o de Fl\u00e1via Soares e Michelle Abrantes. A cada m\u00eas ter\u00e1 um novo encontro s\u00f3&#8230;<\/p>\n","protected":false},"author":1361,"featured_media":0,"comment_status":"open","ping_status":"closed","sticky":false,"template":"","format":"standard","meta":{"_mi_skip_tracking":false,"_monsterinsights_sitenote_active":false,"_monsterinsights_sitenote_note":"","_monsterinsights_sitenote_category":0,"footnotes":""},"categories":[10341],"tags":[],"_links":{"self":[{"href":"https:\/\/blog.cancaonova.com\/brasilia\/wp-json\/wp\/v2\/posts\/13035"}],"collection":[{"href":"https:\/\/blog.cancaonova.com\/brasilia\/wp-json\/wp\/v2\/posts"}],"about":[{"href":"https:\/\/blog.cancaonova.com\/brasilia\/wp-json\/wp\/v2\/types\/post"}],"author":[{"embeddable":true,"href":"https:\/\/blog.cancaonova.com\/brasilia\/wp-json\/wp\/v2\/users\/1361"}],"replies":[{"embeddable":true,"href":"https:\/\/blog.cancaonova.com\/brasilia\/wp-json\/wp\/v2\/comments?post=13035"}],"version-history":[{"count":1,"href":"https:\/\/blog.cancaonova.com\/brasilia\/wp-json\/wp\/v2\/posts\/13035\/revisions"}],"predecessor-version":[{"id":13040,"href":"https:\/\/blog.cancaonova.com\/brasilia\/wp-json\/wp\/v2\/posts\/13035\/revisions\/13040"}],"wp:attachment":[{"href":"https:\/\/blog.cancaonova.com\/brasilia\/wp-json\/wp\/v2\/media?parent=13035"}],"wp:term":[{"taxonomy":"category","embeddable":true,"href":"https:\/\/blog.cancaonova.com\/brasilia\/wp-json\/wp\/v2\/categories?post=13035"},{"taxonomy":"post_tag","embeddable":true,"href":"https:\/\/blog.cancaonova.com\/brasilia\/wp-json\/wp\/v2\/tags?post=13035"}],"curies":[{"name":"wp","href":"https:\/\/api.w.org\/{rel}","templated":true}]}}