{"id":13042,"date":"2018-02-26T10:24:06","date_gmt":"2018-02-26T13:24:06","guid":{"rendered":"http:\/\/blog.cancaonova.com\/brasilia\/?p=13042"},"modified":"2020-02-05T17:20:56","modified_gmt":"2020-02-05T20:20:56","slug":"encontro-de-cura-e-libertacao-com-ir-maria-eunice-e-robinho-coelho","status":"publish","type":"post","link":"https:\/\/blog.cancaonova.com\/brasilia\/encontro-de-cura-e-libertacao-com-ir-maria-eunice-e-robinho-coelho\/","title":{"rendered":"Encontro de Cura e Liberta\u00e7\u00e3o com Ir. Maria Eunice e Robinho Coelho"},"content":{"rendered":"<p>Venha participar do <strong>Encontro de Cura e Liberta\u00e7\u00e3o<\/strong> da Comunidade Can\u00e7\u00e3o Nova nos dias 17 e 18 de mar\u00e7o.<\/p>\n<p>Ser\u00e3o dois dias de ora\u00e7\u00e3o com Irm\u00e3 Maria Eunice, Robinho Coelho, Padre Gilberto Duarte e Frei Josu\u00e9, suplicando ao Senhor que derrame suas ben\u00e7\u00e3os sobre n\u00f3s e nossas fam\u00edlias!!!<\/p>\n<p>INGRESSOS: \u00e0 venda na loja Can\u00e7\u00e3o Nova &#8211; Quadra 502 W-3 sul e Livraria Jo\u00e3o Paulo II &#8211; C12 Taguatinga Centro.<\/p>\n<p>INFORMA\u00c7\u00d5ES: (61) 3252-7050 \/ (61) 99372-8680 \/ (61) 3039-7565<\/p>\n<p><img loading=\"lazy\" decoding=\"async\" class=\"aligncenter  wp-image-13043\" src=\"http:\/\/blog.cancaonova.com\/brasilia\/files\/2018\/02\/WhatsApp-Image-2018-02-11-at-16.33.54.jpeg\" alt=\"\" width=\"631\" height=\"631\" srcset=\"https:\/\/blog.cancaonova.com\/brasilia\/files\/2018\/02\/WhatsApp-Image-2018-02-11-at-16.33.54.jpeg 1000w, https:\/\/blog.cancaonova.com\/brasilia\/files\/2018\/02\/WhatsApp-Image-2018-02-11-at-16.33.54-290x290.jpeg 290w, https:\/\/blog.cancaonova.com\/brasilia\/files\/2018\/02\/WhatsApp-Image-2018-02-11-at-16.33.54-300x300.jpeg 300w, https:\/\/blog.cancaonova.com\/brasilia\/files\/2018\/02\/WhatsApp-Image-2018-02-11-at-16.33.54-768x768.jpeg 768w, https:\/\/blog.cancaonova.com\/brasilia\/files\/2018\/02\/WhatsApp-Image-2018-02-11-at-16.33.54-144x144.jpeg 144w, https:\/\/blog.cancaonova.com\/brasilia\/files\/2018\/02\/WhatsApp-Image-2018-02-11-at-16.33.54-150x150.jpeg 150w\" sizes=\"(max-width: 631px) 100vw, 631px\" \/><\/p>\n","protected":false},"excerpt":{"rendered":"<p>Venha participar do Encontro de Cura e Liberta\u00e7\u00e3o da Comunidade Can\u00e7\u00e3o Nova nos dias 17 e 18 de mar\u00e7o. Ser\u00e3o dois dias de ora\u00e7\u00e3o com Irm\u00e3 Maria Eunice, Robinho Coelho, Padre Gilberto Duarte e Frei Josu\u00e9, suplicando ao Senhor que&#8230;<\/p>\n","protected":false},"author":1361,"featured_media":0,"comment_status":"open","ping_status":"closed","sticky":false,"template":"","format":"standard","meta":{"_mi_skip_tracking":false,"_monsterinsights_sitenote_active":false,"_monsterinsights_sitenote_note":"","_monsterinsights_sitenote_category":0,"footnotes":""},"categories":[10341],"tags":[],"_links":{"self":[{"href":"https:\/\/blog.cancaonova.com\/brasilia\/wp-json\/wp\/v2\/posts\/13042"}],"collection":[{"href":"https:\/\/blog.cancaonova.com\/brasilia\/wp-json\/wp\/v2\/posts"}],"about":[{"href":"https:\/\/blog.cancaonova.com\/brasilia\/wp-json\/wp\/v2\/types\/post"}],"author":[{"embeddable":true,"href":"https:\/\/blog.cancaonova.com\/brasilia\/wp-json\/wp\/v2\/users\/1361"}],"replies":[{"embeddable":true,"href":"https:\/\/blog.cancaonova.com\/brasilia\/wp-json\/wp\/v2\/comments?post=13042"}],"version-history":[{"count":1,"href":"https:\/\/blog.cancaonova.com\/brasilia\/wp-json\/wp\/v2\/posts\/13042\/revisions"}],"predecessor-version":[{"id":13044,"href":"https:\/\/blog.cancaonova.com\/brasilia\/wp-json\/wp\/v2\/posts\/13042\/revisions\/13044"}],"wp:attachment":[{"href":"https:\/\/blog.cancaonova.com\/brasilia\/wp-json\/wp\/v2\/media?parent=13042"}],"wp:term":[{"taxonomy":"category","embeddable":true,"href":"https:\/\/blog.cancaonova.com\/brasilia\/wp-json\/wp\/v2\/categories?post=13042"},{"taxonomy":"post_tag","embeddable":true,"href":"https:\/\/blog.cancaonova.com\/brasilia\/wp-json\/wp\/v2\/tags?post=13042"}],"curies":[{"name":"wp","href":"https:\/\/api.w.org\/{rel}","templated":true}]}}