{"id":13049,"date":"2018-03-05T14:08:24","date_gmt":"2018-03-05T17:08:24","guid":{"rendered":"http:\/\/blog.cancaonova.com\/brasilia\/?p=13049"},"modified":"2020-02-05T17:20:54","modified_gmt":"2020-02-05T20:20:54","slug":"bazar-cancao-nova-10-de-marco","status":"publish","type":"post","link":"https:\/\/blog.cancaonova.com\/brasilia\/bazar-cancao-nova-10-de-marco\/","title":{"rendered":"Bazar Can\u00e7\u00e3o Nova - 10 de mar\u00e7o"},"content":{"rendered":"<p><span style=\"color: #000000\">Todos os meses contamos com a ajuda de cada s\u00f3cio para alcan\u00e7armos os 100%. Cada iniciativa, cada gesto compreendemos que \u00e9 manifesta\u00e7\u00e3o do amor por essa obra Can\u00e7\u00e3o Nova. Deus quis que depend\u00eassemos da ajuda dos amigos e cada um ajuda da forma que pode.<\/span><\/p>\n<p><span style=\"color: #000000\">No<strong> Bazar Can\u00e7\u00e3o Nova<\/strong> voc\u00ea pode encontrar v\u00e1rias coisas boas em bom funcionamento, desde utens\u00edlios, roupas,sapatos e m\u00f3veis com um pre\u00e7o bem em conta.&nbsp;<\/span><\/p>\n<p><span style=\"color: #000000\">N\u00e3o deixe de ir nos visitar em nosso bazar l\u00e1 voc\u00ea pode encontrar o que est\u00e1 precisando e ainda ajudar a Can\u00e7\u00e3o Nova!<\/span><\/p>\n<p style=\"text-align: left\"><strong><span style=\"color: #000000\">Data: 10 de mar\u00e7o<\/span><\/strong><\/p>\n<p style=\"text-align: left\"><strong><span style=\"color: #000000\">Hor\u00e1rio: 8h30 \u00e0s 12h.<\/span><\/strong><\/p>\n<p style=\"text-align: left\"><strong><span style=\"color: #000000\">Local:&nbsp;Sal\u00e3o do Santu\u00e1rio Dom Bosco &#8211;&nbsp;SEPS Quadra 702 Asa Sul Bloco B<\/span><\/strong><\/p>\n<p style=\"text-align: center\"><strong>Mais informa\u00e7\u00f5es: <\/strong><\/p>\n<p style=\"text-align: center\"><strong>(61) 3252-7050\/ (61) 99372-8680<\/strong><\/p>\n<p>&nbsp;<\/p>\n<p><img loading=\"lazy\" decoding=\"async\" class=\"aligncenter size-full wp-image-13050\" src=\"http:\/\/blog.cancaonova.com\/brasilia\/files\/2018\/03\/WhatsApp-Image-2018-02-11-at-16.44.55.jpeg\" alt=\"\" width=\"685\" height=\"554\" srcset=\"https:\/\/blog.cancaonova.com\/brasilia\/files\/2018\/03\/WhatsApp-Image-2018-02-11-at-16.44.55.jpeg 685w, https:\/\/blog.cancaonova.com\/brasilia\/files\/2018\/03\/WhatsApp-Image-2018-02-11-at-16.44.55-300x243.jpeg 300w\" sizes=\"(max-width: 685px) 100vw, 685px\" \/><\/p>\n","protected":false},"excerpt":{"rendered":"<p>Todos os meses contamos com a ajuda de cada s\u00f3cio para alcan\u00e7armos os 100%. Cada iniciativa, cada gesto compreendemos que \u00e9 manifesta\u00e7\u00e3o do amor por essa obra Can\u00e7\u00e3o Nova. Deus quis que depend\u00eassemos da ajuda dos amigos e cada um&#8230;<\/p>\n","protected":false},"author":1361,"featured_media":0,"comment_status":"open","ping_status":"closed","sticky":false,"template":"","format":"standard","meta":{"_mi_skip_tracking":false,"_monsterinsights_sitenote_active":false,"_monsterinsights_sitenote_note":"","_monsterinsights_sitenote_category":0,"footnotes":""},"categories":[10341],"tags":[],"_links":{"self":[{"href":"https:\/\/blog.cancaonova.com\/brasilia\/wp-json\/wp\/v2\/posts\/13049"}],"collection":[{"href":"https:\/\/blog.cancaonova.com\/brasilia\/wp-json\/wp\/v2\/posts"}],"about":[{"href":"https:\/\/blog.cancaonova.com\/brasilia\/wp-json\/wp\/v2\/types\/post"}],"author":[{"embeddable":true,"href":"https:\/\/blog.cancaonova.com\/brasilia\/wp-json\/wp\/v2\/users\/1361"}],"replies":[{"embeddable":true,"href":"https:\/\/blog.cancaonova.com\/brasilia\/wp-json\/wp\/v2\/comments?post=13049"}],"version-history":[{"count":1,"href":"https:\/\/blog.cancaonova.com\/brasilia\/wp-json\/wp\/v2\/posts\/13049\/revisions"}],"predecessor-version":[{"id":13051,"href":"https:\/\/blog.cancaonova.com\/brasilia\/wp-json\/wp\/v2\/posts\/13049\/revisions\/13051"}],"wp:attachment":[{"href":"https:\/\/blog.cancaonova.com\/brasilia\/wp-json\/wp\/v2\/media?parent=13049"}],"wp:term":[{"taxonomy":"category","embeddable":true,"href":"https:\/\/blog.cancaonova.com\/brasilia\/wp-json\/wp\/v2\/categories?post=13049"},{"taxonomy":"post_tag","embeddable":true,"href":"https:\/\/blog.cancaonova.com\/brasilia\/wp-json\/wp\/v2\/tags?post=13049"}],"curies":[{"name":"wp","href":"https:\/\/api.w.org\/{rel}","templated":true}]}}