{"id":13053,"date":"2018-03-13T11:50:41","date_gmt":"2018-03-13T14:50:41","guid":{"rendered":"http:\/\/blog.cancaonova.com\/brasilia\/?p=13053"},"modified":"2020-02-05T17:20:52","modified_gmt":"2020-02-05T20:20:52","slug":"missa-da-familia-cancao-nova-14-de-marco","status":"publish","type":"post","link":"https:\/\/blog.cancaonova.com\/brasilia\/missa-da-familia-cancao-nova-14-de-marco\/","title":{"rendered":"Missa da Fam\u00edlia Can\u00e7\u00e3o Nova - 14 de mar\u00e7o"},"content":{"rendered":"<p>N\u00e3o perca a missa da Fam\u00edlia Can\u00e7\u00e3o Nova, no dia 14 de mar\u00e7o, \u00e0s 20h00, na Par\u00f3quia S\u00e3o Vicente de Paulo em Taguatinga Sul.<\/p>\n<p>A missa ser\u00e1 presidida pelo Padre Gilberto Duarte da comunidade Can\u00e7\u00e3o Nova. Participe e d\u00ea o seu algo a mais para juntos chegarmos aos 100% do Projeto Dai-me Almas.<\/p>\n<p>N\u00f3s esperamos por voc\u00ea!!!&nbsp;<br \/>\nTraga sua fam\u00edlia e convide os seus amigos.<\/p>\n<p><img loading=\"lazy\" decoding=\"async\" class=\"aligncenter  wp-image-13054\" src=\"http:\/\/blog.cancaonova.com\/brasilia\/files\/2018\/03\/WhatsApp-Image-2018-02-23-at-11.42.51.jpeg\" alt=\"\" width=\"714\" height=\"714\" srcset=\"https:\/\/blog.cancaonova.com\/brasilia\/files\/2018\/03\/WhatsApp-Image-2018-02-23-at-11.42.51.jpeg 1000w, https:\/\/blog.cancaonova.com\/brasilia\/files\/2018\/03\/WhatsApp-Image-2018-02-23-at-11.42.51-290x290.jpeg 290w, https:\/\/blog.cancaonova.com\/brasilia\/files\/2018\/03\/WhatsApp-Image-2018-02-23-at-11.42.51-300x300.jpeg 300w, https:\/\/blog.cancaonova.com\/brasilia\/files\/2018\/03\/WhatsApp-Image-2018-02-23-at-11.42.51-768x768.jpeg 768w, https:\/\/blog.cancaonova.com\/brasilia\/files\/2018\/03\/WhatsApp-Image-2018-02-23-at-11.42.51-144x144.jpeg 144w, https:\/\/blog.cancaonova.com\/brasilia\/files\/2018\/03\/WhatsApp-Image-2018-02-23-at-11.42.51-150x150.jpeg 150w\" sizes=\"(max-width: 714px) 100vw, 714px\" \/><\/p>\n","protected":false},"excerpt":{"rendered":"<p>N\u00e3o perca a missa da Fam\u00edlia Can\u00e7\u00e3o Nova, no dia 14 de mar\u00e7o, \u00e0s 20h00, na Par\u00f3quia S\u00e3o Vicente de Paulo em Taguatinga Sul. A missa ser\u00e1 presidida pelo Padre Gilberto Duarte da comunidade Can\u00e7\u00e3o Nova. Participe e d\u00ea o&#8230;<\/p>\n","protected":false},"author":1361,"featured_media":0,"comment_status":"open","ping_status":"closed","sticky":false,"template":"","format":"standard","meta":{"_mi_skip_tracking":false,"_monsterinsights_sitenote_active":false,"_monsterinsights_sitenote_note":"","_monsterinsights_sitenote_category":0,"footnotes":""},"categories":[10341],"tags":[],"_links":{"self":[{"href":"https:\/\/blog.cancaonova.com\/brasilia\/wp-json\/wp\/v2\/posts\/13053"}],"collection":[{"href":"https:\/\/blog.cancaonova.com\/brasilia\/wp-json\/wp\/v2\/posts"}],"about":[{"href":"https:\/\/blog.cancaonova.com\/brasilia\/wp-json\/wp\/v2\/types\/post"}],"author":[{"embeddable":true,"href":"https:\/\/blog.cancaonova.com\/brasilia\/wp-json\/wp\/v2\/users\/1361"}],"replies":[{"embeddable":true,"href":"https:\/\/blog.cancaonova.com\/brasilia\/wp-json\/wp\/v2\/comments?post=13053"}],"version-history":[{"count":1,"href":"https:\/\/blog.cancaonova.com\/brasilia\/wp-json\/wp\/v2\/posts\/13053\/revisions"}],"predecessor-version":[{"id":13055,"href":"https:\/\/blog.cancaonova.com\/brasilia\/wp-json\/wp\/v2\/posts\/13053\/revisions\/13055"}],"wp:attachment":[{"href":"https:\/\/blog.cancaonova.com\/brasilia\/wp-json\/wp\/v2\/media?parent=13053"}],"wp:term":[{"taxonomy":"category","embeddable":true,"href":"https:\/\/blog.cancaonova.com\/brasilia\/wp-json\/wp\/v2\/categories?post=13053"},{"taxonomy":"post_tag","embeddable":true,"href":"https:\/\/blog.cancaonova.com\/brasilia\/wp-json\/wp\/v2\/tags?post=13053"}],"curies":[{"name":"wp","href":"https:\/\/api.w.org\/{rel}","templated":true}]}}