{"id":13056,"date":"2018-03-13T15:04:36","date_gmt":"2018-03-13T18:04:36","guid":{"rendered":"http:\/\/blog.cancaonova.com\/brasilia\/?p=13056"},"modified":"2020-02-05T17:20:51","modified_gmt":"2020-02-05T20:20:51","slug":"promocao-meleva-para-o-acampamento-da-semana-santa","status":"publish","type":"post","link":"https:\/\/blog.cancaonova.com\/brasilia\/promocao-meleva-para-o-acampamento-da-semana-santa\/","title":{"rendered":"Promo\u00e7\u00e3o #MeLeva para o Acampamento da Semana Santa"},"content":{"rendered":"<p>\u26d4VOC\u00ca QUER PASSAR A <strong>SEMANA SANTA NA CAN\u00c7\u00c3O NOVA<\/strong> EM CACHOEIRA PAULISTA\u2753&nbsp;ENT\u00c3O, N\u00c3O PERCA ESSA PROMO\u00c7\u00c3O! \ud83d\ude0d\ud83d\ude03\ud83d\ude04\u2b07\u2b07<\/p>\n<p style=\"text-align: left\">Adquirindo qualquer produto na<strong> Loja Can\u00e7\u00e3o Nova &#8211; 502 sul<\/strong> a partir de <strong><span style=\"color: #ff0000\">R$ 30<\/span> <\/strong>voc\u00ea pode concorrer a duas vagas na Caravana de Acampamento da Semana Santa.<\/p>\n<p style=\"text-align: center\">O sorteio ser\u00e1 feito no dia <strong>18 de mar\u00e7o<\/strong> na nossa pr\u00f3pria Loja.&nbsp;<br \/>\n<a href=\"https:\/\/www.instagram.com\/explore\/tags\/lojacancaonova\/\">#lojacancaonova<\/a>&nbsp;<a href=\"https:\/\/www.instagram.com\/explore\/tags\/semanasanta\/\">#semanasanta&nbsp;<\/a><a href=\"https:\/\/www.instagram.com\/explore\/tags\/caravanacan%C3%A7%C3%A3onova\/\">#caravanacan\u00e7\u00e3onova<\/a><\/p>\n<p><img loading=\"lazy\" decoding=\"async\" class=\"aligncenter wp-image-13057\" src=\"http:\/\/blog.cancaonova.com\/brasilia\/files\/2018\/03\/C\u00f3pia-de-SORTEIO-3.png\" alt=\"\" width=\"644\" height=\"644\" srcset=\"https:\/\/blog.cancaonova.com\/brasilia\/files\/2018\/03\/C\u00f3pia-de-SORTEIO-3.png 800w, https:\/\/blog.cancaonova.com\/brasilia\/files\/2018\/03\/C\u00f3pia-de-SORTEIO-3-290x290.png 290w, https:\/\/blog.cancaonova.com\/brasilia\/files\/2018\/03\/C\u00f3pia-de-SORTEIO-3-300x300.png 300w, https:\/\/blog.cancaonova.com\/brasilia\/files\/2018\/03\/C\u00f3pia-de-SORTEIO-3-768x768.png 768w, https:\/\/blog.cancaonova.com\/brasilia\/files\/2018\/03\/C\u00f3pia-de-SORTEIO-3-144x144.png 144w, https:\/\/blog.cancaonova.com\/brasilia\/files\/2018\/03\/C\u00f3pia-de-SORTEIO-3-150x150.png 150w\" sizes=\"(max-width: 644px) 100vw, 644px\" \/><\/p>\n<p>&nbsp;<\/p>\n<h2><strong>Assista ao v\u00eddeo:&nbsp;<\/strong><\/h2>\n<p><iframe loading=\"lazy\" title=\"Saiba como participar da Semana Santa na Can\u00c3\u00a7\u00c3\u00a3o Nova\" width=\"600\" height=\"338\" src=\"https:\/\/www.youtube.com\/embed\/P6nOGSQ7FRM?feature=oembed&amp;rel=0\" frameborder=\"0\" allow=\"accelerometer; autoplay; clipboard-write; encrypted-media; gyroscope; picture-in-picture; web-share\" referrerpolicy=\"strict-origin-when-cross-origin\" allowfullscreen><\/iframe><\/p>\n","protected":false},"excerpt":{"rendered":"<p>\u26d4VOC\u00ca QUER PASSAR A SEMANA SANTA NA CAN\u00c7\u00c3O NOVA EM CACHOEIRA PAULISTA\u2753&nbsp;ENT\u00c3O, N\u00c3O PERCA ESSA PROMO\u00c7\u00c3O! \ud83d\ude0d\ud83d\ude03\ud83d\ude04\u2b07\u2b07 Adquirindo qualquer produto na Loja Can\u00e7\u00e3o Nova &#8211; 502 sul a partir de R$ 30 voc\u00ea pode concorrer a duas vagas na Caravana&#8230;<\/p>\n","protected":false},"author":1361,"featured_media":0,"comment_status":"open","ping_status":"closed","sticky":false,"template":"","format":"standard","meta":{"_mi_skip_tracking":false,"_monsterinsights_sitenote_active":false,"_monsterinsights_sitenote_note":"","_monsterinsights_sitenote_category":0,"footnotes":""},"categories":[10341],"tags":[],"_links":{"self":[{"href":"https:\/\/blog.cancaonova.com\/brasilia\/wp-json\/wp\/v2\/posts\/13056"}],"collection":[{"href":"https:\/\/blog.cancaonova.com\/brasilia\/wp-json\/wp\/v2\/posts"}],"about":[{"href":"https:\/\/blog.cancaonova.com\/brasilia\/wp-json\/wp\/v2\/types\/post"}],"author":[{"embeddable":true,"href":"https:\/\/blog.cancaonova.com\/brasilia\/wp-json\/wp\/v2\/users\/1361"}],"replies":[{"embeddable":true,"href":"https:\/\/blog.cancaonova.com\/brasilia\/wp-json\/wp\/v2\/comments?post=13056"}],"version-history":[{"count":3,"href":"https:\/\/blog.cancaonova.com\/brasilia\/wp-json\/wp\/v2\/posts\/13056\/revisions"}],"predecessor-version":[{"id":13060,"href":"https:\/\/blog.cancaonova.com\/brasilia\/wp-json\/wp\/v2\/posts\/13056\/revisions\/13060"}],"wp:attachment":[{"href":"https:\/\/blog.cancaonova.com\/brasilia\/wp-json\/wp\/v2\/media?parent=13056"}],"wp:term":[{"taxonomy":"category","embeddable":true,"href":"https:\/\/blog.cancaonova.com\/brasilia\/wp-json\/wp\/v2\/categories?post=13056"},{"taxonomy":"post_tag","embeddable":true,"href":"https:\/\/blog.cancaonova.com\/brasilia\/wp-json\/wp\/v2\/tags?post=13056"}],"curies":[{"name":"wp","href":"https:\/\/api.w.org\/{rel}","templated":true}]}}