{"id":13061,"date":"2018-03-16T15:12:03","date_gmt":"2018-03-16T18:12:03","guid":{"rendered":"http:\/\/blog.cancaonova.com\/brasilia\/?p=13061"},"modified":"2020-02-05T17:20:49","modified_gmt":"2020-02-05T20:20:49","slug":"cancao-nova-brasilia-promove-encontro-de-cura-e-libertacao-neste-final-de-semana","status":"publish","type":"post","link":"https:\/\/blog.cancaonova.com\/brasilia\/cancao-nova-brasilia-promove-encontro-de-cura-e-libertacao-neste-final-de-semana\/","title":{"rendered":"Can\u00e7\u00e3o Nova Bras\u00edlia promove Encontro de Cura e Liberta\u00e7\u00e3o neste final de semana"},"content":{"rendered":"<p style=\"text-align: center\"><strong>Que cura voc\u00ea almeja na sua vida? Do que voc\u00ea precisa se libertar?&nbsp;<\/strong><\/p>\n<p>A comunidade Can\u00e7\u00e3o Nova de Bras\u00edlia promove neste final de semana, dias 17 e 19 de mar\u00e7o, o <strong>Encontro de Cura e Liberta\u00e7\u00e3o<\/strong> com tema<strong><em> &#8220;Escolhe pois a b\u00ean\u00e7\u00e3o&#8221; (Dt 28, 29-30).&nbsp;<\/em><\/strong>Ser\u00e3o dois dias de ora\u00e7\u00e3o suplicando ao Senhor que derrame suas ben\u00e7\u00e3os!<\/p>\n<p>O evento ser\u00e1 realizado no <strong>Col\u00e9gio Marista em Taguatinga Sul<\/strong> e contar\u00e1 com a presen\u00e7a da mission\u00e1ria da Can\u00e7\u00e3o Nova e ministra de&nbsp;Cura Interior e liberta\u00e7\u00e3o, a <strong>Irm\u00e3 Maria Eunice<\/strong>, al\u00e9m do <strong>Padre Gilbertinho<\/strong>, <strong>Frei Josu\u00e9<\/strong> e o cantor <strong>Robinho C\u00f4elho.<\/strong>&nbsp;<\/p>\n<p>O ingresso custa R$ 15 para o final de semana e R$ 10 apenas um dia e ser\u00e1 vendido na entrada do evento.<\/p>\n<p>No local tamb\u00e9m ser\u00e1 vendido almo\u00e7o e lanche e os participantes poder\u00e3o comprar produtos Can\u00e7\u00e3o Nova.&nbsp;<\/p>\n<h2 style=\"text-align: center\"><strong>PROGRAMA\u00c7\u00c3O<\/strong><\/h2>\n<h2 style=\"text-align: center\"><span style=\"color: #ff0000\"><strong>17\/03 \u2013 S\u00e1bado<\/strong><\/span><\/h2>\n<p style=\"text-align: center\">08h00 \u2013 Anima\u00e7\u00e3o \/ Ora\u00e7\u00e3o (Robinho Coelho)<\/p>\n<p style=\"text-align: center\">09h00 \u2013 1\u00aa Prega\u00e7\u00e3o (Irm\u00e3 Maria Eunice)<\/p>\n<p style=\"text-align: center\">10h00 \u2013 Avisos \/ Intervalo<\/p>\n<p style=\"text-align: center\">10h30 \u2013 Retorno \/ Anima\u00e7\u00e3o (Robinho Coelho)<\/p>\n<p style=\"text-align: center\">11h00 \u2013 2\u00aa Prega\u00e7\u00e3o (Irm\u00e3 Maria Eunice)<\/p>\n<p style=\"text-align: center\">11h45 \u2013 Ora\u00e7\u00e3o (Irm\u00e3 Maria Eunice)<\/p>\n<p style=\"text-align: center\">12h30 \u2013 Intervalo \/ Almo\u00e7o<\/p>\n<p style=\"text-align: center\">14h00 \u2013 Retorno \/ Anima\u00e7\u00e3o (Robinho Coelho)<\/p>\n<p style=\"text-align: center\">14h20 \u2013 3\u00aa Prega\u00e7\u00e3o e Adora\u00e7\u00e3o (Frei Josu\u00e9)<\/p>\n<p style=\"text-align: center\">16h00 \u2013 Intervalo<\/p>\n<p style=\"text-align: center\">16h30 \u2013 Santa Missa (Padre Gilberto)<\/p>\n<p style=\"text-align: center\">18h00 \u2013 Encerramento<\/p>\n<p style=\"text-align: center\">&nbsp;<\/p>\n<h2 style=\"text-align: center\"><span style=\"color: #ff0000\"><strong>18\/03 \u2013 Domingo<\/strong><\/span><\/h2>\n<p style=\"text-align: center\">08h00 \u2013 Anima\u00e7\u00e3o \/ Ora\u00e7\u00e3o (Robinho Coelho)<\/p>\n<p style=\"text-align: center\">09h00 \u2013 1\u00aa Prega\u00e7\u00e3o (Irm\u00e3 Maria Eunice)<\/p>\n<p style=\"text-align: center\">10h00 \u2013 Avisos \/ Intervalo<\/p>\n<p style=\"text-align: center\">10h30 \u2013 Retorno \/ Anima\u00e7\u00e3o (Robinho Coelho)<\/p>\n<p style=\"text-align: center\">11h00 \u2013 Adora\u00e7\u00e3o (Padre Gilberto e Irm\u00e3 Maria Eunice)<\/p>\n<p style=\"text-align: center\">12h00 \u2013 Intervalo \/ Almo\u00e7o<\/p>\n<p style=\"text-align: center\">14h00 \u2013 Santa Missa (Padre Gilberto)<\/p>\n<p style=\"text-align: center\">16h00 \u2013 Encerramento<\/p>\n<p style=\"text-align: center\"><strong>Local: Col\u00e9gio Marista &#8211;&nbsp;QSD &#8211; \u00c1rea Especial 01, S\/N &#8211; Taguatinga, Bras\u00edlia &#8211; DF, 71001-970<\/strong><\/p>\n<p><img loading=\"lazy\" decoding=\"async\" class=\"aligncenter size-full wp-image-13043\" src=\"http:\/\/blog.cancaonova.com\/brasilia\/files\/2018\/02\/WhatsApp-Image-2018-02-11-at-16.33.54.jpeg\" alt=\"\" width=\"1000\" height=\"1000\" srcset=\"https:\/\/blog.cancaonova.com\/brasilia\/files\/2018\/02\/WhatsApp-Image-2018-02-11-at-16.33.54.jpeg 1000w, https:\/\/blog.cancaonova.com\/brasilia\/files\/2018\/02\/WhatsApp-Image-2018-02-11-at-16.33.54-290x290.jpeg 290w, https:\/\/blog.cancaonova.com\/brasilia\/files\/2018\/02\/WhatsApp-Image-2018-02-11-at-16.33.54-300x300.jpeg 300w, https:\/\/blog.cancaonova.com\/brasilia\/files\/2018\/02\/WhatsApp-Image-2018-02-11-at-16.33.54-768x768.jpeg 768w, https:\/\/blog.cancaonova.com\/brasilia\/files\/2018\/02\/WhatsApp-Image-2018-02-11-at-16.33.54-144x144.jpeg 144w, https:\/\/blog.cancaonova.com\/brasilia\/files\/2018\/02\/WhatsApp-Image-2018-02-11-at-16.33.54-150x150.jpeg 150w\" sizes=\"(max-width: 1000px) 100vw, 1000px\" \/><\/p>\n<p>&nbsp;<\/p>\n","protected":false},"excerpt":{"rendered":"<p>Que cura voc\u00ea almeja na sua vida? Do que voc\u00ea precisa se libertar?&nbsp; A comunidade Can\u00e7\u00e3o Nova de Bras\u00edlia promove neste final de semana, dias 17 e 19 de mar\u00e7o, o Encontro de Cura e Liberta\u00e7\u00e3o com tema &#8220;Escolhe pois&#8230;<\/p>\n","protected":false},"author":1361,"featured_media":0,"comment_status":"open","ping_status":"closed","sticky":false,"template":"","format":"standard","meta":{"_mi_skip_tracking":false,"_monsterinsights_sitenote_active":false,"_monsterinsights_sitenote_note":"","_monsterinsights_sitenote_category":0,"footnotes":""},"categories":[10341],"tags":[],"_links":{"self":[{"href":"https:\/\/blog.cancaonova.com\/brasilia\/wp-json\/wp\/v2\/posts\/13061"}],"collection":[{"href":"https:\/\/blog.cancaonova.com\/brasilia\/wp-json\/wp\/v2\/posts"}],"about":[{"href":"https:\/\/blog.cancaonova.com\/brasilia\/wp-json\/wp\/v2\/types\/post"}],"author":[{"embeddable":true,"href":"https:\/\/blog.cancaonova.com\/brasilia\/wp-json\/wp\/v2\/users\/1361"}],"replies":[{"embeddable":true,"href":"https:\/\/blog.cancaonova.com\/brasilia\/wp-json\/wp\/v2\/comments?post=13061"}],"version-history":[{"count":2,"href":"https:\/\/blog.cancaonova.com\/brasilia\/wp-json\/wp\/v2\/posts\/13061\/revisions"}],"predecessor-version":[{"id":13069,"href":"https:\/\/blog.cancaonova.com\/brasilia\/wp-json\/wp\/v2\/posts\/13061\/revisions\/13069"}],"wp:attachment":[{"href":"https:\/\/blog.cancaonova.com\/brasilia\/wp-json\/wp\/v2\/media?parent=13061"}],"wp:term":[{"taxonomy":"category","embeddable":true,"href":"https:\/\/blog.cancaonova.com\/brasilia\/wp-json\/wp\/v2\/categories?post=13061"},{"taxonomy":"post_tag","embeddable":true,"href":"https:\/\/blog.cancaonova.com\/brasilia\/wp-json\/wp\/v2\/tags?post=13061"}],"curies":[{"name":"wp","href":"https:\/\/api.w.org\/{rel}","templated":true}]}}