{"id":13066,"date":"2018-03-16T15:19:33","date_gmt":"2018-03-16T18:19:33","guid":{"rendered":"http:\/\/blog.cancaonova.com\/brasilia\/?p=13066"},"modified":"2020-02-05T17:20:47","modified_gmt":"2020-02-05T20:20:47","slug":"segundo-dia-do-triduo-de-sao-jose","status":"publish","type":"post","link":"https:\/\/blog.cancaonova.com\/brasilia\/segundo-dia-do-triduo-de-sao-jose\/","title":{"rendered":"Segundo dia do Tr\u00edduo de S\u00e3o Jos\u00e9"},"content":{"rendered":"<p><strong><img loading=\"lazy\" decoding=\"async\" class=\"size-full wp-image-13067 alignleft\" src=\"http:\/\/blog.cancaonova.com\/brasilia\/files\/2018\/03\/S\u00e3o-Jos\u00e9-festa.jpg\" alt=\"\" width=\"306\" height=\"322\" srcset=\"https:\/\/blog.cancaonova.com\/brasilia\/files\/2018\/03\/S\u00e3o-Jos\u00e9-festa.jpg 306w, https:\/\/blog.cancaonova.com\/brasilia\/files\/2018\/03\/S\u00e3o-Jos\u00e9-festa-285x300.jpg 285w\" sizes=\"(max-width: 306px) 100vw, 306px\" \/>Tr\u00edduo de S\u00e3o Jos\u00e9 \u2013 Segundo dia<\/strong><\/p>\n<p><strong>Pelo sinal da santa cruz livrai-nos Deus de nossos inimigos.<\/strong><\/p>\n<ol>\n<li>Benditos e amados sejam os dulc\u00edssimos nomes de Jesus, Maria e Jos\u00e9.<\/li>\n<li>Am\u00e9m.<\/li>\n<\/ol>\n<p><strong>Ora\u00e7\u00e3o Inicial para todos os dias<\/strong><\/p>\n<p>A V\u00f3s recorremos, bondoso Patriarca, e com todo o fervor de nosso afligido Cora\u00e7\u00e3o vos pedimos que, deste trono de gl\u00f3ria em que vos colocaram vossas virtudes e merecimentos, escuteis propicio nossas s\u00faplicas e tenhais piedade de n\u00f3s.<\/p>\n<p>Humildemente confessamos que nossas tribula\u00e7\u00f5es s\u00e3o penas de nossas culpas; por isso com dor de cora\u00e7\u00e3o, pedimos a Deus perd\u00e3o de todas elas.<\/p>\n<p>Amoroso S\u00e3o Jos\u00e9, pelo amor que professais a vosso Jesus e Maria e pela autoridade que sobre eles exercestes aqui na terra, intercede agora por n\u00f3s no c\u00e9u, escutando nossas peti\u00e7\u00f5es e apresentando-as vos mesmo a vossa Esposa Imaculada e a vosso Divino Filho para que sejam favoravelmente ouvidas, para maior gl\u00f3ria de Deus e santifica\u00e7\u00e3o de nossas almas. Am\u00e9m.<\/p>\n<p>Cast\u00edssimo esposo da virgem Maria e am\u00e1vel protetor meu S\u00e3o Jos\u00e9!, que jamais se ouviu dizer que algu\u00e9m j\u00e1 tenha invocado vossa prote\u00e7\u00e3o e implorado vosso auxilio sem haver sido consolado. Cheio de confian\u00e7a em vosso poder, j\u00e1 que exercestes com Jesus o cargo de Pai, venho a vossa presen\u00e7a e me encomendo a Vos com todo fervor. N\u00e3o desprezeis minhas s\u00faplicas, antes bem, acolhei-as e dignai-vos atende-las piedosamente. Am\u00e9m.<\/p>\n<p style=\"font-weight: 400\"><strong>Segundo Dia<\/strong><\/p>\n<p style=\"font-weight: 400\">Ao vossos p\u00e9s nos prostramos com o mais humilde afeto, oh incompar\u00e1vel protetor nosso S\u00e3o Jos\u00e9!, confiando em vosso eficaz patroc\u00ednio.<\/p>\n<p style=\"font-weight: 400\">Dirige, oh grande Santo! Um olhar amoroso sobre n\u00f3s, miser\u00e1veis pecadores filhos de Eva, e alcan\u00e7ai-nos a gra\u00e7a que vos pedimos juntamente com as tr\u00eas virtudes de: terna piedade, gratid\u00e3o aos divinos benef\u00edcios e firme confian\u00e7a em Deus, que tanto e com tanto fruto praticastes v\u00f3s mesmo, a fim de que enriquecidos com elas, possamos expirar docemente nos bra\u00e7os de Jesus e Maria, e chegarmos depois em vossa companhia no c\u00e9u, por toda a eternidade. Am\u00e9m.<\/p>\n<p style=\"font-weight: 400\">Pede-se a gra\u00e7a que se deseja.<\/p>\n<p style=\"font-weight: 400\">Rezar sete Pai-Nosso e Ave-Marias em mem\u00f3ria de os sete dores e alegrias de S\u00e3o Jos\u00e9.<\/p>\n<p>&nbsp;<\/p>\n<p><strong>Ora\u00e7\u00e3o Final para todos os dias<\/strong><\/p>\n<p>Glorios\u00edssimo Patriarca S\u00e3o Jos\u00e9, cast\u00edssimo Esposo da M\u00e3e de Deus;<\/p>\n<p>Ao vosso amparo acudimos, n\u00e3o desprezais nossas s\u00faplicas e livrai-nos de todos os perigos.<\/p>\n<ol>\n<li>Bendito Patriarca S\u00e3o Jos\u00e9, rogai por n\u00f3s.<\/li>\n<li>Para que sejamos dignos da gra\u00e7a que imploramos.<\/li>\n<\/ol>\n<p>Sant\u00edssima Virgem Maria, M\u00e3e de Deus e M\u00e3e nossa, uni vossos rogos aos de vosso cast\u00edssimo Esposo e pelos maternais cuidados que dedicastes ao Menino Jesus, intercedei e rogai por n\u00f3s para que sejamos dignos de alcan\u00e7ar a gra\u00e7a que vos pedimos.<\/p>\n<p>Sacrat\u00edssimo Cora\u00e7\u00e3o de Jesus, ouvi benigno as s\u00faplicas de Maria, cheia de gra\u00e7a, e de Jos\u00e9, var\u00e3o justo, para que por sua intercess\u00e3o logremos o favor solicitado, se for para a maior honra e gl\u00f3ria vossa e bem de nossas almas.<\/p>\n<p>V\u00f3s que viveis e reinais por todos os s\u00e9culos dos s\u00e9culos. Am\u00e9m.<\/p>\n","protected":false},"excerpt":{"rendered":"<p>Tr\u00edduo de S\u00e3o Jos\u00e9 \u2013 Segundo dia Pelo sinal da santa cruz livrai-nos Deus de nossos inimigos. Benditos e amados sejam os dulc\u00edssimos nomes de Jesus, Maria e Jos\u00e9. Am\u00e9m. Ora\u00e7\u00e3o Inicial para todos os dias A V\u00f3s recorremos, bondoso&#8230;<\/p>\n","protected":false},"author":1361,"featured_media":0,"comment_status":"open","ping_status":"closed","sticky":false,"template":"","format":"standard","meta":{"_mi_skip_tracking":false,"_monsterinsights_sitenote_active":false,"_monsterinsights_sitenote_note":"","_monsterinsights_sitenote_category":0,"footnotes":""},"categories":[10341],"tags":[],"_links":{"self":[{"href":"https:\/\/blog.cancaonova.com\/brasilia\/wp-json\/wp\/v2\/posts\/13066"}],"collection":[{"href":"https:\/\/blog.cancaonova.com\/brasilia\/wp-json\/wp\/v2\/posts"}],"about":[{"href":"https:\/\/blog.cancaonova.com\/brasilia\/wp-json\/wp\/v2\/types\/post"}],"author":[{"embeddable":true,"href":"https:\/\/blog.cancaonova.com\/brasilia\/wp-json\/wp\/v2\/users\/1361"}],"replies":[{"embeddable":true,"href":"https:\/\/blog.cancaonova.com\/brasilia\/wp-json\/wp\/v2\/comments?post=13066"}],"version-history":[{"count":1,"href":"https:\/\/blog.cancaonova.com\/brasilia\/wp-json\/wp\/v2\/posts\/13066\/revisions"}],"predecessor-version":[{"id":13068,"href":"https:\/\/blog.cancaonova.com\/brasilia\/wp-json\/wp\/v2\/posts\/13066\/revisions\/13068"}],"wp:attachment":[{"href":"https:\/\/blog.cancaonova.com\/brasilia\/wp-json\/wp\/v2\/media?parent=13066"}],"wp:term":[{"taxonomy":"category","embeddable":true,"href":"https:\/\/blog.cancaonova.com\/brasilia\/wp-json\/wp\/v2\/categories?post=13066"},{"taxonomy":"post_tag","embeddable":true,"href":"https:\/\/blog.cancaonova.com\/brasilia\/wp-json\/wp\/v2\/tags?post=13066"}],"curies":[{"name":"wp","href":"https:\/\/api.w.org\/{rel}","templated":true}]}}