{"id":13277,"date":"2019-11-04T15:39:05","date_gmt":"2019-11-04T18:39:05","guid":{"rendered":"http:\/\/blog.cancaonova.com\/brasilia\/?p=13277"},"modified":"2020-02-05T17:20:36","modified_gmt":"2020-02-05T20:20:36","slug":"kairos-clamando-por-milagres","status":"publish","type":"post","link":"https:\/\/blog.cancaonova.com\/brasilia\/kairos-clamando-por-milagres\/","title":{"rendered":"Kair\u00f3s \"Clamando por Milagres\""},"content":{"rendered":"<h2>Kair\u00f3s &#8220;Clamando por Milagres&#8221;<\/h2>\n<h1>A Can\u00e7\u00e3o Nova Bras\u00edlia convida voc\u00ea para um dia de Ora\u00e7\u00e3o Clamando por Milagres, onde estaremos todos unidos em um grande movimento de ora\u00e7\u00e3o, com padre Edimilson Lopes e Thiago Tom\u00e9.<\/h1>\n<h1>Domingo dia 10 de novembro no Col\u00e9gio Marista em Taguatinga Sul.<\/h1>\n<h1>Ingressos na loja Can\u00e7\u00e3o Nova W3 Sul 3322-8291<\/h1>\n<h1>Pit Stop Motos Planaltina DF 3049-6878<\/h1>\n<h1>Livraria Jo\u00e3o Paulo II Taguatinga 3039-7565<\/h1>\n<p>&nbsp;<\/p>\n<h1>Outras informa\u00e7\u00f5es: 3322-8291<\/h1>\n<h1>PROGRAMA\u00c7\u00c3O<\/h1>\n<p>Kair\u00f3s \u201cClamando por Milagres\u201d<br \/>\n10 de novembro de 2019<\/p>\n<p>08h00 &#8211; Anima\u00e7\u00e3o e Ora\u00e7\u00e3o com Minist\u00e9rio de M\u00fasica CN e Thiago Tom\u00e9<br \/>\n09h00 &#8211; 1\u00aa Prega\u00e7\u00e3o \u2013 Pe. Edmilson Lopes<br \/>\n10h10 &#8211; Promo\u00e7\u00e3o de Palco<br \/>\n10h20 &#8211; Intervalo<br \/>\n10h50 &#8211; Anima\u00e7\u00e3o com Minist\u00e9rio de M\u00fasica CN<br \/>\n11h10 &#8211; Adora\u00e7\u00e3o ao Sant\u00edssimo &#8211; Thiago Tom\u00e9 e Pe. Edmilson Lopes<br \/>\n12h20 &#8211; Promo\u00e7\u00e3o de Palco<br \/>\n12h30 &#8211; Almo\u00e7o<br \/>\n13h40 &#8211; Anima\u00e7\u00e3o com Minist\u00e9rio de M\u00fasica CN<br \/>\n14h00 &#8211; 2\u00aa Prega\u00e7\u00e3o &#8211; Thiago Tom\u00e9<br \/>\n14h50 &#8211; Promo\u00e7\u00e3o de Palco<br \/>\n15h00 &#8211; Intervalo<br \/>\n15h30 &#8211; Santa Missa com Pe. Edmilson Lopes<\/p>\n<p><img loading=\"lazy\" decoding=\"async\" class=\"alignleft wp-image-13278\" src=\"http:\/\/blog.cancaonova.com\/brasilia\/files\/2019\/11\/kairos-pe-edmilson.jpeg\" alt=\"\" width=\"645\" height=\"645\" srcset=\"https:\/\/blog.cancaonova.com\/brasilia\/files\/2019\/11\/kairos-pe-edmilson.jpeg 1000w, https:\/\/blog.cancaonova.com\/brasilia\/files\/2019\/11\/kairos-pe-edmilson-290x290.jpeg 290w, https:\/\/blog.cancaonova.com\/brasilia\/files\/2019\/11\/kairos-pe-edmilson-300x300.jpeg 300w, https:\/\/blog.cancaonova.com\/brasilia\/files\/2019\/11\/kairos-pe-edmilson-768x768.jpeg 768w, https:\/\/blog.cancaonova.com\/brasilia\/files\/2019\/11\/kairos-pe-edmilson-144x144.jpeg 144w\" sizes=\"(max-width: 645px) 100vw, 645px\" \/><\/p>\n","protected":false},"excerpt":{"rendered":"<p>Kair\u00f3s &#8220;Clamando por Milagres&#8221; A Can\u00e7\u00e3o Nova Bras\u00edlia convida voc\u00ea para um dia de Ora\u00e7\u00e3o Clamando por Milagres, onde estaremos todos unidos em um grande movimento de ora\u00e7\u00e3o, com padre Edimilson Lopes e Thiago Tom\u00e9. Domingo dia 10 de novembro&#8230;<\/p>\n","protected":false},"author":1361,"featured_media":13279,"comment_status":"open","ping_status":"closed","sticky":false,"template":"","format":"standard","meta":{"_mi_skip_tracking":false,"_monsterinsights_sitenote_active":false,"_monsterinsights_sitenote_note":"","_monsterinsights_sitenote_category":0,"footnotes":""},"categories":[10341],"tags":[],"_links":{"self":[{"href":"https:\/\/blog.cancaonova.com\/brasilia\/wp-json\/wp\/v2\/posts\/13277"}],"collection":[{"href":"https:\/\/blog.cancaonova.com\/brasilia\/wp-json\/wp\/v2\/posts"}],"about":[{"href":"https:\/\/blog.cancaonova.com\/brasilia\/wp-json\/wp\/v2\/types\/post"}],"author":[{"embeddable":true,"href":"https:\/\/blog.cancaonova.com\/brasilia\/wp-json\/wp\/v2\/users\/1361"}],"replies":[{"embeddable":true,"href":"https:\/\/blog.cancaonova.com\/brasilia\/wp-json\/wp\/v2\/comments?post=13277"}],"version-history":[{"count":7,"href":"https:\/\/blog.cancaonova.com\/brasilia\/wp-json\/wp\/v2\/posts\/13277\/revisions"}],"predecessor-version":[{"id":13297,"href":"https:\/\/blog.cancaonova.com\/brasilia\/wp-json\/wp\/v2\/posts\/13277\/revisions\/13297"}],"wp:featuredmedia":[{"embeddable":true,"href":"https:\/\/blog.cancaonova.com\/brasilia\/wp-json\/wp\/v2\/media\/13279"}],"wp:attachment":[{"href":"https:\/\/blog.cancaonova.com\/brasilia\/wp-json\/wp\/v2\/media?parent=13277"}],"wp:term":[{"taxonomy":"category","embeddable":true,"href":"https:\/\/blog.cancaonova.com\/brasilia\/wp-json\/wp\/v2\/categories?post=13277"},{"taxonomy":"post_tag","embeddable":true,"href":"https:\/\/blog.cancaonova.com\/brasilia\/wp-json\/wp\/v2\/tags?post=13277"}],"curies":[{"name":"wp","href":"https:\/\/api.w.org\/{rel}","templated":true}]}}