{"id":13342,"date":"2020-01-07T11:15:40","date_gmt":"2020-01-07T14:15:40","guid":{"rendered":"http:\/\/blog.cancaonova.com\/brasilia\/?p=13342"},"modified":"2020-02-05T17:20:33","modified_gmt":"2020-02-05T20:20:33","slug":"missa-da-familia","status":"publish","type":"post","link":"https:\/\/blog.cancaonova.com\/brasilia\/missa-da-familia\/","title":{"rendered":"Missa da Fam\u00edlia"},"content":{"rendered":"<h1>Missa da Fam\u00edlia Can\u00e7\u00e3o Nova de Janeiro, em a\u00e7\u00e3o de gra\u00e7as pelo anivers\u00e1rio do Pe. Bruno Costa.&nbsp;<\/h1>\n<h1>S\u00e1bado 18 de Janeiro \u00e0s 20h na Par\u00f3quia Sagrado Mesc\u00eas &#8211; 615 Sul&nbsp;&nbsp;<\/h1>\n<p>&nbsp;<\/p>\n<p><img loading=\"lazy\" decoding=\"async\" class=\"wp-image-13343 size-medium alignleft\" src=\"http:\/\/blog.cancaonova.com\/brasilia\/files\/2020\/01\/JANEIRO-300x300.jpeg\" alt=\"\" width=\"300\" height=\"300\" srcset=\"https:\/\/blog.cancaonova.com\/brasilia\/files\/2020\/01\/JANEIRO-300x300.jpeg 300w, https:\/\/blog.cancaonova.com\/brasilia\/files\/2020\/01\/JANEIRO-290x290.jpeg 290w, https:\/\/blog.cancaonova.com\/brasilia\/files\/2020\/01\/JANEIRO-768x768.jpeg 768w, https:\/\/blog.cancaonova.com\/brasilia\/files\/2020\/01\/JANEIRO-144x144.jpeg 144w, https:\/\/blog.cancaonova.com\/brasilia\/files\/2020\/01\/JANEIRO.jpeg 1080w\" sizes=\"(max-width: 300px) 100vw, 300px\" \/><\/p>\n<p>&nbsp;<\/p>\n<p>&nbsp;<\/p>\n<p>&nbsp;<\/p>\n<p>&nbsp;<\/p>\n<p>&nbsp;<\/p>\n<p>&nbsp;<\/p>\n<p>&nbsp;<\/p>\n<p>&nbsp;<\/p>\n<p>&nbsp;<\/p>\n<p>localiza\u00e7\u00e3o da Par\u00f3quia <a href=\"https:\/\/goo.gl\/maps\/mr31Ty21rGVPJ41E9\" target=\"_blank\" rel=\"noopener\">clique aqui<\/a><\/p>\n<p>Grupo de WhatsApp com nossa agenda <a href=\"https:\/\/chat.whatsapp.com\/K0gYTKBdnNI0ZZaUSujAJP\" target=\"_blank\" rel=\"noopener\">clique aqui<\/a><\/p>\n","protected":false},"excerpt":{"rendered":"<p>Missa da Fam\u00edlia Can\u00e7\u00e3o Nova de Janeiro, em a\u00e7\u00e3o de gra\u00e7as pelo anivers\u00e1rio do Pe. Bruno Costa.&nbsp; S\u00e1bado 18 de Janeiro \u00e0s 20h na Par\u00f3quia Sagrado Mesc\u00eas &#8211; 615 Sul&nbsp;&nbsp; &nbsp; &nbsp; &nbsp; &nbsp; &nbsp; &nbsp; &nbsp; &nbsp; &nbsp; &nbsp;&#8230;<\/p>\n","protected":false},"author":1361,"featured_media":13346,"comment_status":"open","ping_status":"closed","sticky":false,"template":"","format":"standard","meta":{"_mi_skip_tracking":false,"_monsterinsights_sitenote_active":false,"_monsterinsights_sitenote_note":"","_monsterinsights_sitenote_category":0,"footnotes":""},"categories":[20896],"tags":[],"_links":{"self":[{"href":"https:\/\/blog.cancaonova.com\/brasilia\/wp-json\/wp\/v2\/posts\/13342"}],"collection":[{"href":"https:\/\/blog.cancaonova.com\/brasilia\/wp-json\/wp\/v2\/posts"}],"about":[{"href":"https:\/\/blog.cancaonova.com\/brasilia\/wp-json\/wp\/v2\/types\/post"}],"author":[{"embeddable":true,"href":"https:\/\/blog.cancaonova.com\/brasilia\/wp-json\/wp\/v2\/users\/1361"}],"replies":[{"embeddable":true,"href":"https:\/\/blog.cancaonova.com\/brasilia\/wp-json\/wp\/v2\/comments?post=13342"}],"version-history":[{"count":7,"href":"https:\/\/blog.cancaonova.com\/brasilia\/wp-json\/wp\/v2\/posts\/13342\/revisions"}],"predecessor-version":[{"id":13352,"href":"https:\/\/blog.cancaonova.com\/brasilia\/wp-json\/wp\/v2\/posts\/13342\/revisions\/13352"}],"wp:featuredmedia":[{"embeddable":true,"href":"https:\/\/blog.cancaonova.com\/brasilia\/wp-json\/wp\/v2\/media\/13346"}],"wp:attachment":[{"href":"https:\/\/blog.cancaonova.com\/brasilia\/wp-json\/wp\/v2\/media?parent=13342"}],"wp:term":[{"taxonomy":"category","embeddable":true,"href":"https:\/\/blog.cancaonova.com\/brasilia\/wp-json\/wp\/v2\/categories?post=13342"},{"taxonomy":"post_tag","embeddable":true,"href":"https:\/\/blog.cancaonova.com\/brasilia\/wp-json\/wp\/v2\/tags?post=13342"}],"curies":[{"name":"wp","href":"https:\/\/api.w.org\/{rel}","templated":true}]}}