{"id":13354,"date":"2020-02-05T17:13:36","date_gmt":"2020-02-05T20:13:36","guid":{"rendered":"http:\/\/blog.cancaonova.com\/brasilia\/?p=13354"},"modified":"2020-02-05T17:32:45","modified_gmt":"2020-02-05T20:32:45","slug":"vem-ai-campanha-de-oracao-quebra-das-muralhas","status":"publish","type":"post","link":"https:\/\/blog.cancaonova.com\/brasilia\/vem-ai-campanha-de-oracao-quebra-das-muralhas\/","title":{"rendered":"V\u00eam a\u00ed a Campanha de Ora\u00e7\u00e3o \"Quebra das Muralhas\""},"content":{"rendered":"<h2>A Can\u00e7\u00e3o Nova chega em 2020 com muitas novidades e uma delas. Missa da campanha de Ora\u00e7\u00e3o, quebra das muralhas com o Padre Bruno Costa.<\/h2>\n<h2>Ser\u00e3o Sete Missas onde suplicaremos a interven\u00e7\u00e3o de Deus sobre as nossas vidas e sobre as realidades das nossas fam\u00edlias.<\/h2>\n<p>E a primeira Missa j\u00e1 est\u00e1 marcada. Dia 14 de Fevereiro, \u00e0s 20h, na Par\u00f3quia Sagrado Merc\u00eas.&nbsp;<\/p>\n<p>&nbsp;<\/p>\n<p><img loading=\"lazy\" decoding=\"async\" class=\"aligncenter size-medium wp-image-13355\" src=\"http:\/\/blog.cancaonova.com\/brasilia\/files\/2020\/02\/FEVEREIRO-300x300.jpeg\" alt=\"\" width=\"300\" height=\"300\" srcset=\"https:\/\/blog.cancaonova.com\/brasilia\/files\/2020\/02\/FEVEREIRO-300x300.jpeg 300w, https:\/\/blog.cancaonova.com\/brasilia\/files\/2020\/02\/FEVEREIRO-290x290.jpeg 290w, https:\/\/blog.cancaonova.com\/brasilia\/files\/2020\/02\/FEVEREIRO-768x768.jpeg 768w, https:\/\/blog.cancaonova.com\/brasilia\/files\/2020\/02\/FEVEREIRO-144x144.jpeg 144w, https:\/\/blog.cancaonova.com\/brasilia\/files\/2020\/02\/FEVEREIRO.jpeg 1000w\" sizes=\"(max-width: 300px) 100vw, 300px\" \/><\/p>\n<p>&nbsp;<\/p>\n","protected":false},"excerpt":{"rendered":"<p>A Can\u00e7\u00e3o Nova chega em 2020 com muitas novidades e uma delas. Missa da campanha de Ora\u00e7\u00e3o, quebra das muralhas com o Padre Bruno Costa. Ser\u00e3o Sete Missas onde suplicaremos a interven\u00e7\u00e3o de Deus sobre as nossas vidas e sobre&#8230;<\/p>\n","protected":false},"author":1361,"featured_media":13366,"comment_status":"open","ping_status":"closed","sticky":false,"template":"","format":"standard","meta":{"_mi_skip_tracking":false,"_monsterinsights_sitenote_active":false,"_monsterinsights_sitenote_note":"","_monsterinsights_sitenote_category":0,"footnotes":""},"categories":[10341,19],"tags":[],"_links":{"self":[{"href":"https:\/\/blog.cancaonova.com\/brasilia\/wp-json\/wp\/v2\/posts\/13354"}],"collection":[{"href":"https:\/\/blog.cancaonova.com\/brasilia\/wp-json\/wp\/v2\/posts"}],"about":[{"href":"https:\/\/blog.cancaonova.com\/brasilia\/wp-json\/wp\/v2\/types\/post"}],"author":[{"embeddable":true,"href":"https:\/\/blog.cancaonova.com\/brasilia\/wp-json\/wp\/v2\/users\/1361"}],"replies":[{"embeddable":true,"href":"https:\/\/blog.cancaonova.com\/brasilia\/wp-json\/wp\/v2\/comments?post=13354"}],"version-history":[{"count":4,"href":"https:\/\/blog.cancaonova.com\/brasilia\/wp-json\/wp\/v2\/posts\/13354\/revisions"}],"predecessor-version":[{"id":13358,"href":"https:\/\/blog.cancaonova.com\/brasilia\/wp-json\/wp\/v2\/posts\/13354\/revisions\/13358"}],"wp:featuredmedia":[{"embeddable":true,"href":"https:\/\/blog.cancaonova.com\/brasilia\/wp-json\/wp\/v2\/media\/13366"}],"wp:attachment":[{"href":"https:\/\/blog.cancaonova.com\/brasilia\/wp-json\/wp\/v2\/media?parent=13354"}],"wp:term":[{"taxonomy":"category","embeddable":true,"href":"https:\/\/blog.cancaonova.com\/brasilia\/wp-json\/wp\/v2\/categories?post=13354"},{"taxonomy":"post_tag","embeddable":true,"href":"https:\/\/blog.cancaonova.com\/brasilia\/wp-json\/wp\/v2\/tags?post=13354"}],"curies":[{"name":"wp","href":"https:\/\/api.w.org\/{rel}","templated":true}]}}